{"id":1014,"date":"2014-06-23T11:37:19","date_gmt":"2014-06-23T09:37:19","guid":{"rendered":"http:\/\/www.sanseverinolucano.com\/?p=1014"},"modified":"2014-06-23T20:59:31","modified_gmt":"2014-06-23T18:59:31","slug":"il-senso-della-misura-in-tempi-di-non-facile-ripresa","status":"publish","type":"post","link":"http:\/\/www.sanseverinolucano.com\/?p=1014","title":{"rendered":"Il senso della misura in tempi di non facile ripresa"},"content":{"rendered":"<p><span style=\"color: #000000\">Dagli anni cinquanta in poi , quasi sino ad oggi, viviamo nella cosiddetta civilt\u00e0 dei consumi (pur limitati ora). Ci riferiamo alla floridezza ossia al benessere (pur contenuto) ad ogni livello, dopo secoli di profonda e generale miseria economica e marginalit\u00e0 sociale.<br \/>\nSociet\u00e0 dei consumi significa televisori ed elettrodomestici in ogni casa, l&#8217;automobile per lui e per lei, il motorino per i ragazzi, il guardaroba stravagante che dura solo una stagione, l&#8217;invasione degli oggetti di plastica che servono a mille usi e poi si gettano via, i detersivi e gli spray che evitano la fatica di lavare, di stirare, di lucidare&#8230; la nostra \u00e8 per eccellenza la societ\u00e0 affluente tecnotronica, dove la microelettronica \u00e8 regina. La societ\u00e0 delle meraviglie informatiche. La vita quotidiana professionale, familiare \u00e8 sempre maggiormente popolata di nuovi inquilini: efficienti e costosi aggeggi elettronici: il cellulare, il videotelefono, la televisione satellitare, il videoregistratore,<br \/>\nRitrovati di una tecnica agguerrita per rendere pi\u00f9 facile e comoda la vita in casa. Dietro tutto questo ci sono le ferree leggi di una economia che, per sopravvivere, deve produrre e fare assorbire dal mercato sempre nuovi beni di consumo, ma c&#8217;\u00e8 anche una societ\u00e0 che, sollecitata in questa direzione, ha perduto il tradizionale senso della misura e rifiuta la fatica e il sacrificio, per cercare unicamente il proprio benessere. Era fatale che, su questo terreno, l&#8217;egoismo individuale e collettivo trovasse la spinta a moltiplicare le sue richieste di soddisfazione dei bisogni materiali, molto al di l\u00e0 di quanto non sia veramente utile alla promozione umana e sociale, rinnovando cos\u00ec in veste nuova quello che \u00e8 un antico vizio dell&#8217;uomo: la lussuria.<br \/>\nMa oggi la maggior parte degli uomini e delle donne del nostro tempo continua a vivere una quotidiana precariet\u00e0, con conseguenze spesso drammatiche. E&#8217; enorme la quota degli italiani che si sente colpita personalmente dalla crisi economica (il 66%). Eppure, il 56% ritiene che la crisi possa avere in s\u00e9 anche un carattere positivo, \u00abprimo fra tutti\u00bb la possibilit\u00e0 che porti un cambiamento positivo nella societ\u00e0. Come se la crisi portasse una sorta di purificazione. Ormai, solo uno zoccolo duro del 25% degli italiani ritiene di non avere particolari preoccupazioni mentre un 22% la considera un fenomeno passeggero. La stragrande maggioranza degli italiani ha gi\u00e0 cambiato abitudini di vita con un&#8217;attenzione quasi spasmodica al risparmio e un diverso uso del tempo: per la famiglia si \u00e8 disponibili a fare pi\u00f9 sacrifici e pi\u00f9 lavori purch\u00e9 adotti uno stile di vita pi\u00f9 sobrio. E ricordiamo che prima del boom economico c&#8217;era ben poco da buttare nei cassonetti della spazzatura. Tutto si conservava e consumava.\u00a0 Non ci farebbe male rispolverare l&#8217;antica parola dell&#8217;ascetica cristiana: sobriet\u00e0, temperanza, parsimonia, misura in tutte le cose, equilibrio. E&#8217; necessario educare le giovani generazioni ai suddetti valori per soccorrere i poveri.<br \/>\nPapa Francesco ci chiama a \u00abuna stagione di rinnovamento\u00bb. L&#8217;attenzione del\u00a0 Pontefice agli ultimi e ai poveri parla di una Chiesa \u00abche sta diventando ancora di pi\u00f9 la voce della speranza degli oppressi in ogni angolo del mondo\u00bb. Il Papa: \u201cfinch\u00e8 non si risolveranno radicalmente i problemi dei poveri&#8230; non si risolveranno i problemi del mondo\u201d. &#8220;La politica, tanto denigrata&#8221; &#8211; afferma &#8211; &#8220;\u00e8 una delle forme pi\u00f9 preziose di carit\u00e0&#8221;. &#8220;Prego il Signore che ci regali pi\u00f9 politici che abbiano davvero a cuore&#8230; la vita dei poveri!&#8221;. Poi un monito: &#8220;Qualsiasi comunit\u00e0 all&#8217;interno della Chiesa&#8221; che si dimentica dei poveri corre &#8220;il rischio della dissoluzione&#8221;. Bergoglio invita ad avere cura dei pi\u00f9 deboli: &#8220;i senza tetto, i tossicodipendenti, i rifugiati, i popoli indigeni, gli anziani sempre pi\u00f9 soli e abbandonati, gli immigrati sempre pi\u00f9 numerosi&#8221;.<br \/>\nL&#8217;azione caritativa oggi pu\u00f2 e deve abbracciare assolutamente tutti gli uomini e tutte quante le necessit\u00e0. Dovunque c&#8217;\u00e8 chi manca di cibo e bevanda, di vestito, di casa, di medicine, di lavoro, di istruzione, dei mezzi necessari per condurre una vita veramente umana, chi \u00e8 afflitto da tribolazioni e da malferma salute, chi soffre l&#8217;esilio o il carcere, ivi la carit\u00e0 cristiana deve cercarli e trovarli, consolarli con premurosa cura e sollevarli porgendo aiuto materiale, spirituale e psicologico.<br \/>\nQuest&#8217;obbligo s&#8217;impone, prima che a ogni altro, ai singoli uomini e popoli che vivono nella prosperit\u00e0.<br \/>\nIn conclusione la Chiesa ha oggi un ruolo particolarmente importante nel far crescere fra gli uomini la coscienza della loro solidariet\u00e0, nell&#8217;educarli a un comportamento sobrio e responsabile, a reagire agli eccessi e agli sprechi della \u00absociet\u00e0 dei consumi\u00bb, sprechi ed eccessi le cui conseguenze morali, economiche, ecologiche, stanno ormai davanti agli occhi di tutti coloro che sono sufficientemente onesti per vedere.<\/p>\n<p><strong>Don Camillo Perrone<\/strong>, Parroco emerito di San Severino Lucano<\/span><\/p>\n<p><a href=\"http:\/\/www.sanseverinolucano.com\/wp-content\/uploads\/2014\/06\/artdoncamillo.jpg\"><img loading=\"lazy\" decoding=\"async\" class=\"alignnone size-full wp-image-1012\" src=\"http:\/\/www.sanseverinolucano.com\/wp-content\/uploads\/2014\/06\/artdoncamillo.jpg\" alt=\"artdoncamillo\" width=\"2185\" height=\"2660\" srcset=\"http:\/\/www.sanseverinolucano.com\/wp-content\/uploads\/2014\/06\/artdoncamillo.jpg 2185w, http:\/\/www.sanseverinolucano.com\/wp-content\/uploads\/2014\/06\/artdoncamillo-246x300.jpg 246w, http:\/\/www.sanseverinolucano.com\/wp-content\/uploads\/2014\/06\/artdoncamillo-841x1024.jpg 841w\" sizes=\"auto, (max-width: 2185px) 100vw, 2185px\" \/><\/a><\/p>\n","protected":false},"excerpt":{"rendered":"<p>Dagli anni cinquanta in poi , quasi sino ad oggi, viviamo nella cosiddetta civilt\u00e0 dei consumi (pur limitati ora). Ci riferiamo alla floridezza ossia al benessere (pur contenuto) ad ogni livello, dopo secoli di profonda e generale miseria economica e&hellip; <\/p>\n","protected":false},"author":3,"featured_media":0,"comment_status":"closed","ping_status":"open","sticky":false,"template":"","format":"standard","meta":{"footnotes":""},"categories":[4],"tags":[12],"class_list":["post-1014","post","type-post","status-publish","format-standard","hentry","category-cult","tag-don-camillo-perrone"],"_links":{"self":[{"href":"http:\/\/www.sanseverinolucano.com\/index.php?rest_route=\/wp\/v2\/posts\/1014","targetHints":{"allow":["GET"]}}],"collection":[{"href":"http:\/\/www.sanseverinolucano.com\/index.php?rest_route=\/wp\/v2\/posts"}],"about":[{"href":"http:\/\/www.sanseverinolucano.com\/index.php?rest_route=\/wp\/v2\/types\/post"}],"author":[{"embeddable":true,"href":"http:\/\/www.sanseverinolucano.com\/index.php?rest_route=\/wp\/v2\/users\/3"}],"replies":[{"embeddable":true,"href":"http:\/\/www.sanseverinolucano.com\/index.php?rest_route=%2Fwp%2Fv2%2Fcomments&post=1014"}],"version-history":[{"count":1,"href":"http:\/\/www.sanseverinolucano.com\/index.php?rest_route=\/wp\/v2\/posts\/1014\/revisions"}],"predecessor-version":[{"id":1015,"href":"http:\/\/www.sanseverinolucano.com\/index.php?rest_route=\/wp\/v2\/posts\/1014\/revisions\/1015"}],"wp:attachment":[{"href":"http:\/\/www.sanseverinolucano.com\/index.php?rest_route=%2Fwp%2Fv2%2Fmedia&parent=1014"}],"wp:term":[{"taxonomy":"category","embeddable":true,"href":"http:\/\/www.sanseverinolucano.com\/index.php?rest_route=%2Fwp%2Fv2%2Fcategories&post=1014"},{"taxonomy":"post_tag","embeddable":true,"href":"http:\/\/www.sanseverinolucano.com\/index.php?rest_route=%2Fwp%2Fv2%2Ftags&post=1014"}],"curies":[{"name":"wp","href":"https:\/\/api.w.org\/{rel}","templated":true}]}}