{"id":1263,"date":"2014-07-07T13:53:37","date_gmt":"2014-07-07T11:53:37","guid":{"rendered":"http:\/\/www.sanseverinolucano.com\/?p=1263"},"modified":"2014-07-09T21:24:03","modified_gmt":"2014-07-09T19:24:03","slug":"dal-sito-uscita-osservativa-sul-pollino-27062014-httpastronomiamatoriale-blogspot-it","status":"publish","type":"post","link":"http:\/\/www.sanseverinolucano.com\/?p=1263","title":{"rendered":"Uscita osservativa sul Pollino 27.06.2014"},"content":{"rendered":"<h3 class=\"Mpa\">Di : <span class=\"Ub gna\">Giulio Trono<\/span><\/h3>\n<h3 class=\"post-title entry-title\">Uscita osservativa sul Pollino<\/h3>\n<div class=\"post-header\"><\/div>\n<div class=\"separator\" style=\"clear: both; text-align: center;\"><\/div>\n<div class=\"separator\" style=\"clear: both; text-align: center;\"><a style=\"clear: left; float: left; margin-bottom: 1em; margin-right: 1em;\" href=\"http:\/\/3.bp.blogspot.com\/-BAfE8cwfBZI\/U7kzFPNne2I\/AAAAAAAAAjk\/m13C8x0BDGE\/s1600\/mappa+inquinamento+luminoso.gif\"><img loading=\"lazy\" decoding=\"async\" src=\"http:\/\/3.bp.blogspot.com\/-BAfE8cwfBZI\/U7kzFPNne2I\/AAAAAAAAAjk\/m13C8x0BDGE\/s1600\/mappa+inquinamento+luminoso.gif\" alt=\"\" width=\"200\" height=\"190\" border=\"0\" \/><\/a><\/div>\n<p><span style=\"font-family: Verdana, sans-serif;\">Lo scorso 27 giugno sono stato con il gruppo astrofili &#8220;GRANDE CARRO&#8221;, di cui faccio parte, a San Severino Lucano, nel Parco Nazionale del Pollino, in Basilicata, per osservare le meraviglie del cielo sellato come mai avevo fatto prima.\u00a0<\/span><br \/>\n<span style=\"font-family: Verdana, sans-serif;\">Perch\u00e9 proprio il Pollino? Semplice, perch\u00e9 \u00e8 uno tra i cieli pi\u00f9 puliti d&#8217;Italia, lontano dalle grandi citt\u00e0 e dall&#8217;inquinamento luminoso.\u00a0<\/span><br \/>\n<span style=\"font-family: Verdana, sans-serif;\">L&#8217;inquinamento luminoso \u00e8 il pi\u00f9 grande nemico degli astrofili, soprattutto per coloro che osservano gli oggetti deboli del deep sky (ammassi, nebulose, galassie, &#8230;) e sono davvero poche in Italia le &#8220;oasi&#8221; incontaminate dove poter apprezzare veramente queste meraviglie.<\/span><br \/>\n<span style=\"font-family: Verdana, sans-serif;\"><br \/>\n<\/span> <span style=\"font-family: Verdana, sans-serif;\">Con un programma osservativo con pi\u00f9 di 30 oggetti (alcuni dei quali osservabili soltanto da l\u00ec con la mia <a href=\"http:\/\/astronomiamatoriale.blogspot.it\/p\/strumentazione.html\">strumentazione<\/a>), giunti a San Severino, ci siamo diretti verso il luogo dell&#8217;osservazione, il campo sportivo del paese.<\/span><br \/>\n<span style=\"font-family: Verdana, sans-serif;\">Una volta andato via il chiarore del tramonto, ci siamo trovati circondati da una miriade di lucciole che parevano quasi far festa come preludio alle meraviglie che avremmo visto dopo&#8230; alziamo gli occhi al cielo. Uno spettacolo indescrivibile! Un ad una comparivano migliaia di stelle mai viste dai cieli del Salento, e poi&#8230; eccola! Anche la Via Lattea si mostra ai nostri occhi come una evidente &#8220;nuvola&#8221; biancastra che si estende\u00a0<\/span><span style=\"font-family: Verdana, sans-serif;\">dal Cigno al Sagittario (&#8220;sede&#8221; centro galattico)\u00a0<\/span><span style=\"font-family: Verdana, sans-serif;\">con le varie diramazioni del gas scuro che la attraversano!\u00a0<\/span><br \/>\n<span style=\"font-family: Verdana, sans-serif;\">Numerose sono state le bellissime visioni avute al telescopio, soprattutto di ammassi aperti e globulari (sorprendentemente definito M4, mai dimenticher\u00f2 M13 osservato dal Dobson di due amici!)<\/span> <span style=\"font-family: Verdana, sans-serif;\"><br \/>\n<\/span> <span style=\"font-family: Verdana, sans-serif;\">Giusto per dare un&#8217;idea della limpidezza del cielo lucano, elenco alcuni oggetti del cielo notturno visibili ad occhio nudo!<\/span><br \/>\n<span style=\"font-family: Verdana, sans-serif;\"><br \/>\n<\/span> <span style=\"font-family: Verdana, sans-serif;\">&#8211; Ammasso di Tolomeo (Scorpione) &#8211;<\/span><br \/>\n<span style=\"font-family: Verdana, sans-serif;\"><br \/>\n<\/span> <span style=\"font-family: Verdana, sans-serif;\">&#8211; Nube Stellare del Sagittario (Sagittario) &#8211;<\/span><br \/>\n<span style=\"font-family: Verdana, sans-serif;\"><br \/>\n<\/span> <span style=\"font-family: Verdana, sans-serif;\">&#8211; Galassia di Andromeda (Andromeda) &#8211; <\/span><br \/>\n<span style=\"font-family: Verdana, sans-serif;\"><br \/>\n<\/span> <span style=\"font-family: Verdana, sans-serif;\">&#8211; Doppio ammasso di Perseo (Perseo) &#8211; <\/span><\/p>\n<p><span style=\"font-family: Verdana, sans-serif;\">&#8211; Ammasso della Chioma (Chioma di Berenice) &#8211; <\/span><br \/>\n<span style=\"font-family: Verdana, sans-serif;\"><br \/>\n<\/span><\/p>\n<div class=\"separator\" style=\"clear: both; text-align: center;\"><a style=\"margin-left: 1em; margin-right: 1em;\" href=\"http:\/\/3.bp.blogspot.com\/-_cD2GZMtY5s\/U7kxsT8KmSI\/AAAAAAAAAjY\/S7RmDg7rhZA\/s1600\/Giulio.jpg\"><img loading=\"lazy\" decoding=\"async\" src=\"http:\/\/3.bp.blogspot.com\/-_cD2GZMtY5s\/U7kxsT8KmSI\/AAAAAAAAAjY\/S7RmDg7rhZA\/s1600\/Giulio.jpg\" alt=\"\" width=\"640\" height=\"441\" border=\"0\" \/><\/a><\/div>\n<div style=\"text-align: justify;\"><span style=\"font-family: Verdana, sans-serif;\">Questa la bellissima visione che abbiamo avuto per tutta la notte sopra le nostre teste! La ripresa \u00e8 stata effettuata con 45 secondi di esposizione dall&#8217;amico Angelo Perrone, \u00a0fotografo e astrofotografo\u00a0<\/span><span style=\"font-family: Verdana, sans-serif;\">della nostra associazione\u00a0<\/span><span style=\"font-family: Verdana, sans-serif;\">che ha accompagnato la nostra uscita con bellissime foto. (Si notano l&#8217;Ammasso di Tolomeo vicino al cercatore, l&#8217;Ammasso Stellare del Sagittario pi\u00f9 in alto e M4 a destra, vicino Antares).<\/span><\/div>\n<p><span style=\"font-family: Verdana, sans-serif;\"><br \/>\n<\/span> <span style=\"font-family: Verdana, sans-serif;\">Spesso non ci rendiamo conto di quanta bellezza ci possa riservare un cielo limpido distante\u00a0<\/span><span style=\"font-family: Verdana, sans-serif;\">dall&#8217;illuminazione pubblica\u00a0<\/span><span style=\"font-family: Verdana, sans-serif;\">dei centri abitati. Un&#8217;esperienza bellissima che penso diventer\u00e0 un appuntamento fisso della mia estate!<\/span><\/p>\n<p>Fonte: <a href=\"http:\/\/astronomiamatoriale.blogspot.it\/2014\/07\/uscita-osservativa-sul-pollino.html\" target=\"_blank\">http:\/\/astronomiamatoriale.blogspot.it\/2014\/07\/uscita-osservativa-sul-pollino.html<\/a><\/p>\n<p>&nbsp;<\/p>\n<p>&nbsp;<\/p>\n","protected":false},"excerpt":{"rendered":"<p>Di : Giulio Trono Uscita osservativa sul Pollino Lo scorso 27 giugno sono stato con il gruppo astrofili &#8220;GRANDE CARRO&#8221;, di cui faccio parte, a San Severino Lucano, nel Parco Nazionale del Pollino, in Basilicata, per osservare le meraviglie del&hellip; <\/p>\n","protected":false},"author":5,"featured_media":0,"comment_status":"open","ping_status":"open","sticky":false,"template":"","format":"standard","meta":{"footnotes":""},"categories":[9],"tags":[],"class_list":["post-1263","post","type-post","status-publish","format-standard","hentry","category-eve"],"_links":{"self":[{"href":"http:\/\/www.sanseverinolucano.com\/index.php?rest_route=\/wp\/v2\/posts\/1263","targetHints":{"allow":["GET"]}}],"collection":[{"href":"http:\/\/www.sanseverinolucano.com\/index.php?rest_route=\/wp\/v2\/posts"}],"about":[{"href":"http:\/\/www.sanseverinolucano.com\/index.php?rest_route=\/wp\/v2\/types\/post"}],"author":[{"embeddable":true,"href":"http:\/\/www.sanseverinolucano.com\/index.php?rest_route=\/wp\/v2\/users\/5"}],"replies":[{"embeddable":true,"href":"http:\/\/www.sanseverinolucano.com\/index.php?rest_route=%2Fwp%2Fv2%2Fcomments&post=1263"}],"version-history":[{"count":7,"href":"http:\/\/www.sanseverinolucano.com\/index.php?rest_route=\/wp\/v2\/posts\/1263\/revisions"}],"predecessor-version":[{"id":1290,"href":"http:\/\/www.sanseverinolucano.com\/index.php?rest_route=\/wp\/v2\/posts\/1263\/revisions\/1290"}],"wp:attachment":[{"href":"http:\/\/www.sanseverinolucano.com\/index.php?rest_route=%2Fwp%2Fv2%2Fmedia&parent=1263"}],"wp:term":[{"taxonomy":"category","embeddable":true,"href":"http:\/\/www.sanseverinolucano.com\/index.php?rest_route=%2Fwp%2Fv2%2Fcategories&post=1263"},{"taxonomy":"post_tag","embeddable":true,"href":"http:\/\/www.sanseverinolucano.com\/index.php?rest_route=%2Fwp%2Fv2%2Ftags&post=1263"}],"curies":[{"name":"wp","href":"https:\/\/api.w.org\/{rel}","templated":true}]}}