{"id":1354,"date":"2014-07-18T13:07:47","date_gmt":"2014-07-18T11:07:47","guid":{"rendered":"http:\/\/www.sanseverinolucano.com\/?p=1354"},"modified":"2014-07-26T15:03:30","modified_gmt":"2014-07-26T13:03:30","slug":"linvito-di-papa-francesco-non-restiamo-alla-finestra","status":"publish","type":"post","link":"http:\/\/www.sanseverinolucano.com\/?p=1354","title":{"rendered":"L&#8217;invito di Papa Francesco. Non restiamo alla finestra"},"content":{"rendered":"<p>[di <strong>don Camillo Perrone<\/strong>].<\/p>\n<p>Quasi un anno e mezzo di Pontificato trascorso nella bellezza e nella quotidianit\u00e0 di un Pastore vicino alla gente. Un uomo che ha imboccato la logica del servire, e non dell&#8217;essere servito. Un Papa che non sta rintanato, un callejero, abituato cio\u00e8 alle grandi vie di Buenos Aires. Un pastore che richiama a pensare, a parlare, a progettare non nell&#8217;ottica dell&#8217;io, ma del noi. Una persona saggia, che sa dare le risposte piu&#8217; semplici agli interrogativi piu&#8217; difficili. Un &#8220;profeta&#8221; che alza senza timore la sua voce per mettere in guardia il mondo dalla deriva demenziale verso il potere, la ricchezza ad ogni costo, la chiusura cieca, la &#8220;globalizzazione dell&#8217;indifferenza&#8221;. Un Papa che raccomanda: \u00abUsciamo, usciamo, preferisco una Chiesa accidentata, ferita e sporca, per essere uscita per le strade, piuttosto che una Chiesa malata per la chiusura e la comodit\u00e0 di aggrapparsi alle proprie sicurezze, preoccupala, di essere il centro e che finisce rinchiusa in un groviglio di ossessioni e procedimenti\u00bb. Francesco dice costantemente di andare nelle periferie, di non essere ancorati nella comodit\u00e0 del proprio mondo e andare incontro agli altri, ai piu&#8217; bisognosi. Allora urge passare \u00abda una Chies\u00e0 sedentaria ad una Chiesa missionaria, da una Chiesa clericale ad una Chiesa plenaria, da una Chiesa domenicale ad una Chiesa quotidiana\u00bb. Non si tratta di slogan vuoti, bens\u00ec di autentiche rivoluzioni metodologiche, le quali comportano una profonda, trasformazione del costume pastorale, poich\u00e8 esigono l&#8217;abbandono del carattere stanziale di questa Istituzione per l&#8217;assunzione di un carattere pellegrinante. Riforma, rinnovamento, rivoluzione: questa \u00e8 la titanica missione che Francesco propone di portare nella Chiesa e che gi\u00e0 nel suo primo anno di pontificato sta dando i primi e importanti frutti. Una Chiesa che, esperta di umanit\u00e0, cammina a fianco dell&#8217;uomo, si fa partecipe delle gioie e delle speranze, delle tristezze e delle angosce, che si incammina per accompagnare ogni uomo allo sviluppo integrale. Papa Francesco quindi ci interpella e richiede a tutti un unico stile: una dinamica di giustizia e di tenerezza, di contemplazione e di cammino verso gli altri. Chiedamoci, allora, quale modello di sviluppo e produzione e quale stile di vita vogliamo costruire nella nostra regione, nella nostra zona, per vincere insieme le sfide di questo momento di crisi uscendo definitivamente dalla richiesta (o protesta?) di assistenzialismo ed essere i nuovi meridionalisti che sanno valorizzare il buono delle loro realt\u00e0 a partire dalla saggezza che custodisce il tempo per le relazioni. Se diventiamo capaci di \u00absentire con i palpiti del cuore\u00bb potremo mettere in pratica opere di misericordia economica, (problemi di acqua e terra inquinate da petrolio, scorie radiottative, rifiuti tossici, di accoglienza di immigrati che cercano lavoro stagionale nelle campagne; di sostegno a chi ha perso o non trova lavoro&#8230;) o di misericordia culturale (orientare a scegliere la via della vita; restituire speranza a giovani, donne e anziane che rischiano di diventare scarti) verso il nostro popolo e la nostra terra. Bergoglio \u00e8 preoccupatissimo per la guerra nel MO: la delicata situazione internazionale sollecita a sottolineare con forza rinnovata l&#8217;urgenza della risoluzione del conflitto arabo-israeliano, che dura ormai da pi\u00f9 di sessant&#8217;anni, con un&#8217;alternanza di fasi piu&#8217; o meno acute. Il continuo ricorso ad atti terroristici o di guerra, che aggravano per tutti la situazione e incupiscono le prospettive, deve lasciare finalmente il posto ad un negoziato risolutore. La sua &#8211; di Papa Francesco &#8211; \u00e8 una straordinaria apertura al mondo e all&#8217;uomo, a chi crede e a chi non crede o crede di non credere. Avanti cos\u00ec, grande Francesco!<\/p>\n<p><strong>Don Camillo Perrone<\/strong>, parroco emerito di San Severino Lucano<\/p>\n<p><a href=\"http:\/\/www.sanseverinolucano.com\/wp-content\/uploads\/2014\/07\/articolodon.jpg\"><img loading=\"lazy\" decoding=\"async\" class=\"alignleft size-full wp-image-1357\" src=\"http:\/\/www.sanseverinolucano.com\/wp-content\/uploads\/2014\/07\/articolodon.jpg\" alt=\"articolodon\" width=\"1240\" height=\"1376\" srcset=\"http:\/\/www.sanseverinolucano.com\/wp-content\/uploads\/2014\/07\/articolodon.jpg 1240w, http:\/\/www.sanseverinolucano.com\/wp-content\/uploads\/2014\/07\/articolodon-270x300.jpg 270w, http:\/\/www.sanseverinolucano.com\/wp-content\/uploads\/2014\/07\/articolodon-922x1024.jpg 922w\" sizes=\"auto, (max-width: 1240px) 100vw, 1240px\" \/><\/a><\/p>\n","protected":false},"excerpt":{"rendered":"<p>[di don Camillo Perrone]. Quasi un anno e mezzo di Pontificato trascorso nella bellezza e nella quotidianit\u00e0 di un Pastore vicino alla gente. Un uomo che ha imboccato la logica del servire, e non dell&#8217;essere servito. Un Papa che non&hellip; <\/p>\n","protected":false},"author":3,"featured_media":0,"comment_status":"closed","ping_status":"open","sticky":false,"template":"","format":"standard","meta":{"footnotes":""},"categories":[4],"tags":[],"class_list":["post-1354","post","type-post","status-publish","format-standard","hentry","category-cult"],"_links":{"self":[{"href":"http:\/\/www.sanseverinolucano.com\/index.php?rest_route=\/wp\/v2\/posts\/1354","targetHints":{"allow":["GET"]}}],"collection":[{"href":"http:\/\/www.sanseverinolucano.com\/index.php?rest_route=\/wp\/v2\/posts"}],"about":[{"href":"http:\/\/www.sanseverinolucano.com\/index.php?rest_route=\/wp\/v2\/types\/post"}],"author":[{"embeddable":true,"href":"http:\/\/www.sanseverinolucano.com\/index.php?rest_route=\/wp\/v2\/users\/3"}],"replies":[{"embeddable":true,"href":"http:\/\/www.sanseverinolucano.com\/index.php?rest_route=%2Fwp%2Fv2%2Fcomments&post=1354"}],"version-history":[{"count":3,"href":"http:\/\/www.sanseverinolucano.com\/index.php?rest_route=\/wp\/v2\/posts\/1354\/revisions"}],"predecessor-version":[{"id":1358,"href":"http:\/\/www.sanseverinolucano.com\/index.php?rest_route=\/wp\/v2\/posts\/1354\/revisions\/1358"}],"wp:attachment":[{"href":"http:\/\/www.sanseverinolucano.com\/index.php?rest_route=%2Fwp%2Fv2%2Fmedia&parent=1354"}],"wp:term":[{"taxonomy":"category","embeddable":true,"href":"http:\/\/www.sanseverinolucano.com\/index.php?rest_route=%2Fwp%2Fv2%2Fcategories&post=1354"},{"taxonomy":"post_tag","embeddable":true,"href":"http:\/\/www.sanseverinolucano.com\/index.php?rest_route=%2Fwp%2Fv2%2Ftags&post=1354"}],"curies":[{"name":"wp","href":"https:\/\/api.w.org\/{rel}","templated":true}]}}