{"id":1385,"date":"2014-07-31T13:11:54","date_gmt":"2014-07-31T11:11:54","guid":{"rendered":"http:\/\/www.sanseverinolucano.com\/?p=1385"},"modified":"2014-08-02T12:30:47","modified_gmt":"2014-08-02T10:30:47","slug":"semestre-ue-chance-per-litalia","status":"publish","type":"post","link":"http:\/\/www.sanseverinolucano.com\/?p=1385","title":{"rendered":"Semestre UE: chance per l&#8217;Italia?"},"content":{"rendered":"<p>[di Don Camillo Perrone]<\/p>\n<p>Da un mese il nostro Paese guida l&#8217;Europa: \u00e8 il noto semestre UE italiano. Un&#8217;occasione per dettare la nostra agenda su temi importanti.<br \/>\nNegli anni &#8217;50, i Paesi nel cuore del Vecchio Continente, correvano verso il boom economico e si risollevavano dalle rovine della guerra dando vita al Trattato di Roma, progettavano un futuro di pace e di benessere. Oggi non si sono spenti i venti del populismo che scuotono l&#8217;albero dell&#8217;Unione. L&#8217;Europa dovr\u00e0 essere in grado di governare la globalizzazione. E di cambiare la sua politica economica.<br \/>\nI vari Governi nazionali dell&#8217;Unione hanno sopraffatto il ruolo della Commissione e degli altri organismi sovranazionali. Finendo cos\u00ec per dare le chiavi dell&#8217;Europa alla Germania\u00bb.<br \/>\nLa Germania ha sfruttato le divisioni per imporre una sua forza, che deriva dalle convinzioni politiche della Cancelliera e dei partiti del governo tedesco.<br \/>\nFrancia, Italia e Spagna, che avrebbero potuto contrastare questa linea &#8220;renana&#8221;, non hanno mai costruito una piattaforma politica comune. Ognuno \u00e8 andato per conto suo, non c&#8217;\u00e8 stata una proposta politica alternativa sufficientemente forte. La Germania \u00e8 l&#8217;unico Paese in cui non vi \u00e8 un partito populista di grosse dimensioni. Questo si deve al fatto che la Merkel, avendo assunto il ruolo di paladino della leadership tedesca, ha evitato il rischio di una reazione populista nazionalista all&#8217;interno della Germania.<br \/>\nE ora la presidenza italiana del semestre europeo \u00e8 una chance per il Paese? Diciamo che l&#8217;Italia ha l&#8217;opportunit\u00e0 di dettare l&#8217;agenda dei provvedimenti, e non \u00e8 poco. Pu\u00f2 fare molto per fare progressi in tema di infrastrutture digitali, nel settore dell&#8217;energia, soprattutto in quelle rinnovabili, e della ricerca. Naturalmente occorrer\u00e0 costruire una maggioranza intorno alle eventuali proposte del Governo italiano.<br \/>\nE bisogna cambiare verso alle politiche economiche e sociali. Non \u00e8 possibile che l&#8217;Europa stia in mezzo al guado senza andare n\u00e9 avanti n\u00e9 indietro. Abbiamo bisogno di politiche di sviluppo, come st\u00e0 facendo l&#8217;America di Obama. \u00abLa crisi europea che ha mietuto milioni di posti di lavoro\u00bb, \u00ab\u00e8 conseguenza di una politica economica sbagliata, basata sul rigore anzich\u00e9 sullo sviluppo. Se l&#8217;Europa non \u00e8 in grado di governare la globalizzazione, siamo finiti\u00bb.<br \/>\nL&#8217;assenza di una politica economica europea coraggiosa, sul modello statunitense, \u00e8 all&#8217;origine di una situazione ormai troppo grave per l&#8217;Italia, avendo accumulato il peso di tre anni di recessione su cinque, dal 2009 al 2013. Cinque anni di continuo declino degli investimenti, dell&#8217;occupazione, del reddito e dei consumi delle famiglie hanno prodotto ferite sociali sempre pi\u00f9 difficili da rimarginare. L&#8217;urgenza del problema del lavoro e della disoccupazione si intreccia cos\u00ec con la necessit\u00e0 di un grande passo in avanti della politica europea e l&#8217;esplicita individuazione di reciproche e simmetriche obbligazioni.<br \/>\nL&#8217;Europa, traendo luce ed impulso dalla sua storia religiosa e dalla sua civilt\u00e0 cristiana deve contribuire, con saggi ordinamenti e concorde collaborazione, al suo progresso spirituale, civile, politico e morale, nella unit\u00e0 e nella pace, rispettando la dignit\u00e0 di tutti gli uomini e la libert\u00e0 di ogni popolo, senza discriminazioni di razza, di nazione, di religione. Il futuro ha una vocazione planetaria ed \u00e8 in questa dimensione che devono essere impostati i problemi per lo svolgimento della pace e per la sopravvivenza.<br \/>\nPoi spazio europeo alla Basilicata, che precipita sempre pi\u00f9 nei bassifondi della povert\u00e0 pi\u00f9 nera e dello spopolamento.<br \/>\nGli europei, inoltre, sperano in un&#8217;integrazione politica ed economica e in politiche sociali comuni, chiedono minori discriminazioni e disuguaglianze.<br \/>\nGli abitanti del vecchio Continente tengono molto ai loro diritti di cittadini della Ue e oggi sono pi\u00f9 che mai consapevoli di averne, pertanto crediamo di affermare che c&#8217;era e c&#8217;\u00e8 la speranza di tutti che l&#8217;integrazione europea rimanga e si consolidi nel tempo a livello culturale e valoriale. Allora occorre educare in tal senso i giovani, gli studenti affinch\u00e8 essi siano convinti e trasmettano alle rispettive famiglie il concetto di unit\u00e0 europea; facciano conoscere appieno il significato di ci\u00f2 che comporta; facciano capire soprattutto che la costruzione dell&#8217;Europa comincia dall&#8217;anima, dall&#8217;unit\u00e0 culturale e di valori, prima di ogni organizzazione economica e politica.<br \/>\nNel Novecento due tristi utopie hanno mirato a costruire questa unit\u00e0, nella sopraffazione. La nazista, nel nome della razza; la sovietica, sulla base del principio leninista per cui &#8220;se si vuole fare la frittata bisogna rompere le uova&#8221;, spingendo alla guerra. La loro caduta non ha aperto la mente dei governanti a una interpretazione religiosa della vita e della politica. Adenauer, De Gasperi, Schuman pensavano alla costruzione dell&#8217;Europa cominciando dall&#8217;anima, dall&#8217;unit\u00e0 culturale e di valori, prima di ogni organizzazione economica e politica. Invece, \u00e8 andata come \u00e8 andata, e ci ritroviamo ai tristi passi odierni.<br \/>\n<strong>Don Camillo Perrone<\/strong>, Parroco emerito di San Severino Lucano<\/p>\n<p><a href=\"http:\/\/www.sanseverinolucano.com\/wp-content\/uploads\/2014\/07\/doncamillope.jpg\"><img loading=\"lazy\" decoding=\"async\" class=\"alignleft size-full wp-image-1400\" src=\"http:\/\/www.sanseverinolucano.com\/wp-content\/uploads\/2014\/07\/doncamillope.jpg\" alt=\"doncamillope\" width=\"800\" height=\"946\" srcset=\"http:\/\/www.sanseverinolucano.com\/wp-content\/uploads\/2014\/07\/doncamillope.jpg 800w, http:\/\/www.sanseverinolucano.com\/wp-content\/uploads\/2014\/07\/doncamillope-253x300.jpg 253w\" sizes=\"auto, (max-width: 800px) 100vw, 800px\" \/><\/a><\/p>\n","protected":false},"excerpt":{"rendered":"<p>[di Don Camillo Perrone] Da un mese il nostro Paese guida l&#8217;Europa: \u00e8 il noto semestre UE italiano. Un&#8217;occasione per dettare la nostra agenda su temi importanti. Negli anni &#8217;50, i Paesi nel cuore del Vecchio Continente, correvano verso il&hellip; <\/p>\n","protected":false},"author":3,"featured_media":0,"comment_status":"closed","ping_status":"open","sticky":false,"template":"","format":"standard","meta":{"footnotes":""},"categories":[4],"tags":[],"class_list":["post-1385","post","type-post","status-publish","format-standard","hentry","category-cult"],"_links":{"self":[{"href":"http:\/\/www.sanseverinolucano.com\/index.php?rest_route=\/wp\/v2\/posts\/1385","targetHints":{"allow":["GET"]}}],"collection":[{"href":"http:\/\/www.sanseverinolucano.com\/index.php?rest_route=\/wp\/v2\/posts"}],"about":[{"href":"http:\/\/www.sanseverinolucano.com\/index.php?rest_route=\/wp\/v2\/types\/post"}],"author":[{"embeddable":true,"href":"http:\/\/www.sanseverinolucano.com\/index.php?rest_route=\/wp\/v2\/users\/3"}],"replies":[{"embeddable":true,"href":"http:\/\/www.sanseverinolucano.com\/index.php?rest_route=%2Fwp%2Fv2%2Fcomments&post=1385"}],"version-history":[{"count":3,"href":"http:\/\/www.sanseverinolucano.com\/index.php?rest_route=\/wp\/v2\/posts\/1385\/revisions"}],"predecessor-version":[{"id":1402,"href":"http:\/\/www.sanseverinolucano.com\/index.php?rest_route=\/wp\/v2\/posts\/1385\/revisions\/1402"}],"wp:attachment":[{"href":"http:\/\/www.sanseverinolucano.com\/index.php?rest_route=%2Fwp%2Fv2%2Fmedia&parent=1385"}],"wp:term":[{"taxonomy":"category","embeddable":true,"href":"http:\/\/www.sanseverinolucano.com\/index.php?rest_route=%2Fwp%2Fv2%2Fcategories&post=1385"},{"taxonomy":"post_tag","embeddable":true,"href":"http:\/\/www.sanseverinolucano.com\/index.php?rest_route=%2Fwp%2Fv2%2Ftags&post=1385"}],"curies":[{"name":"wp","href":"https:\/\/api.w.org\/{rel}","templated":true}]}}