{"id":1537,"date":"2014-08-31T17:49:10","date_gmt":"2014-08-31T15:49:10","guid":{"rendered":"http:\/\/www.sanseverinolucano.com\/?p=1537"},"modified":"2014-08-31T17:49:10","modified_gmt":"2014-08-31T15:49:10","slug":"a-proposito-di-ambiente-caro-vecchio-cantoniere-di-vincenzo-ciminelli","status":"publish","type":"post","link":"http:\/\/www.sanseverinolucano.com\/?p=1537","title":{"rendered":"A proposito di ambiente: caro vecchio cantoniere (di Vincenzo Ciminelli)"},"content":{"rendered":"<p style=\"margin-bottom: 0cm\">[di Vincenzo Ciminelli, pubblicato su &#8220;La Grande Lucania&#8221; n. 8\/2014]<\/p>\n<p style=\"margin-bottom: 0cm\">Vorrei, in questo numero del giornale di questa estate agostana, fermare l&#8217;attenzione su un problema che sembrerebbe piccolo se confrontato con altri di ben maggiore portata e mi riferisco all&#8217;ambiente, in particolare a tutto il territorio del Parco del Pollino e ai problemi viabilit\u00e0 e manutenzione delle strade che sempre pi\u00f9 spesso stanno diventando dei &#8220;tratturi&#8221;, cio\u00e8 dei sentieri selvaggi senza nessuna protezione, abbandonate e lasciate nella peggiore incuria da parte degli uomini o, quel che \u00e8 peggio, di coloro che a tal uopo dovrebbero provvedervi per renderle almeno pi\u00f9 vivibili e utili per gli utenti. Abbiamo tutti constatato, in questa estate, che il territorio nazionale, soprattutto al Nord, \u00e8 stato flagellato, messo in ginocchio dagli eventi atmosferici che, oltre ai danni all&#8217;agricoltura, hanno fatto registrare anche molte vittime. Ogni giorno si parla di disastri nei territori montani, in quelli marini e nell&#8217;agricoltura. Ci domandiamo: c&#8217;entra l&#8217;uomo in tutto ci\u00f2? Vi sono delle colpe? Chi si dovrebbe preoccupare di porvi rimedio? Nel nostro Parco Nazionale del Pollino non si pu\u00f2 tacere sullo stato delle strade, la SP4 e non solo, dove l&#8217;incuria e l&#8217;abbandono la fanno da padroni. Tutti dovrebbero ricordare la frana che, per oltre sei mesi, ha costretto gli utenti a far uso del percorso alternativo per le frazioni Falascoso e Cornale. E che dire dei disagi e delle difficolt\u00e0 per i camion e per i pullman nell&#8217;affrontare le curve e anche i tratti pianeggianti sconnessi, con buche e dossi? Chi dovrebbe provvedere? Le province non esistono pi\u00f9, ma prima facevano qualcosa? Chi si preoccupa oggi di questo stato di cose? Si vedono spesso squadre di uomini e donne con mezzi idonei e moderni al lavoro sulle strade provinciali, ma risolvono il problema? Mi viene spontaneo fare un paragone con le strade del Parco Nazionale d&#8217;Abruzzo, che \u00e8 quello pi\u00f9 vicino a noi e a noi simile per caratteristiche antropiche e floro-faunistiche. Le strade, pur tortuose, di montagna, con torrenti e fiumi che le lambiscono, si presentano in ottimo stato, pulite, ordinate e con con manutenzione ai lati che rende un vero piacere percorrerle. E allora? Non era meglio la condizione di una volta, quel passato non molto lontano che ci ricorda la cara vecchia figura del Cantoniere cui veniva affidato un cantone, quattro\/cinque Km di strada provinciale, e con semplici attrezzi del mestiere (pala, piccone, rastrello e scopa) manteneva le strade ordinate e pulite, falciava le erbacce laterali, gli sterpi, le siepi, i rovi (rivital) buoni per le more ma che ora hanno invaso le carreggiate. Poich\u00e9 la sede del Parco \u00e8 a Rotonda e molti sono i preposti all&#8217;ambiente (politici, impiegati ed anche le comunit\u00e0 montane che, pur finite politicamente, hanno delle rappresentanze) ci si chiede se queste persone che transitano su queste strade si siano rese conto dello stato pessimo delle stesse e se abbiano fatto delle dovute riflessioni sul problema da risolvere. Quest&#8217;anno non si sono ancora visti uomini e mezzi che falcino e puliscano ai lati delle strade e ormai \u00e8 passato anche Ferragosto. E quando ci si lamenta di incidenti, dell&#8217;acqua che a torrenti scola sul manto stradale e non va nelle cunette che ormai non esistono pi\u00f9 e si creano montagne di foglie secche che gli pseudo-cantonieri gettano al di sopra dei parapetti, non pensando al fatto che cadranno di nuovo nelle cunette, non resta che pensare con nostalgia al caro vecchio cantoniere. Qualcuno potrebbe osservare che da tanti anni c&#8217;\u00e8 la crisi, che bisogna pensare ad altro, che i tempi attuali non sono pi\u00f9 quelli di una volta, ma non vi sembra che l&#8217;opera del vecchio cantoniere sia stata meritoria e degna di lode, poich\u00e9 anche l&#8217;automobilista scambiava qualche parola con lui e gli chiedeva consigli? Ma tant&#8217;\u00e8 e forse resta una cosa di positivo: per la raccolta delle more, un frutto che piace molto anche ai turisti, non c&#8217;\u00e8 bisogno di scendere dalla macchina e di inoltrarsi nei boschi, basta allungare il braccio e raccogliere dal finestrino i frutti, i cosiddetti &#8220;cievuzi spini&#8221;dai &#8220;rivital&#8221;.<\/p>\n<p style=\"margin-bottom: 0cm\"><strong>Vincenzo Ciminelli<\/strong><\/p>\n","protected":false},"excerpt":{"rendered":"<p>[di Vincenzo Ciminelli, pubblicato su &#8220;La Grande Lucania&#8221; n. 8\/2014] Vorrei, in questo numero del giornale di questa estate agostana, fermare l&#8217;attenzione su un problema che sembrerebbe piccolo se confrontato con altri di ben maggiore portata e mi riferisco all&#8217;ambiente,&hellip; <\/p>\n","protected":false},"author":5,"featured_media":0,"comment_status":"open","ping_status":"open","sticky":false,"template":"","format":"standard","meta":{"footnotes":""},"categories":[6,4],"tags":[],"class_list":["post-1537","post","type-post","status-publish","format-standard","hentry","category-amb","category-cult"],"_links":{"self":[{"href":"http:\/\/www.sanseverinolucano.com\/index.php?rest_route=\/wp\/v2\/posts\/1537","targetHints":{"allow":["GET"]}}],"collection":[{"href":"http:\/\/www.sanseverinolucano.com\/index.php?rest_route=\/wp\/v2\/posts"}],"about":[{"href":"http:\/\/www.sanseverinolucano.com\/index.php?rest_route=\/wp\/v2\/types\/post"}],"author":[{"embeddable":true,"href":"http:\/\/www.sanseverinolucano.com\/index.php?rest_route=\/wp\/v2\/users\/5"}],"replies":[{"embeddable":true,"href":"http:\/\/www.sanseverinolucano.com\/index.php?rest_route=%2Fwp%2Fv2%2Fcomments&post=1537"}],"version-history":[{"count":1,"href":"http:\/\/www.sanseverinolucano.com\/index.php?rest_route=\/wp\/v2\/posts\/1537\/revisions"}],"predecessor-version":[{"id":1539,"href":"http:\/\/www.sanseverinolucano.com\/index.php?rest_route=\/wp\/v2\/posts\/1537\/revisions\/1539"}],"wp:attachment":[{"href":"http:\/\/www.sanseverinolucano.com\/index.php?rest_route=%2Fwp%2Fv2%2Fmedia&parent=1537"}],"wp:term":[{"taxonomy":"category","embeddable":true,"href":"http:\/\/www.sanseverinolucano.com\/index.php?rest_route=%2Fwp%2Fv2%2Fcategories&post=1537"},{"taxonomy":"post_tag","embeddable":true,"href":"http:\/\/www.sanseverinolucano.com\/index.php?rest_route=%2Fwp%2Fv2%2Ftags&post=1537"}],"curies":[{"name":"wp","href":"https:\/\/api.w.org\/{rel}","templated":true}]}}