{"id":155,"date":"2014-04-12T14:03:04","date_gmt":"2014-04-12T12:03:04","guid":{"rendered":"http:\/\/www.sanseverinolucano.com\/?p=155"},"modified":"2014-06-15T14:03:24","modified_gmt":"2014-06-15T12:03:24","slug":"la-storia-una-riserva-di-idee-valori-che-si-scoprono","status":"publish","type":"post","link":"http:\/\/www.sanseverinolucano.com\/?p=155","title":{"rendered":"La storia, una riserva di idee: valori che si scoprono"},"content":{"rendered":"<p><span style=\"color: #000000\">La storia \u00e8 una grande riserva di idee e di progetti. Chi la conosce, o almeno cerca di conoscerla, viene a sapere tante cose e finisce con l&#8217;apprezzare fatti e uomini del passato. E, se anche non pu\u00f2 imitarli come sono stati, pu\u00f2 utilizzare almeno in parte la loro esperienza. <\/span><br \/>\n<span style=\"color: #000000\">\u00c8 un grave errore disprezzare la storia e quindi ignorarla. C&#8217;\u00e8 chi crede che bisogna incominciare sempre da capo come se il passato non contasse nulla. <\/span><br \/>\n<span style=\"color: #000000\">Invece la storia va studiata. Non per ripeterla cos\u00ec come si \u00e8 svolta, ma per analizzarla con occhio critico, capace di discernere quello che vale da quello che non vale. <\/span><br \/>\n<span style=\"color: #000000\">Anzi, per chi la sa vedere con occhio pi\u00f9 profondo, lontano da certe interpretazioni superficiali o di comodo, essa rivela un piano provvidenziale che, al momento in cui si svolgevano gli avvenimenti, non appariva evidente e invece con il passare degli anni, ha acquistato il suo vero volto. <\/span><br \/>\n<span style=\"color: #000000\">Si riesce cos\u00ec a vedere che anche le prove dolorose dell&#8217;umanit\u00e0 possono servire a comprendere quali siano i veri valori della vita. <\/span><br \/>\n<span style=\"color: #000000\">Chi legge cos\u00ec la storia, si accorge che non \u00e8 la ricerca di un risultato immediato, a portata di mano, il vero bene dell&#8217;uomo: ma \u00e8 piuttosto l&#8217;insistere su certi valori, che a distanza finisce per dimostrarsi utile e valido. Ci vuole una seria capacit\u00e0 di sintesi per cogliere i valori che sono alla base degli avvenimenti umani, e si richiede un atteggiamento obiettivo per valutarli seriamente. <\/span><br \/>\n<span style=\"color: #000000\">Non \u00e8 sempre quella maestra di vita che dovrebbe essere; per\u00f2 \u00e8 certamente servita ad evitarci almeno alcuni degli errori commessi in precedenza. <\/span><br \/>\n<span style=\"color: #000000\">La storia \u00e8 dunque un valore che aiuta a scorgere le fonti di quella civilt\u00e0 che noi oggi viviamo e per trovare il modo di progredire e di non tornare indietro. Volere incominciare tutto da capo \u00e8 davvero una stoltezza, come quella di chi distrugge la sua casa con l&#8217;intenzione di farne un&#8217;altra, senza disporre delle pietre che servono a costruirla. <\/span><br \/>\n<span style=\"color: #000000\">La storia ci pu\u00f2 fornire appunto le pietre per la costruzione futura. Ci sono alcune pietre che erano soltanto marginali, legate al tempo, e non servono: ma ce ne sono molte che non si possono mettere da parte. La storia vera \u00e8 quella che ha creato la civilt\u00e0 umana ed \u00e8 talmente legata all&#8217;umanit\u00e0 da non poter essere ignorata. Costruire su di essa \u00e8 fare un edificio valido, ossia fondato su valori autentici, destinati a durare. <\/span><br \/>\n<span style=\"color: #000000\">Particolarmente nei momenti bui della storia e dell&#8217;esistenza, quando per la cattiveria umana tutto sembra crollare, bisogna meditare il Vangelo e continuare ad amare, continuare a sperare, continuare a perdonare, continuare a credere nel valore dell&#8217;uomo. <\/span><br \/>\n<span style=\"color: #000000\">Un quinquennio atroce \u00e8 da definirsi il II\u00b0 conflitto mondiale con una disfatta davvero pesantissima per il bel Paese (1940-1945).<\/span><br \/>\n<span style=\"color: #000000\">27 Gennaio: giornata della memoria. 10 Febbraio: giornata del ricordo, ma \u00e8 tutta la vita una grande giornata della memoria. Possiamo mai dimenticare un &#8220;passato storico&#8221; cos\u00ec forte, cos\u00ec terribile, cos\u00ec grave? La storia, quella storia \u00e8 pi\u00f9 viva che mai e certo ci riporta a pensieri e a riflessioni profonde: dove erano tutti i grandi della terra che hanno assistito, forse indifferenti, forse impotenti, forse incapaci alla strage di esseri umani innocenti e indifesi? In quei modi poi cos\u00ec cruenti e cos\u00ec cattivi? <\/span><br \/>\n<span style=\"color: #000000\">Non possiamo permetterci di ignorare che la guerra \u00e8 una reale, incredibile nefandezza, sempre, anche quando si ammanta di santo patriottismo. <\/span><br \/>\n<span style=\"color: #000000\">E&#8217; soltanto la negazione dell&#8217;animo umano, la negazione della vita, la negazione dell&#8217;uomo. E la storia \u00e8 costellata di guerre ieri come oggi e chiss\u00e0 anche domani. Certo la storia bisogna conoscerla, bisogna studiarla, comprenderla e soprattutto viverla. Ora noi stiamo vivendo la nostra storia, quella cosiddetta contemporanea e che domani far\u00e0 parte del passato e non possiamo pensare che siano gli altri a scriverla; siamo tutti noi nel nostro piccolo, banale quotidiano i protagonisti di questo momento storico e proprio nella memoria del passato dobbiamo dare un senso al nostro tempo che certamente \u00e8 difficile, ma con germi di speranza. Tutto ci\u00f2 per ricordare, per non dimenticare.<\/span><br \/>\n<span style=\"color: #000000\">La storia dell&#8217;umanit\u00e0 non sarebbe quel libro grondante lacrime e sangue, se nel cuore degli uomini ardesse la fiamma della carit\u00e0 nel reciproco aiuto. L&#8217;odio \u00e8 il sommo male. <\/span><br \/>\n<span style=\"color: #000000\">Tra i foschi bagliori delle persecuzioni cruente e incruente, i martiri lottarono trionfalmente per difendere i sacrosanti diritti della persona umana, tuttora conculcati l\u00e0 dove la Chiesa non \u00e8 n\u00e9 libera, n\u00e9 ascoltata, e dove al Vangelo si nega il diritto di cittadinanza. <\/span><br \/>\n<span style=\"color: #000000\">La Chiesa non domina, ma serve; anela a contribuire al bene reale, positivo, totale dell&#8217;umanit\u00e0. <\/span><br \/>\n<span style=\"color: #000000\">E nei tempi recenti, contro la guerra, che \u00e8 la grande nemica di tutti, ma specialmente delle classi umili, con fermezza e coraggio, furono i Papi ad alzare la voce, condannandola perch\u00e9 \u00ab inutile strage \u00bb. <\/span><br \/>\n<span style=\"color: #000000\">E&#8217; sorta poi la Costituzione repubblicana del 1948 che \u00e8 la proiezione istituzionale di quella lotta di liberazione che ha costituito il secondo Risorgimento dell&#8217;Italia moderna dopo la tragedia della dittatura e dell&#8217;occupazione nazista. La Costituzione repubblicana si ricollega idealmente alla sovranit\u00e0 popolare sempre rivendicata dalle minoranze di democrazia risorgimentale nella battaglia per l&#8217;unit\u00e0 d&#8217;Italia dove insieme ai diritti civili e politici sono riconosciuti e garantiti i diritti sociali. Premessa di una democrazia ormai di massa. <\/span><br \/>\n<span style=\"color: #000000\">La collaborazione allo sviluppo di tutto l&#8217;uomo e di ogni uomo, infatti, \u00e8 un dovere di tutti verso tutti (Giov. Paolo II). Quando l&#8217;interdipendenza viene cos\u00ec riconosciuta, la correlativa risposta come virt\u00f9, come atteggiamento morale e sociale \u00e8 la solidariet\u00e0. Allora dobbiamo rientrare in un&#8217;ottica della vita come bene relazionale. <\/span><br \/>\n<span style=\"color: #000000\">La solidariet\u00e0 in un mondo sempre pi\u00f9 lanciato verso uno sfrenato soggettivismo non \u00e8 un optional ma la scelta di una strategia educativa preventiva e salvifica. Perch\u00e9 oggi tutti siamo veramente responsabili di tutti. <\/span><br \/>\n<span style=\"color: #000000\">I valori su cui si fonda la societ\u00e0 italiana\u00a0 sono scritti nella Costituzione democratica del 1948, la quale rappresenta lo spartiacque nei confronti del totalitarismo e dell&#8217;antisemitismo che ha avvelenato l&#8217;Europa del XX secolo e perseguitato il popolo ebraico e la sua cultura. <\/span><br \/>\n<span style=\"color: #000000\">In conclusione: errori ed orrori, guerre, devastazioni, camarille di corte, affermarsi e tramontare di imperi, ecco ci\u00f2 che costituisce la storia guardata dal punto di vista superficiale. Ma non \u00e8 tutto e solo male nella storia. E anche il male ha la sua funzione e spiegazione in una visione cattolica del mondo e quindi insegnamenti da impartire all&#8217;attento osservatore della realt\u00e0.<\/span><\/p>\n<p><span style=\"color: #000000\"><strong>Don Camillo Perrone<\/strong>, Parroco emerito di San Severino Lucano<\/span><\/p>\n","protected":false},"excerpt":{"rendered":"<p>La storia \u00e8 una grande riserva di idee e di progetti. Chi la conosce, o almeno cerca di conoscerla, viene a sapere tante cose e finisce con l&#8217;apprezzare fatti e uomini del passato. E, se anche non pu\u00f2 imitarli come&hellip; <\/p>\n","protected":false},"author":3,"featured_media":0,"comment_status":"closed","ping_status":"open","sticky":false,"template":"","format":"standard","meta":{"footnotes":""},"categories":[4],"tags":[],"class_list":["post-155","post","type-post","status-publish","format-standard","hentry","category-cult"],"_links":{"self":[{"href":"http:\/\/www.sanseverinolucano.com\/index.php?rest_route=\/wp\/v2\/posts\/155","targetHints":{"allow":["GET"]}}],"collection":[{"href":"http:\/\/www.sanseverinolucano.com\/index.php?rest_route=\/wp\/v2\/posts"}],"about":[{"href":"http:\/\/www.sanseverinolucano.com\/index.php?rest_route=\/wp\/v2\/types\/post"}],"author":[{"embeddable":true,"href":"http:\/\/www.sanseverinolucano.com\/index.php?rest_route=\/wp\/v2\/users\/3"}],"replies":[{"embeddable":true,"href":"http:\/\/www.sanseverinolucano.com\/index.php?rest_route=%2Fwp%2Fv2%2Fcomments&post=155"}],"version-history":[{"count":1,"href":"http:\/\/www.sanseverinolucano.com\/index.php?rest_route=\/wp\/v2\/posts\/155\/revisions"}],"predecessor-version":[{"id":156,"href":"http:\/\/www.sanseverinolucano.com\/index.php?rest_route=\/wp\/v2\/posts\/155\/revisions\/156"}],"wp:attachment":[{"href":"http:\/\/www.sanseverinolucano.com\/index.php?rest_route=%2Fwp%2Fv2%2Fmedia&parent=155"}],"wp:term":[{"taxonomy":"category","embeddable":true,"href":"http:\/\/www.sanseverinolucano.com\/index.php?rest_route=%2Fwp%2Fv2%2Fcategories&post=155"},{"taxonomy":"post_tag","embeddable":true,"href":"http:\/\/www.sanseverinolucano.com\/index.php?rest_route=%2Fwp%2Fv2%2Ftags&post=155"}],"curies":[{"name":"wp","href":"https:\/\/api.w.org\/{rel}","templated":true}]}}