{"id":1552,"date":"2014-09-06T22:02:13","date_gmt":"2014-09-06T20:02:13","guid":{"rendered":"http:\/\/www.sanseverinolucano.com\/?p=1552"},"modified":"2014-09-06T22:02:13","modified_gmt":"2014-09-06T20:02:13","slug":"le-5-cime-del-pollino-di-corsa","status":"publish","type":"post","link":"http:\/\/www.sanseverinolucano.com\/?p=1552","title":{"rendered":"Le 5 cime del Pollino&#8230; di corsa!"},"content":{"rendered":"<p><span style=\"font-size: 10pt; font-family: Verdana, Arial, Helvetica, sans-serif;\"><strong>Leonardo Viceconte<\/strong>, di San Severino Lucano, Guida Ufficiale del Parco Nazionale del Pollino, volontario del Soccorso Alpino Basilicata, ma soprattutto grande sportivo, tanto che da anni \u00e8 iscritto alla associazione di atletica CorrerePollino, ha annunciato che attraverser\u00e0 correndo le vette del massiccio del Pollino.<br \/>\nAppassionato di corsa di montagna, ha deciso di attraversare il cuore del Parco nel pi\u00f9 breve tempo possibile ,raggiungendo le cime pi\u00f9 alte correndo e seguendo i classici percorsi fatti durante le escursioni. Lo start, clima permettendo, sar\u00e0 l\u20198 settembre alle ore 8.30.<\/p>\n<p>Percorso:<br \/>\nPartenza da Colle dell\u2019Impiso<br \/>\nPrima vetta Serra del Prete \u2013 Colle Gaudolino<br \/>\nSeconda vetta Monte Pollino &#8211; Sella Docedorme<br \/>\nTerza vetta Serra Dolcedorme &#8211; Passo delle Ciavole<br \/>\nQuarta vetta Serra delle Ciavole \u2013Grande Porta del Pollino<br \/>\nQuinta vetta Serra di Crispo- rientro da Piano Iannace, Vacquarro , Colle dell\u2019Impiso.<\/p>\n<p>Dislivello circa 2.000 m.<br \/>\nKm. Circa 23<br \/>\nTempo massimo da impiegare 5 ore<\/p>\n<p>Il controllo sar\u00e0 seguito da persone muniti di binocolo ed una radio restando in stretto collegamento. Timpone di Mezzo \u00e8 il punto di osservazione ben visibile da tutte le vette elencate. <\/span><\/p>\n<p>[Fonte <a href=\"http:\/\/www.lasiritide.it\">lasiritide.it<\/a>]<\/p>\n<p><a href=\"http:\/\/www.sanseverinolucano.com\/wp-content\/uploads\/2014\/09\/le5cime.jpg\"><img loading=\"lazy\" decoding=\"async\" class=\"alignleft size-full wp-image-1553\" src=\"http:\/\/www.sanseverinolucano.com\/wp-content\/uploads\/2014\/09\/le5cime.jpg\" alt=\"le5cime\" width=\"530\" height=\"900\" srcset=\"http:\/\/www.sanseverinolucano.com\/wp-content\/uploads\/2014\/09\/le5cime.jpg 530w, http:\/\/www.sanseverinolucano.com\/wp-content\/uploads\/2014\/09\/le5cime-176x300.jpg 176w\" sizes=\"auto, (max-width: 530px) 100vw, 530px\" \/><\/a><\/p>\n","protected":false},"excerpt":{"rendered":"<p>Leonardo Viceconte, di San Severino Lucano, Guida Ufficiale del Parco Nazionale del Pollino, volontario del Soccorso Alpino Basilicata, ma soprattutto grande sportivo, tanto che da anni \u00e8 iscritto alla associazione di atletica CorrerePollino, ha annunciato che attraverser\u00e0 correndo le vette&hellip; <\/p>\n","protected":false},"author":2,"featured_media":0,"comment_status":"open","ping_status":"open","sticky":false,"template":"","format":"standard","meta":{"footnotes":""},"categories":[7],"tags":[],"class_list":["post-1552","post","type-post","status-publish","format-standard","hentry","category-spo"],"_links":{"self":[{"href":"http:\/\/www.sanseverinolucano.com\/index.php?rest_route=\/wp\/v2\/posts\/1552","targetHints":{"allow":["GET"]}}],"collection":[{"href":"http:\/\/www.sanseverinolucano.com\/index.php?rest_route=\/wp\/v2\/posts"}],"about":[{"href":"http:\/\/www.sanseverinolucano.com\/index.php?rest_route=\/wp\/v2\/types\/post"}],"author":[{"embeddable":true,"href":"http:\/\/www.sanseverinolucano.com\/index.php?rest_route=\/wp\/v2\/users\/2"}],"replies":[{"embeddable":true,"href":"http:\/\/www.sanseverinolucano.com\/index.php?rest_route=%2Fwp%2Fv2%2Fcomments&post=1552"}],"version-history":[{"count":1,"href":"http:\/\/www.sanseverinolucano.com\/index.php?rest_route=\/wp\/v2\/posts\/1552\/revisions"}],"predecessor-version":[{"id":1554,"href":"http:\/\/www.sanseverinolucano.com\/index.php?rest_route=\/wp\/v2\/posts\/1552\/revisions\/1554"}],"wp:attachment":[{"href":"http:\/\/www.sanseverinolucano.com\/index.php?rest_route=%2Fwp%2Fv2%2Fmedia&parent=1552"}],"wp:term":[{"taxonomy":"category","embeddable":true,"href":"http:\/\/www.sanseverinolucano.com\/index.php?rest_route=%2Fwp%2Fv2%2Fcategories&post=1552"},{"taxonomy":"post_tag","embeddable":true,"href":"http:\/\/www.sanseverinolucano.com\/index.php?rest_route=%2Fwp%2Fv2%2Ftags&post=1552"}],"curies":[{"name":"wp","href":"https:\/\/api.w.org\/{rel}","templated":true}]}}