{"id":1603,"date":"2014-10-01T19:50:38","date_gmt":"2014-10-01T17:50:38","guid":{"rendered":"http:\/\/www.sanseverinolucano.com\/?p=1603"},"modified":"2014-10-01T19:51:06","modified_gmt":"2014-10-01T17:51:06","slug":"analfabetismo-in-favore-della-scuola-appello-alle-famiglie","status":"publish","type":"post","link":"http:\/\/www.sanseverinolucano.com\/?p=1603","title":{"rendered":"Analfabetismo: in favore della scuola appello alle famiglie"},"content":{"rendered":"<p>[del Sac. Camillo Perrone]<br \/>\nL&#8217;analfabetismo \u00e8 una piaga sociale densa di conseguenze: da esso spesso dipendono la fame, le malattie, la povert\u00e0. Chi sa leggere o scrivere, riesce a comunicare pi\u00f9 rapidamente, acquista il senso della propria dignit\u00e0.<br \/>\nE&#8217; una piaga che ha sempre impedito qualsiasi progresso economico, sociale, morale e culturale a ogni livello.<br \/>\nLa Basilicata vive una situazione paradossale: da una parte \u00e8 una delle regioni dove si registrano una delle pi\u00f9 alte percentuali di giovani laureati in rapporto alla popolazione residente; dall&#8217;altra deve fare i conti con un record poco invidiabile, quello di territorio in cui si annida la pi\u00f9 alta percentuale di analfabeti e semi-analfabeti. Complessivamente il dato \u00e8 di 10,3 per cento: praticamente un lucano su dieci non sa leggere e scrivere. A questa percentuale va aggiunta quella relativa all&#8217;analfabetismo di ritorno (detto anche \u00abfunzionale\u00bb) che tocca addirittura il 43 per cento. Si tratta di cittadini, in possesso del diploma di scuola media inferiore, che tecnicamente sanno leggere, scrivere e far di conto, ma non sono in grado di interpretare le informazioni che acquisiscono attraverso giornali, televisione o libri.<br \/>\nE ci sono in Italia migliaia di minori che evadono l&#8217;obbligo scolastico, per la lontananza dalle scuole, per necessit\u00e0 di lavoro in famiglia o fuori, per l&#8217;ottusit\u00e0 dei genitori preoccupati solo del facile guadagno. Ci sono minori handicappati, che vivono\u00a0 nascosti in casa per malintesa &#8220;vergogna&#8221; dell&#8217;opinione pubblica; ragazzi con difficolt\u00e0 intellettuali, esclusi dalle scuole o emarginati nella scuola e nel lavoro, perch\u00e9 &#8220;ostacolano&#8221; il ritmo degli altri allievi.<br \/>\nMa vogliamo affermare con vigore l&#8217;importanza dello studio che \u00e8 un veicolo prezioso per il progresso dell&#8217;uomo, un mezzo essenziale per instaurare veri rapporti con gli altri.<br \/>\nC&#8217;\u00e8 un minimo di istruzione che tutti devono avere, pena in caso contrario, l&#8217;emarginazione dalla vita sociale e lo stato di dipendenza dagli altri. E&#8217; dovere della societ\u00e0 assicurare questo minimo a tutti i ragazzi e sostenere gli adulti che ne sono privi con iniziative culturali integrative della scuola.<br \/>\nLa formazione professionale, che \u00e8 un aspetto dell&#8217;alfabetizzazione, consente di lavorare la terra in termini pi\u00f9 razionali, di sfruttare le acque e le risorse del suolo, di comprendere i propri diritti e doveri, esigendo rispetto e opponendosi alle varie forme di sfruttamento. Questo \u00e8 uno dei tanti esempi.<br \/>\nTra le forme pi\u00f9 efficaci per superare l&#8217;analfabetismo c&#8217;\u00e8 il funzionamento di microrealizzazioni destinate all&#8217;alfabetizzazione e alla formazione professionale.<br \/>\nTeniamo sempre presente la celebre massima di Giuseppe Mazzini: \u201cL&#8217;alfabetizzazione \u00e8 il primo passo verso la libert\u00e0\u201d. Il futuro dell&#8217;Italia si costruisce tra i banchi della scuola: \u00e8 questa la sfida del nostro Paese.<br \/>\nNessun Paese pu\u00f2 definirsi civile senza un deciso investimento sull&#8217;educazione delle nuove generazioni. Proprio per questo una scuola di qualit\u00e0 \u00e8 un fondamento insostituibile per una societ\u00e0 che vuole costruire il proprio futuro. La scuola non pu\u00f2, per\u00f2, illudersi di poter fare a meno della famiglia, in questo difficile compito. Priorit\u00e0 assoluta, oggi, \u00e8 una nuova alleanza tra gli adulti che vivono la scuola, tra genitori e insegnanti.<br \/>\nOggi, poi, i genitori per primi sono chiamati a una rinnovata responsabilit\u00e0, perch\u00e8 nessuno pi\u00f9 di un padre e di una madre \u00e8 responsabile per l&#8217;educazione dei propri figli. Si tratta di un diritto \u201coriginario, primario e inalienabile\u201d. Ma, come ogni diritto, il compito educativo \u00e8 da subito anche un dovere, come riporta anche la nostra Costituzione (art. 30): &lt;&lt;E&#8217; dovere e diritto dei genitori mantenere, istruire ed educare i figli, anche se nati fuori dal matrimonio&gt;&gt;.<br \/>\nMettere la scuola al centro di ogni progetto di futuro del Paese esige il riconoscimento reciproco tra genitori ed educatori, nell&#8217;associazionismo, nello sport, perch\u00e8 essa torni ad essere il luogo che consente a ogni bambino di costruirsi il proprio futuro e di diventare un adulto: una persona, cio\u00e8, responsabile, libera e generativa, un costruttore di futuro, per s\u00e9 e per gli altri.<br \/>\nBisogna investire sulla scuola, dare dignit\u00e0 agli insegnanti, coltivare il mondo scolastico come luogo di formazione in una societ\u00e0 dove sono deperite tante agenzie socializzanti e formative.<br \/>\nIn conclusione urge mettere la scuola al centro di ogni progetto perch\u00e8 torni ad essere il fiore all&#8217;occhiello della nostra societ\u00e0.<\/p>\n<p><strong>Don Camillo Perrone<\/strong><\/p>\n<p><a href=\"http:\/\/www.sanseverinolucano.com\/wp-content\/uploads\/2014\/10\/Senza-nome-scandito-01.jpg\"><img loading=\"lazy\" decoding=\"async\" class=\"alignnone size-full wp-image-1604\" src=\"http:\/\/www.sanseverinolucano.com\/wp-content\/uploads\/2014\/10\/Senza-nome-scandito-01.jpg\" alt=\"Senza nome-scandito-01\" width=\"1000\" height=\"1250\" srcset=\"http:\/\/www.sanseverinolucano.com\/wp-content\/uploads\/2014\/10\/Senza-nome-scandito-01.jpg 1000w, http:\/\/www.sanseverinolucano.com\/wp-content\/uploads\/2014\/10\/Senza-nome-scandito-01-240x300.jpg 240w, http:\/\/www.sanseverinolucano.com\/wp-content\/uploads\/2014\/10\/Senza-nome-scandito-01-819x1024.jpg 819w\" sizes=\"auto, (max-width: 1000px) 100vw, 1000px\" \/><\/a><\/p>\n","protected":false},"excerpt":{"rendered":"<p>[del Sac. Camillo Perrone] L&#8217;analfabetismo \u00e8 una piaga sociale densa di conseguenze: da esso spesso dipendono la fame, le malattie, la povert\u00e0. Chi sa leggere o scrivere, riesce a comunicare pi\u00f9 rapidamente, acquista il senso della propria dignit\u00e0. E&#8217; una&hellip; <\/p>\n","protected":false},"author":3,"featured_media":0,"comment_status":"closed","ping_status":"open","sticky":false,"template":"","format":"standard","meta":{"footnotes":""},"categories":[4],"tags":[],"class_list":["post-1603","post","type-post","status-publish","format-standard","hentry","category-cult"],"_links":{"self":[{"href":"http:\/\/www.sanseverinolucano.com\/index.php?rest_route=\/wp\/v2\/posts\/1603","targetHints":{"allow":["GET"]}}],"collection":[{"href":"http:\/\/www.sanseverinolucano.com\/index.php?rest_route=\/wp\/v2\/posts"}],"about":[{"href":"http:\/\/www.sanseverinolucano.com\/index.php?rest_route=\/wp\/v2\/types\/post"}],"author":[{"embeddable":true,"href":"http:\/\/www.sanseverinolucano.com\/index.php?rest_route=\/wp\/v2\/users\/3"}],"replies":[{"embeddable":true,"href":"http:\/\/www.sanseverinolucano.com\/index.php?rest_route=%2Fwp%2Fv2%2Fcomments&post=1603"}],"version-history":[{"count":1,"href":"http:\/\/www.sanseverinolucano.com\/index.php?rest_route=\/wp\/v2\/posts\/1603\/revisions"}],"predecessor-version":[{"id":1605,"href":"http:\/\/www.sanseverinolucano.com\/index.php?rest_route=\/wp\/v2\/posts\/1603\/revisions\/1605"}],"wp:attachment":[{"href":"http:\/\/www.sanseverinolucano.com\/index.php?rest_route=%2Fwp%2Fv2%2Fmedia&parent=1603"}],"wp:term":[{"taxonomy":"category","embeddable":true,"href":"http:\/\/www.sanseverinolucano.com\/index.php?rest_route=%2Fwp%2Fv2%2Fcategories&post=1603"},{"taxonomy":"post_tag","embeddable":true,"href":"http:\/\/www.sanseverinolucano.com\/index.php?rest_route=%2Fwp%2Fv2%2Ftags&post=1603"}],"curies":[{"name":"wp","href":"https:\/\/api.w.org\/{rel}","templated":true}]}}