{"id":1638,"date":"2014-10-14T10:37:05","date_gmt":"2014-10-14T08:37:05","guid":{"rendered":"http:\/\/www.sanseverinolucano.com\/?p=1638"},"modified":"2014-10-14T10:37:05","modified_gmt":"2014-10-14T08:37:05","slug":"limportanza-dello-studio-e-della-formazione-integrale","status":"publish","type":"post","link":"http:\/\/www.sanseverinolucano.com\/?p=1638","title":{"rendered":"L&#8217;importanza dello studio e della formazione integrale"},"content":{"rendered":"<p><strong>L&#8217;importanza dello studio e della formazione integrale<\/strong><\/p>\n<p>(del Sac. Don Camillo Perrone)<\/p>\n<p>&#8220;Se non serve a trovare lavoro, non studio&#8221;: questo deve essere il pensiero costante, negli ultimi anni, di studenti e famiglie italiane. Con la sempre maggiore difficolt\u00e0 incontrata nella ricerca di un lavoro \u2013 rileva l&#8217;OCSE nello studio &#8220;<em>Uno sguardo sull&#8217;istruzione<\/em>&#8221; \u2013 la motivazione dei giovani italiani nei confronti dell&#8217;istruzione \u00e8 diminuita.<\/p>\n<p>E&#8217; allarmante il fatto che in Italia nel 2012 quasi 1 giovane su 3 dai 20 ai 24 anni non lavorava e non era iscritto a nessun corso di studi (neet), con un aumento di ben 10 punti rispetto al 2008.<\/p>\n<p>Rischiamo gli abbandoni pi\u00f9 pesanti d&#8217;Europa, ma non \u00e8 colpa di nessuno!<\/p>\n<p>Qualche numero, per non fermarci alle chiacchiere. Sono 34 mila i giovani siciliani che ogni anno interrompono gli studi. Non riusciamo a creare una coscienza diffusa e soprattutto una coscienza ministeriale. Il male parte da laggi\u00f9. In casa lucana \u2013 pur con altre problematiche \u2013 le cose non vanno meglio. All&#8217;uopo urge favorire politiche ed incentivi adeguati, prevenire i disagi o ridurli, debellare il bullismo, il vandalismo.<\/p>\n<p>Un&#8217;altra grave piaga \u00e8 quello che succede tutti i giorni davanti agli edifici scolastici: migliaia di spacciatori di droga insidiano migliaia di adolescenti con allettanti proposte. Speriamo che quest&#8217;anno si faccia veramente qualche cosa di impegnativo per cercare di isolare e colpire questi criminali.<\/p>\n<p>I ragazzi oggi sono profondamente cambiati. Le aule accolgono gente di tutto il mondo. Le materie scolastiche e le modalit\u00e0 disciplinari vanno totalmente rovesciate e rinnovate. Troppi insegnanti sono disorientati e demotivati. Forse anche la preparazione universitaria, priva di tirocini, esperienze, stage lascia molto a desiderare. Si dice che lottare contro il ciclope burocratico nazionale, contro le incrostazioni e le sindacalizzazioni centenarie, contro ideologie penose, \u00e8 tempo perduto. Occorre reagire. Oltre il 30% degli adolescenti che perdiamo e gli altri adolescenti che vanno a scuola demotivati non ci possono lasciare tranquilli.<\/p>\n<p>Ma \u00e8 soprattutto necessario insistere sulla importanza dell&#8217;istruzione e dello studio \u2013 contro ogni banalizzazione ed evasione \u2013 con quanti sono renitenti alla frequenza scolastica prescritta. Lo studio, quello che si fa a scuola o nel tempo della scuola, \u00e8 considerato spesso come un peso da sopportare pi\u00f9 o meno per forza, in vista di un diploma da conquistare o di un posto di lavoro da assumere. Visto cos\u00ec, acquista i connotati di un nemico da vincere e da asservire, cercando di superarlo con l&#8217;astuzia di chi si propone il rotto della cuffia. Ma qui non intendiamo lo studio soltanto nel senso di quello che \u00e8 legato alla scuola.<\/p>\n<p>Lo studio va inteso piuttosto come una ricerca, un tendere, come indica la parola, ad acquistare un insieme di nozioni che potranno educare la mente ed educare la volont\u00e0 a valori umani. Esso tende a dare una cultura profonda intesa nel senso di una conoscenza propria dei popoli civili e destinata a formare l&#8217;uomo, a renderlo capace di instaurare rapporti con gli altri, per farsi strada nella vita. Le materie di studio sono innumerevoli e comprendono le varie forme dello scibile umano. Ciascuna ha il suo ambito e tutte insieme collaborano a dare una visione del mondo, dell&#8221;uomo e della natura che consenta di vivere nella societ\u00e0 con un linguaggio comune.<\/p>\n<p>Lo studio serve all&#8217;individuo per divenire pi\u00f9 utile alla societ\u00e0, per poter dare qualche cosa di pi\u00f9 di quello che attualmente possiede, di elevare se stesso a valori pi\u00f9 sublimi, per condurvi possibilmente anche gli altri. Richiede costanza e metodo e ha le sue leggi, che esigono una vera gradualit\u00e0.<\/p>\n<p>E sorge poi il formidabile interrogativo: &#8220;<em>il nostro sistema educativo \u00e8 allo sbando<\/em>&#8220;? Correre ai ripari urge davvero. Tra l&#8217;altro valorizzare molto la pedagogia salesiana. &#8220;<em>L&#8217;educazione \u00e8 l&#8217;arte di formare l&#8217;uomo<\/em>&#8221; \u2013 dice Don Bosco \u2013 e l&#8217;uomo di oggi e del domani. Per questo, l&#8217;Educatore non pu\u00f2 essere un uomo o una donna del passato, ancorato\/a a delle formule.<\/p>\n<p>I fanciulli, i giovani, anticipano il futuro: non sono un ricordo, ma una promessa, perch\u00e9 la vita non va indietro. Occorre, perci\u00f2, formare la coscienza, il carattere, la volont\u00e0. Costruire, cio\u00e8, &#8220;<em>la personalit\u00e0<\/em>&#8220;, dotata di senso critico, di amore gratuito, in grado di scegliere liberamente il bene.<\/p>\n<p>Nel processo educativo interagiscono la libert\u00e0 dell&#8217;educando, il suo futuro professionale, l&#8217;inserimento progressivo nelle responsabilit\u00e0 civili e sociali che la vita richiede a ciascuno. Saper attirare i ragazzi e spronarli allo studio \u00e8 una regola aurea da adottare da ogni docente. Don Bosco osserva che nel formare i giovani occorre tener conto che sono esseri intelligenti, volitivi, dotati di una sensibilit\u00e0 straordinaria, facili a commuoversi davanti alla dolcezza come a risentirsi davanti all&#8217;asprezza.<\/p>\n<p>Il maestro vero d\u00e0 quello che ha, dona quello che \u00e8, elargisce senza impoverirsi, offre ricchezze che non svaniscono, insegna la verit\u00e0 che d\u00e0 senso all&#8217;esistenza, insegna la vita che non conosce tramonto, addita gli ideali sublimi e gli autentici valori.<\/p>\n<p>In conclusione, c&#8217;\u00e8 oggi dispersione scolastica? Tenere in gran conto quanto sopra riferito ed escogitare nuove strategie e nuove strade da percorrere, sulla scorta delle direttive della pedagogia salesiana. Riportare a scuola i nostri ragazzi \u00e8 una priorit\u00e0, un imperativo categorico.<\/p>\n<p>Sac. Don Camillo Perrone<\/p>\n","protected":false},"excerpt":{"rendered":"<p>L&#8217;importanza dello studio e della formazione integrale (del Sac. Don Camillo Perrone) &#8220;Se non serve a trovare lavoro, non studio&#8221;: questo deve essere il pensiero costante, negli ultimi anni, di studenti e famiglie italiane. Con la sempre maggiore difficolt\u00e0 incontrata&hellip; <\/p>\n","protected":false},"author":3,"featured_media":0,"comment_status":"open","ping_status":"open","sticky":false,"template":"","format":"standard","meta":{"footnotes":""},"categories":[4],"tags":[],"class_list":["post-1638","post","type-post","status-publish","format-standard","hentry","category-cult"],"_links":{"self":[{"href":"http:\/\/www.sanseverinolucano.com\/index.php?rest_route=\/wp\/v2\/posts\/1638","targetHints":{"allow":["GET"]}}],"collection":[{"href":"http:\/\/www.sanseverinolucano.com\/index.php?rest_route=\/wp\/v2\/posts"}],"about":[{"href":"http:\/\/www.sanseverinolucano.com\/index.php?rest_route=\/wp\/v2\/types\/post"}],"author":[{"embeddable":true,"href":"http:\/\/www.sanseverinolucano.com\/index.php?rest_route=\/wp\/v2\/users\/3"}],"replies":[{"embeddable":true,"href":"http:\/\/www.sanseverinolucano.com\/index.php?rest_route=%2Fwp%2Fv2%2Fcomments&post=1638"}],"version-history":[{"count":1,"href":"http:\/\/www.sanseverinolucano.com\/index.php?rest_route=\/wp\/v2\/posts\/1638\/revisions"}],"predecessor-version":[{"id":1639,"href":"http:\/\/www.sanseverinolucano.com\/index.php?rest_route=\/wp\/v2\/posts\/1638\/revisions\/1639"}],"wp:attachment":[{"href":"http:\/\/www.sanseverinolucano.com\/index.php?rest_route=%2Fwp%2Fv2%2Fmedia&parent=1638"}],"wp:term":[{"taxonomy":"category","embeddable":true,"href":"http:\/\/www.sanseverinolucano.com\/index.php?rest_route=%2Fwp%2Fv2%2Fcategories&post=1638"},{"taxonomy":"post_tag","embeddable":true,"href":"http:\/\/www.sanseverinolucano.com\/index.php?rest_route=%2Fwp%2Fv2%2Ftags&post=1638"}],"curies":[{"name":"wp","href":"https:\/\/api.w.org\/{rel}","templated":true}]}}