{"id":1673,"date":"2014-11-02T10:56:13","date_gmt":"2014-11-02T09:56:13","guid":{"rendered":"http:\/\/www.sanseverinolucano.com\/?p=1673"},"modified":"2014-11-02T10:56:13","modified_gmt":"2014-11-02T09:56:13","slug":"il-profumo-dei-garofani-di-carmela-de-marco","status":"publish","type":"post","link":"http:\/\/www.sanseverinolucano.com\/?p=1673","title":{"rendered":"Il profumo dei garofani: di  Carmela De Marco"},"content":{"rendered":"<p>Quel giorno le pietre della gradinata che porta a Cappella mi sembravano pi\u00f9 grigie del solito.<br \/>\nLa mamma mi stringeva la mano e camminava in silenzio, pensierosa, dietro una piccola folla.<br \/>\nIniziai a contare i garofani rossi caduti sulle pietre grigie e li trovavo bellissimi e sconvolgenti.<br \/>\nIl loro profumo per\u00f2 m\u2019inquietava; era invadente, sembrava coprisse ogni altro profumo di primavera.<br \/>\nRitrovai poi quel profumo di garofani rossi, sconvolgente e drammatico, come in quel giorno inconsapevole, quando persi zia Carmela.<br \/>\nZia non c\u2019era pi\u00f9, mi era stato detto; era salita in cielo dai suoi\u00a0 Santi e dalle sue Madonne.<br \/>\nCorsi lontano da casa, lasciando tutti in lacrime. Mi sedetti su un\u00a0 muretto.<br \/>\nRimasi col capo chino a fissare una piccola formica, chiedendomi se anche\u00a0 lei avesse una zia. Il dolore di una bambina \u00e8 trasparente, senza forma, n\u00e9 consistenza, eppure \u00e8 un sussulto, incontenibile e violento.<br \/>\nOsservavo tutto ci\u00f2 che mi circondava , alla ricerca lancinante del perch\u00e9 di quel giorno . Alzavo gli occhi al cielo ma anche le nuvole sembravano muoversi, solo perch\u00e9 sospinte da quella tristezza immensa.<br \/>\nPensavo alle gonne scure di zia, ai suoi sorrisi e alle sue premure e\u00a0 iniziavo a chiedermi come avrei fatto a vivere senza di lei. Riflettevo su cosa inventarmi per l\u2019indomani, per non avvertire quel gravoso e insostenibile\u00a0 pensiero.<br \/>\nPiangevo, avrei voluto vederla,non mi consolava il pensiero della sua\u00a0 salita al cielo. Armandomi di forza, smisi di piangere, scacciai prima con le\u00a0 ciglia e poi con la mano le lacrime dagli occhi e iniziai a guardarmi intorno. Zia ora era ovunque: \u00a0in quelle nuvole\u00a0 sospinte dal dolore, nel canto malinconico degli uccelli, nell\u2019orizzonte de\u00a0 imonti, accanto a quella formica affaccendata.<br \/>\nZia era nel respiro di quel\u00a0 giorno e domani, sarebbe stata ancora l\u00ec.<\/p>\n<p>Carmela De Marco<\/p>\n","protected":false},"excerpt":{"rendered":"<p>Quel giorno le pietre della gradinata che porta a Cappella mi sembravano pi\u00f9 grigie del solito. La mamma mi stringeva la mano e camminava in silenzio, pensierosa, dietro una piccola folla. Iniziai a contare i garofani rossi caduti sulle pietre&hellip; <\/p>\n","protected":false},"author":5,"featured_media":0,"comment_status":"open","ping_status":"open","sticky":false,"template":"","format":"standard","meta":{"footnotes":""},"categories":[1],"tags":[],"class_list":["post-1673","post","type-post","status-publish","format-standard","hentry","category-gen"],"_links":{"self":[{"href":"http:\/\/www.sanseverinolucano.com\/index.php?rest_route=\/wp\/v2\/posts\/1673","targetHints":{"allow":["GET"]}}],"collection":[{"href":"http:\/\/www.sanseverinolucano.com\/index.php?rest_route=\/wp\/v2\/posts"}],"about":[{"href":"http:\/\/www.sanseverinolucano.com\/index.php?rest_route=\/wp\/v2\/types\/post"}],"author":[{"embeddable":true,"href":"http:\/\/www.sanseverinolucano.com\/index.php?rest_route=\/wp\/v2\/users\/5"}],"replies":[{"embeddable":true,"href":"http:\/\/www.sanseverinolucano.com\/index.php?rest_route=%2Fwp%2Fv2%2Fcomments&post=1673"}],"version-history":[{"count":1,"href":"http:\/\/www.sanseverinolucano.com\/index.php?rest_route=\/wp\/v2\/posts\/1673\/revisions"}],"predecessor-version":[{"id":1674,"href":"http:\/\/www.sanseverinolucano.com\/index.php?rest_route=\/wp\/v2\/posts\/1673\/revisions\/1674"}],"wp:attachment":[{"href":"http:\/\/www.sanseverinolucano.com\/index.php?rest_route=%2Fwp%2Fv2%2Fmedia&parent=1673"}],"wp:term":[{"taxonomy":"category","embeddable":true,"href":"http:\/\/www.sanseverinolucano.com\/index.php?rest_route=%2Fwp%2Fv2%2Fcategories&post=1673"},{"taxonomy":"post_tag","embeddable":true,"href":"http:\/\/www.sanseverinolucano.com\/index.php?rest_route=%2Fwp%2Fv2%2Ftags&post=1673"}],"curies":[{"name":"wp","href":"https:\/\/api.w.org\/{rel}","templated":true}]}}