{"id":1676,"date":"2014-11-10T23:55:37","date_gmt":"2014-11-10T22:55:37","guid":{"rendered":"http:\/\/www.sanseverinolucano.com\/?p=1676"},"modified":"2014-11-10T23:55:37","modified_gmt":"2014-11-10T22:55:37","slug":"di-beatrice-ciminelli-esperienza-a-medjugorje","status":"publish","type":"post","link":"http:\/\/www.sanseverinolucano.com\/?p=1676","title":{"rendered":"Di Beatrice Ciminelli: Esperienza a Medjugorje"},"content":{"rendered":"<p>Cominciamo la narrazione \u201cin medias res\u201d: confesso ai lettori di essermi recata a Medjugorje non tanto perch\u00e9 mossa da fervore religioso, bens\u00ec animata da quello spirito critico che alimenta la sete di conoscenza.<\/p>\n<p>La vicenda di Medjugorje parte dal lontano 24 giugno 1981,giorno in cui la Madonna sarebbe apparsa a sei bambini nella campagna del paesino della Bosnia- Erzegovina.Da allora ,il luogo \u00e8 diventato meta di turismo religioso per milioni di fedeli ogni anno , al punto da riuscire a strappareil primato a Lourdes e a Fatima come meta di pellegrinaggio.Gi\u00e0 nel 2010, <strong>Benedetto XVI<\/strong>\u00a0aveva affidato a una commissione internazionale, presieduta dal cardinale Ruini e composta da diciassette membri provenienti da tutto il mondo (porporati, vescovi, teologi e psicologi scelti tra i massimi esperti di mariologia e apparizioni) il compito di approfondire il fenomeno Medjugorje. Il lavoro \u00e8 durato pi\u00f9 di tre anni e, il 23 gennaio scorso, l\u2019ex presidente della Cei, che non ha mai messo piede nel paesino della\u00a0<strong>Bosnia Erzegovina<\/strong>, ha informato\u00a0<strong>Bergoglio<\/strong>\u00a0dei risultati a cui \u00e8 giunta la commissione. \u00a0Come giudicher\u00e0 il Papa il dossier faticosamente compilato dalla commissione istituita nel 2010 da Ratzinger? Poco prima di decollare alla volta di Roma per il Conclave,il cardinale Bergoglio autorizzava i fedeli della capitale argentina a partecipare a riunioni e conferenze con il veggente Ivan Dragicevic ,ma dopo l\u2019elezione al soglio pontificio ecco arrivare l\u2019inversione di tendenza. Che la Chiesa del compromesso abbia intimato a Papa Francesco di agire con pi\u00f9 prudenza? Certamente il caso paradigmatico delle apparizioni che non sono ancora terminate e gli innumerevoli messaggi quotidiani della \u201cRegina della Pace\u201drafforzano da una parte lo scetticismo di chi definisce il luogo come la \u201cLas Vegas della Fede\u201de dall\u2019altra l\u2019impossibilit\u00e0 della Chiesa di pronunciarsi definitivamente sul riconoscimento o meno del culto,ma fonti interne al sacro palazzo lasciano intendere una prima volont\u00e0 del Papa di appaltare Medjugorje ai carismatici del movimento di Rinnovamento nello Spirito,una sorta di cattolicesimo magico ed esoterico congeniale al culto della Madonna pi\u00f9 venerata dei Balcani,ma inviso alle pi\u00f9 alte gerarchie ecclesiastiche.<\/p>\n<p>Vero \u00e8 che i fedeli in pellegrinaggio in questo villaggio della Bosnia recitano il Rosario, partecipano alle messe,percorrono la Via Crucis nella collina brulla del Podbrdo e sul sentiero impraticabile che conduce alla croce del monte Krizevac. Il tutto senza avvertire la fatica.<\/p>\n<p>E allora,se il cammino di preghiera porta numerosi atei-cristiani a riscoprire la fede, il perdono e il sacramento dell\u2019Eucaristia ,il miracolo \u00e8 gi\u00e0 avvenuto; per la metafisica e i sogni dei visionari a cui la razionalit\u00e0 non riesce a trovare una spiegazione,ci si nutre del dubbio, poich\u00e9 la Verit\u00e0 \u00e8 soprattutto mistero.<\/p>\n<p><strong>Beatrice Ciminelli<\/strong><\/p>\n","protected":false},"excerpt":{"rendered":"<p>Cominciamo la narrazione \u201cin medias res\u201d: confesso ai lettori di essermi recata a Medjugorje non tanto perch\u00e9 mossa da fervore religioso, bens\u00ec animata da quello spirito critico che alimenta la sete di conoscenza. La vicenda di Medjugorje parte dal lontano&hellip; <\/p>\n","protected":false},"author":5,"featured_media":0,"comment_status":"open","ping_status":"open","sticky":false,"template":"","format":"standard","meta":{"footnotes":""},"categories":[4],"tags":[],"class_list":["post-1676","post","type-post","status-publish","format-standard","hentry","category-cult"],"_links":{"self":[{"href":"http:\/\/www.sanseverinolucano.com\/index.php?rest_route=\/wp\/v2\/posts\/1676","targetHints":{"allow":["GET"]}}],"collection":[{"href":"http:\/\/www.sanseverinolucano.com\/index.php?rest_route=\/wp\/v2\/posts"}],"about":[{"href":"http:\/\/www.sanseverinolucano.com\/index.php?rest_route=\/wp\/v2\/types\/post"}],"author":[{"embeddable":true,"href":"http:\/\/www.sanseverinolucano.com\/index.php?rest_route=\/wp\/v2\/users\/5"}],"replies":[{"embeddable":true,"href":"http:\/\/www.sanseverinolucano.com\/index.php?rest_route=%2Fwp%2Fv2%2Fcomments&post=1676"}],"version-history":[{"count":1,"href":"http:\/\/www.sanseverinolucano.com\/index.php?rest_route=\/wp\/v2\/posts\/1676\/revisions"}],"predecessor-version":[{"id":1677,"href":"http:\/\/www.sanseverinolucano.com\/index.php?rest_route=\/wp\/v2\/posts\/1676\/revisions\/1677"}],"wp:attachment":[{"href":"http:\/\/www.sanseverinolucano.com\/index.php?rest_route=%2Fwp%2Fv2%2Fmedia&parent=1676"}],"wp:term":[{"taxonomy":"category","embeddable":true,"href":"http:\/\/www.sanseverinolucano.com\/index.php?rest_route=%2Fwp%2Fv2%2Fcategories&post=1676"},{"taxonomy":"post_tag","embeddable":true,"href":"http:\/\/www.sanseverinolucano.com\/index.php?rest_route=%2Fwp%2Fv2%2Ftags&post=1676"}],"curies":[{"name":"wp","href":"https:\/\/api.w.org\/{rel}","templated":true}]}}