{"id":169,"date":"2013-11-19T14:13:10","date_gmt":"2013-11-19T13:13:10","guid":{"rendered":"http:\/\/www.sanseverinolucano.com\/?p=169"},"modified":"2014-06-15T14:13:26","modified_gmt":"2014-06-15T12:13:26","slug":"proposte-concrete-per-superare-la-crisi","status":"publish","type":"post","link":"http:\/\/www.sanseverinolucano.com\/?p=169","title":{"rendered":"Proposte concrete per superare la crisi"},"content":{"rendered":"<p><span style=\"color: #000000\">Siamo ancora nel pieno della crisi economica e sociale, nonostante qualche timido segnale di rilancio della produzione. Ci sono migliaia di lavoratori in attesa della cassa integrazione, centinaia di aziende che rischiano la chiusura per effetto del calo dei consumi e della domanda interna. In questi mesi, il divario del Paese \u00e8 cresciuto con un aumento drammatico dei livelli di disoccupazione, di povert\u00e0 e di emarginazione sociale.<\/span><br \/>\n<span style=\"color: #000000\">Il lavoro e lo sviluppo economico non si costruiscono solo a colpi di legge o con proposte fumose e spesso strampalate. L&#8217;occupazione per i giovani e le donne pu\u00f2 arrivare solo da una buona economia, aumentando la produttivit\u00e0 e rendendo pi\u00f9 favorevoli i nuovi investimenti. Ma bisogna concentrarsi, con un impegno straordinario e non ordinario, anche delle infrastrutture, dei costi troppo alti dell&#8217;energia, dei trasporti, dello smaltimento dei rifiuti, delle assicurazioni, della giustizia civile troppo lenta, della criminalit\u00e0. Ecco perch\u00e8 la legge di stabilit\u00e0 \u00e8 stata finora una occasione mancata e non ha rappresentato quel segnale di svolta, quello choc positivo che la Cisl si aspettava sia sul versante della politica fiscale, sia per quanto riguarda un sostegno ai redditi e ai consumi dei lavoratori e dei pensionati.<\/span><br \/>\n<span style=\"color: #000000\">Le tasse troppo elevate stanno strangolando l&#8217;economia italiana. Tra imposte nazionali, addizionali e balzelli locali, dal 2009 ad oggi, i lavoratori hanno perso circa mille euro all&#8217;anno del loro potere d&#8217;acquisto.<\/span><br \/>\n<span style=\"color: #000000\">E ora sono in vista risparmi per imprese e famiglie. Il piano \u201cDestinazione Italia\u201d, varato dal governo per attrarre investimenti dall&#8217;estero, parte da una serie di misure che vanno incontro soprattutto alle piccole e medie imprese e alle famiglie.<\/span><br \/>\n<span style=\"color: #000000\">Non dimentichiamo che la Basilicata, la regione del petrolio, sede anche di multinazionali (specialmente di Fiat che qui ha prodotto 5 milioni di Punto) ha il pi\u00f9 alto numero di poveri in Italia: il 30,1 per cento delle famiglie. Secondo l&#8217;ultimo rapporto di Banca d&#8217;Italia ha un Pil in discesa da ormai due anni e un numero di inattivi doppio rispetto alla media italiana.<\/span><br \/>\n<span style=\"color: #000000\">L&#8217;agenda del nuovo Governo regionale si concentri su una Basilicata geologicamente fragile e ballerina, demograficamente in calo con reddito procapite il pi\u00f9 basso.<\/span><br \/>\n<span style=\"color: #000000\">Occorre forte impegno per garantire la difesa del suolo, uno sviluppo armonico del territorio e una rigorosa tutela dei corsi d&#8217;acqua e delle coste; per uno sfruttamento delle risorse del sottosuolo (petrolio, acqua, gas); per una forestazione produttiva ed il recupero delle aree interne; per la prevenzione del rischio sismico, geologico e idrogeologico; per il recupero del patrimonio edilizio esistente; per una politica a tutela della salute dei cittadini.<\/span><br \/>\n<span style=\"color: #000000\">Il patto di stabilit\u00e0 blocca lavori gi\u00e0 appaltati sulle tratte a grave rischio. Le tasse sono troppo alte. Occorre un fisco equo, non vessatorio, combattere la disoccupazione.<\/span><br \/>\n<span style=\"color: #000000\">Per abbassare le tasse, l&#8217;unica strada \u00e8 quella di tagliare la spesa pubblica improduttiva e combattere l&#8217;evasione. Ed \u00e8 incoraggiante che, dopo l&#8217;appello comune di tutte le parti sociali, il Governo abbia manifestato l&#8217;intenzione di seguire questa strada: creare un fondo dove far confluire i risparmi della spending review e destinando automaticamente tali risorse per la riduzione delle tasse.<\/span><br \/>\n<span style=\"color: #000000\">L&#8217;economia italiana \u00e8 ancora attraversata da una fase di profonda crisi. Le politiche di bilancio di segno restrittivo, la caduta del clima di fiducia degli operatori economici e la riduzione del credito si sono tradotti in un crollo della domanda interna. La caduta del Prodotto interno lordo nel 2012 ha superato il 2 per cento e nel 2013 la contrazione \u00e8 compresa fra 1&#8217;1,5 e il 2 per cento. La crisi del mercato del lavoro italiano \u00e8 un effetto della caduta del prodotto.<\/span><br \/>\n<span style=\"color: #000000\">A questo punto ci chiediamo come rimontare.<\/span><br \/>\n<span style=\"color: #000000\">Una politica per il lavoro non pu\u00f2 che essere una politica attiva per la crescita. Il Cnel stima che per riportare il tasso di disoccupazione all&#8217;8 per cento entro il 2020, il tasso di crescita del Pil dovr\u00e0 superare il 2 per cento all&#8217;anno. Per far ripartire la crescita gli esperti suggeriscono di attivare nuova occupazione con il reimpiego di quanti sono rimasti esclusi dal mercato negli ultimi anni: il sottoutilizzo della nostra forza lavoro \u00e8 aggravato dal deterioramento del capitale umano di chi resta fuori dal mercato. Il danno individuale \u00e8 una perdita sociale, sia per le minori potenzialit\u00e0 di crescita che derivano dalla riduzione del capitale umano, che per le conseguenze negative nei rapporti sociali e la mancata produzione di capitale umano futuro che consegue dalla povert\u00e0 di risorse per l&#8217;istruzione. Oltre alla caduta dei fabbisogni occupazionali delle imprese, i giovani risentono della minore domanda di sostituzione dei lavoratori anziani in uscita dal circuito produttivo in seguito ai provvedimenti di riforma delle pensioni, che fanno aumentare i tassi di attivit\u00e0 dei pi\u00f9 anziani. A rendere pi\u00f9 complessa la sfida sono i vincoli della finanza pubblica, che limitano le risorse per le politiche del lavoro: l&#8217;Italia \u00e8 fra i Paesi che meno spendono per le politiche attive. <\/span><br \/>\n<span style=\"color: #000000\">Le politiche del lavoro &#8211; sottolinea il Cnel &#8211; non potranno che utilizzare strumenti a costo ridotto e puntare sulle immense economie della messa in valore della collaborazione come vantaggio competitivo attraverso il miglioramento dei prodotti e dei processi, l&#8217;ottimizzazione dell&#8217;organizzazione del lavoro in funzione sia delle esigenze del mercato che di quelle dei lavoratori, l&#8217;investimento in formazione e addestramento, il potenziamento della gestione delle risorse attraverso la partecipazione. A questo compito \u00e8 chiamata non solo la politica economica, ma anche l&#8217;azione delle parti sociali.<\/span><br \/>\n<span style=\"color: #000000\">In definitiva saper cogliere il momento di ripresa per fare le scelte troppo a lungo rimandate, coniugare le politiche attive del lavoro, superando l&#8217;impasse burocratica, con scelte di riduzione dell&#8217;imposizione sul reddito da lavoro e impresa per riportare il Paese verso la crescita. <\/span><\/p>\n<p><span style=\"color: #000000\"><strong>Don Camillo Perrone<\/strong>, Parroco emerito di San Severino Lucano<\/span><\/p>\n","protected":false},"excerpt":{"rendered":"<p>Siamo ancora nel pieno della crisi economica e sociale, nonostante qualche timido segnale di rilancio della produzione. Ci sono migliaia di lavoratori in attesa della cassa integrazione, centinaia di aziende che rischiano la chiusura per effetto del calo dei consumi&hellip; <\/p>\n","protected":false},"author":3,"featured_media":0,"comment_status":"closed","ping_status":"open","sticky":false,"template":"","format":"standard","meta":{"footnotes":""},"categories":[4,8],"tags":[],"class_list":["post-169","post","type-post","status-publish","format-standard","hentry","category-cult","category-pol"],"_links":{"self":[{"href":"http:\/\/www.sanseverinolucano.com\/index.php?rest_route=\/wp\/v2\/posts\/169","targetHints":{"allow":["GET"]}}],"collection":[{"href":"http:\/\/www.sanseverinolucano.com\/index.php?rest_route=\/wp\/v2\/posts"}],"about":[{"href":"http:\/\/www.sanseverinolucano.com\/index.php?rest_route=\/wp\/v2\/types\/post"}],"author":[{"embeddable":true,"href":"http:\/\/www.sanseverinolucano.com\/index.php?rest_route=\/wp\/v2\/users\/3"}],"replies":[{"embeddable":true,"href":"http:\/\/www.sanseverinolucano.com\/index.php?rest_route=%2Fwp%2Fv2%2Fcomments&post=169"}],"version-history":[{"count":1,"href":"http:\/\/www.sanseverinolucano.com\/index.php?rest_route=\/wp\/v2\/posts\/169\/revisions"}],"predecessor-version":[{"id":170,"href":"http:\/\/www.sanseverinolucano.com\/index.php?rest_route=\/wp\/v2\/posts\/169\/revisions\/170"}],"wp:attachment":[{"href":"http:\/\/www.sanseverinolucano.com\/index.php?rest_route=%2Fwp%2Fv2%2Fmedia&parent=169"}],"wp:term":[{"taxonomy":"category","embeddable":true,"href":"http:\/\/www.sanseverinolucano.com\/index.php?rest_route=%2Fwp%2Fv2%2Fcategories&post=169"},{"taxonomy":"post_tag","embeddable":true,"href":"http:\/\/www.sanseverinolucano.com\/index.php?rest_route=%2Fwp%2Fv2%2Ftags&post=169"}],"curies":[{"name":"wp","href":"https:\/\/api.w.org\/{rel}","templated":true}]}}