{"id":1741,"date":"2014-12-07T16:23:35","date_gmt":"2014-12-07T15:23:35","guid":{"rendered":"http:\/\/www.sanseverinolucano.com\/?p=1741"},"modified":"2014-12-07T17:42:35","modified_gmt":"2014-12-07T16:42:35","slug":"emergenza-digitale-terrestre","status":"publish","type":"post","link":"http:\/\/www.sanseverinolucano.com\/?p=1741","title":{"rendered":"Emergenza digitale terrestre"},"content":{"rendered":"<p>&nbsp;<\/p>\n<p>&nbsp;<\/p>\n<p>L&#8217;attivazione della televisione digitale terrestre in Italia deriva dal processo di attuazione delle raccomandazioni\u00a0<a href=\"http:\/\/it.wikipedia.org\/wiki\/Unione_europea\">comunitarie<\/a>\u00a0in merito al passaggio dalla tradizionale televisione analogica terrestre alla televisione digitale terrestre.<\/p>\n<p>Nel\u00a0<a href=\"http:\/\/it.wikipedia.org\/wiki\/2004\">2004<\/a>\u00a0venne emanata la\u00a0<a href=\"http:\/\/it.wikipedia.org\/wiki\/Legge_Gasparri\">legge Gasparri<\/a>, legge di riordino del sistema televisivo italiano. Per l&#8217;Italia il termine ultimo previsto per la conversione da televisione analogica terrestre a televisione digitale terrestre\u00a0 e quindi il termine ultimo per aggiornare gli impianti, era il 31 dicembre\u00a0<a href=\"http:\/\/it.wikipedia.org\/wiki\/2006\">2006<\/a>, ma il <a href=\"http:\/\/it.wikipedia.org\/wiki\/Consiglio_dei_ministri\">Consiglio dei ministri<\/a>\u00a0nel dicembre\u00a0<a href=\"http:\/\/it.wikipedia.org\/wiki\/2005\">2005<\/a>\u00a0ha rinviato la cessazione del servizio analogico alla fine del\u00a0<a href=\"http:\/\/it.wikipedia.org\/wiki\/2008\">2008<\/a>. Il 15 luglio 2006, durante la seconda Conferenza Nazionale sul Digitale Terrestre svoltasi a\u00a0<a href=\"http:\/\/it.wikipedia.org\/wiki\/Napoli\">Napoli<\/a>,\u00a0<a href=\"http:\/\/it.wikipedia.org\/wiki\/RAI_-_Radiotelevisione_Italiana\">Rai<\/a>,\u00a0<a href=\"http:\/\/it.wikipedia.org\/wiki\/Mediaset\">Mediaset<\/a>\u00a0e\u00a0<a href=\"http:\/\/it.wikipedia.org\/wiki\/Telecom_Italia_Media\">Telecom Italia Media<\/a>\u00a0hanno presentato Tiv\u00f9, la piattaforma unica per il digitale terrestre, un progetto con cui le tre aziende si impegnavano a promuovere il digitale terrestre in Italia e a fornirne i contenuti gratuitamente anche su piattaforma digitale satellitare. L&#8217;allora ministro delle comunicazioni\u00a0<a href=\"http:\/\/it.wikipedia.org\/wiki\/Paolo_Gentiloni\">Paolo Gentiloni<\/a>\u00a0(Governo Prodi II) aveva anche indicato, come data realistica per la chiusura della TV analogica, il secondo semestre\u00a0<a href=\"http:\/\/it.wikipedia.org\/wiki\/2012\">2012<\/a>, data ultima imposta dall&#8217;<a href=\"http:\/\/it.wikipedia.org\/wiki\/Unione_europea\">Unione europea<\/a>\u00a0per il passaggio definitivo al digitale. A luglio\u00a0<a href=\"http:\/\/it.wikipedia.org\/wiki\/2012\">2012<\/a>\u00a0\u00e8 stato infatti completato il passaggio al digitale terrestre su tutto il territorio italiano.<\/p>\n<p>Siamo in presenza di un altro regalo fattoci dall\u2019Unione Europea: assenza di segnale, canali introvabili, problemi di sintonizzazione; queste sono solo alcune delle criticit\u00e0 pi\u00f9 diffuse causate dall\u2019 introduzione, dal 31\/05\/2012, del digitale terrestre, che vede i cittadini di San Severino Lucano esasperati dalla dicitura \u201cassenza di segnale\u201d, che campeggia da tempo sui loro televisori.<\/p>\n<p>Disservizi simili erano stati segnalati anche in passato sia a San Severino Lucano che in altri comuni dell\u2019area, senza trovare alcun riscontro da parte delle autorit\u00e0 competenti. Da circa un anno, per\u00f2, \u00e8 in atto una petizione contro i disagi provocati dal digitale terrestre, che continua a non funzionare. Le sottoscrizioni, una volta completata la fase di raccolta firme, saranno inoltrate ad Elettronica Industriale sede di Bari chiedendo alla stessa di potenziare e migliorare il segnale per una corretta ricezione del digitale terrestre per le reti Mediaset (canale 5, Italia 1 e Rete 4) e gli altri canali dell\u2019 offerta \u00a0Mediaset,\u00a0 \u00a0non pi\u00f9 \u00a0visibili dal giorno del passaggio al digitale terrestre. Si puntualizza che il ripetitore \u00e8 situato a Monte Gaido di Viggianello e si trova a circa 3 Km di distanza e non si ricevono i segnali Mediaset e Rai, mentre dallo stesso parco antenne vengono irradiati e ricevuti senza alcun problema i mux Rai e quelli del gruppo Norba. Chiunque pu\u00f2 dare sostegno all\u2019iniziativa scaricando il modulo dal sito: http:\/\/digilander.libero.it\/petizione_dtt_ssle consegnandolo, dopo la compilazione, al promotore Roberto Forte.<\/p>\n<p>Beatrice Ciminelli<\/p>\n","protected":false},"excerpt":{"rendered":"<p>&nbsp; &nbsp; L&#8217;attivazione della televisione digitale terrestre in Italia deriva dal processo di attuazione delle raccomandazioni\u00a0comunitarie\u00a0in merito al passaggio dalla tradizionale televisione analogica terrestre alla televisione digitale terrestre. Nel\u00a02004\u00a0venne emanata la\u00a0legge Gasparri, legge di riordino del sistema televisivo italiano. Per&hellip; <\/p>\n","protected":false},"author":17,"featured_media":0,"comment_status":"open","ping_status":"open","sticky":false,"template":"","format":"standard","meta":{"footnotes":""},"categories":[1],"tags":[],"class_list":["post-1741","post","type-post","status-publish","format-standard","hentry","category-gen"],"_links":{"self":[{"href":"http:\/\/www.sanseverinolucano.com\/index.php?rest_route=\/wp\/v2\/posts\/1741","targetHints":{"allow":["GET"]}}],"collection":[{"href":"http:\/\/www.sanseverinolucano.com\/index.php?rest_route=\/wp\/v2\/posts"}],"about":[{"href":"http:\/\/www.sanseverinolucano.com\/index.php?rest_route=\/wp\/v2\/types\/post"}],"author":[{"embeddable":true,"href":"http:\/\/www.sanseverinolucano.com\/index.php?rest_route=\/wp\/v2\/users\/17"}],"replies":[{"embeddable":true,"href":"http:\/\/www.sanseverinolucano.com\/index.php?rest_route=%2Fwp%2Fv2%2Fcomments&post=1741"}],"version-history":[{"count":4,"href":"http:\/\/www.sanseverinolucano.com\/index.php?rest_route=\/wp\/v2\/posts\/1741\/revisions"}],"predecessor-version":[{"id":1747,"href":"http:\/\/www.sanseverinolucano.com\/index.php?rest_route=\/wp\/v2\/posts\/1741\/revisions\/1747"}],"wp:attachment":[{"href":"http:\/\/www.sanseverinolucano.com\/index.php?rest_route=%2Fwp%2Fv2%2Fmedia&parent=1741"}],"wp:term":[{"taxonomy":"category","embeddable":true,"href":"http:\/\/www.sanseverinolucano.com\/index.php?rest_route=%2Fwp%2Fv2%2Fcategories&post=1741"},{"taxonomy":"post_tag","embeddable":true,"href":"http:\/\/www.sanseverinolucano.com\/index.php?rest_route=%2Fwp%2Fv2%2Ftags&post=1741"}],"curies":[{"name":"wp","href":"https:\/\/api.w.org\/{rel}","templated":true}]}}