{"id":1754,"date":"2014-12-13T21:49:02","date_gmt":"2014-12-13T20:49:02","guid":{"rendered":"http:\/\/www.sanseverinolucano.com\/?p=1754"},"modified":"2014-12-13T21:49:02","modified_gmt":"2014-12-13T20:49:02","slug":"serata-conclusiva-attraverso-litalia-concorso-internazionale-di-poesia-della-migrazione-ii-edizione","status":"publish","type":"post","link":"http:\/\/www.sanseverinolucano.com\/?p=1754","title":{"rendered":"Serata conclusiva \u201cAttraverso l\u2019Italia\u201d Concorso Internazionale di Poesia della Migrazione II edizione"},"content":{"rendered":"<p><em>Comunicato stampa della segreteria del premio<\/em><\/p>\n<p style=\"text-align: justify\">Si \u00e8 tenuta il 7 dicembre scorso, presso il Ridotto del Teatro Rendano di Cosenza, la premiazione del concorso <em>\u201cAttraverso l\u2019Italia\u201d<\/em>. L\u2019evento \u00e8 stato promosso dalle Associazioni Logos Contatto e ONLUS \u201cPassaggi\u201d, con il patrocinio del Comune di Cosenza e del Dipartimento di Lingue e Scienze dell\u2019Educazione dell\u2019Universit\u00e0 della Calabria.<br \/>\nLa cerimonia \u00e8 stata aperta dai saluti del Prof. Francesco Altimari, direttore del Dipartimento Unical patrocinante e da Caterina De Nardi, Presidente dell\u2019Onlus \u201cPassaggi\u201d.<br \/>\nAlessandro Gaudio, membro della giuria, ha illustrato brevemente i criteri che hanno accompagnato la scelta delle opere vincitrici.<br \/>\nLa serata, diretta da Mario Benvenuto e da Griselda Doka, si \u00e8 articolata in pi\u00f9 momenti. Ogni vincitore \u00e8 stato annunciato da una nota biografica e dalla motivazione parte della giuria, alle quali \u00e8 seguita la lettura delle poesie per la sezione inediti e di brani scelti per la sezione editi.<br \/>\nErano presenti a ritirare il premio i seguenti poeti: Fatime Kulli e Vasily Biserov menzioni speciali sez. inediti); <strong>Maria Pina Ciancio<\/strong> (<em>prima classificata per l\u2019edito<\/em>). A questi si \u00e8 aggiunta in videoconferenza Arianna Luci, prima classificata per la sezione inediti.<br \/>\nOgnuno di loro \u00e8 stato invitato a tenere un breve intervento. <a href=\"http:\/\/migranzeletterarie.wordpress.com\/2014\/12\/10\/intervista-a-maria-pina-ciancio\/\" target=\"_blank\">Un\u2019intervista<\/a> \u00e8 stata invece riservata alla poetessa lucana Maria Pina Ciancio, che ha parlato della silloge vincitrice &#8220;<a href=\"http:\/\/www.faraeditore.it\/html\/siacosache\/ciancio.html\" target=\"_blank\">Storie minime<\/a> e una poesia per Rocco Scotellaro&#8221;, annunciando la sua ultima pubblicazione &#8220;<a href=\"https:\/\/openlibrary.org\/books\/OL25448673M\/Assolo_per_mia_madre\" target=\"_blank\">Assolo per mia madre<\/a>&#8221; per le edizioni L\u2019Arca felice di Salerno.<br \/>\nSeguendo il format della prima edizione, la serata \u00e8 stata poi arricchita dall\u2019intervento di un ospite, Pierino Gallo, poeta e ricercatore di Letteratura francese, intervistato da Griselda Doka. Il poeta ha ricordato, nel corso del dialogo, l\u2019importanza alcuni aspetti dell\u2019immaginario poetico della migrazione, evidenziando l\u2019importanzadella lettura e dell\u2019ascolto poetico sin da giovanissimi.<\/p>\n<p style=\"text-align: justify\">L\u2019accompagnamento musicale \u00e8 stato curato da Tecla Cerchiara e la lettura dei brani da Filomena Minella Bloise, Ciccio De Rose, Rossella Michienzi e Alessandro Senato.<br \/>\nL\u2019evento si \u00e8 concluso con un omaggio al tango poetico a cura di Mario e Aurelio Benvenuto.<\/p>\n<div id=\"attachment_1762\" style=\"width: 310px\" class=\"wp-caption alignnone\"><a href=\"http:\/\/www.sanseverinolucano.com\/wp-content\/uploads\/2014\/12\/articolo-maria-pina-ciancio.jpg\"><img loading=\"lazy\" decoding=\"async\" aria-describedby=\"caption-attachment-1762\" class=\"wp-image-1762 size-medium\" src=\"http:\/\/www.sanseverinolucano.com\/wp-content\/uploads\/2014\/12\/articolo-maria-pina-ciancio-300x222.jpg\" alt=\"articolo\" width=\"300\" height=\"222\" srcset=\"http:\/\/www.sanseverinolucano.com\/wp-content\/uploads\/2014\/12\/articolo-maria-pina-ciancio-300x222.jpg 300w, http:\/\/www.sanseverinolucano.com\/wp-content\/uploads\/2014\/12\/articolo-maria-pina-ciancio-1024x759.jpg 1024w, http:\/\/www.sanseverinolucano.com\/wp-content\/uploads\/2014\/12\/articolo-maria-pina-ciancio.jpg 1963w\" sizes=\"auto, (max-width: 300px) 100vw, 300px\" \/><\/a><p id=\"caption-attachment-1762\" class=\"wp-caption-text\">Corriere del sud, 10 dicembre 2014<\/p><\/div>\n","protected":false},"excerpt":{"rendered":"<p>Comunicato stampa della segreteria del premio Si \u00e8 tenuta il 7 dicembre scorso, presso il Ridotto del Teatro Rendano di Cosenza, la premiazione del concorso \u201cAttraverso l\u2019Italia\u201d. L\u2019evento \u00e8 stato promosso dalle Associazioni Logos Contatto e ONLUS \u201cPassaggi\u201d, con il&hellip; <\/p>\n","protected":false},"author":14,"featured_media":0,"comment_status":"open","ping_status":"open","sticky":false,"template":"","format":"standard","meta":{"footnotes":""},"categories":[4],"tags":[85,86,88,73,87,84,79,72,70,78,83,76,49,81,82,63,77,80,69,75],"class_list":["post-1754","post","type-post","status-publish","format-standard","hentry","category-cult","tag-alessandro-gaudio","tag-alessandro-senato","tag-assolo-per-mia-madre","tag-attraverso-litalia","tag-calabria","tag-caterina-de-nardi","tag-ciccio-de-rose","tag-concorso","tag-cosenza","tag-filomena-minella-bloise","tag-francesco-altimari","tag-griselda-doka","tag-maria-pina-ciancio","tag-mario-benvenuto","tag-migrazione","tag-poesia","tag-premiazione","tag-rossella-michienzi","tag-storie-minime","tag-teatro-rendano"],"_links":{"self":[{"href":"http:\/\/www.sanseverinolucano.com\/index.php?rest_route=\/wp\/v2\/posts\/1754","targetHints":{"allow":["GET"]}}],"collection":[{"href":"http:\/\/www.sanseverinolucano.com\/index.php?rest_route=\/wp\/v2\/posts"}],"about":[{"href":"http:\/\/www.sanseverinolucano.com\/index.php?rest_route=\/wp\/v2\/types\/post"}],"author":[{"embeddable":true,"href":"http:\/\/www.sanseverinolucano.com\/index.php?rest_route=\/wp\/v2\/users\/14"}],"replies":[{"embeddable":true,"href":"http:\/\/www.sanseverinolucano.com\/index.php?rest_route=%2Fwp%2Fv2%2Fcomments&post=1754"}],"version-history":[{"count":11,"href":"http:\/\/www.sanseverinolucano.com\/index.php?rest_route=\/wp\/v2\/posts\/1754\/revisions"}],"predecessor-version":[{"id":1766,"href":"http:\/\/www.sanseverinolucano.com\/index.php?rest_route=\/wp\/v2\/posts\/1754\/revisions\/1766"}],"wp:attachment":[{"href":"http:\/\/www.sanseverinolucano.com\/index.php?rest_route=%2Fwp%2Fv2%2Fmedia&parent=1754"}],"wp:term":[{"taxonomy":"category","embeddable":true,"href":"http:\/\/www.sanseverinolucano.com\/index.php?rest_route=%2Fwp%2Fv2%2Fcategories&post=1754"},{"taxonomy":"post_tag","embeddable":true,"href":"http:\/\/www.sanseverinolucano.com\/index.php?rest_route=%2Fwp%2Fv2%2Ftags&post=1754"}],"curies":[{"name":"wp","href":"https:\/\/api.w.org\/{rel}","templated":true}]}}