{"id":176,"date":"2013-10-24T14:17:05","date_gmt":"2013-10-24T12:17:05","guid":{"rendered":"http:\/\/www.sanseverinolucano.com\/?p=176"},"modified":"2014-06-15T14:17:20","modified_gmt":"2014-06-15T12:17:20","slug":"ricordando-giovanni-xxiii-e-j-f-kennedy-nel-50-della-loro-morte","status":"publish","type":"post","link":"http:\/\/www.sanseverinolucano.com\/?p=176","title":{"rendered":"Ricordando Giovanni XXIII e J.F. Kennedy nel 50\u00b0 della loro morte"},"content":{"rendered":"<p><span style=\"color: #000000\">Giovanni XXIII, John Fitzgerald Kennedy: due fari luminosi accesi per rendere l&#8217;umanit\u00e0 migliore, per avviare decisamente i popoli verso la pace, per segnare un&#8217;impronta indelebile sulla via del progresso. La loro scomparsa rattrist\u00f2 profondamente gli uomini, che si sono ritrovati pi\u00f9 poveri e pi\u00f9 soli. Ma l&#8217;incidenza della loro opera non \u00e8 tramontata, non si \u00e8 spenta, perch\u00e8 le costruzioni fondate sull&#8217;amore e sulla libert\u00e0 sono imperiture.<\/span><br \/>\n<span style=\"color: #000000\">Papa Giovanni ha posto l&#8217;accento sull&#8217;ecumenicit\u00e0 del messaggio cristiano, avviando l&#8217;opera imponente di fraternizzazione universale che \u00e8 il Concilio Vaticano II. Con la sua squisita carit\u00e0 ha avvicinato le varie classi sociali, i pi\u00f9 svariati popoli, gli uomini dalle fedi pi\u00f9 contrastanti con tocchi delicati e sapienti, riportando l&#8217;annunzio evangelico alle sue scaturigini pi\u00f9 genuine, sfidando i pi\u00f9 retrivi conformismi con la sua bont\u00e0 intelligente e matura, rendendo accettabile il dolore con la sublime offerta della sua vita, compiuta in umilt\u00e0 e semplicit\u00e0.<\/span><br \/>\n<span style=\"color: #000000\">&lt;&lt;Attraverso Lui, la divina luce che unisce gli uomini ha dimostrato di essere pi\u00f9 forte e pi\u00f9 durevole delle forze che dividono l&#8217;umanit\u00e0. La sua saggezza, la sua carit\u00e0, e la sua dolce fermezza hanno lasciato un nuovo retaggio di propositi e di coraggio per il futuro&gt;&gt; (Kennedy).<\/span><br \/>\n<span style=\"color: #000000\">&lt;&lt;La morte di\u00a0 Sua Santit\u00e0 Giovanni XXIII provoca profondo cordoglio tra gli uomini di ogni parte del mondo che videro in lui un simbolo di universalit\u00e0, di pace ed armonia. Egli ha parlato per tutti gli uomini e a tutti gli uomini&gt;&gt; (U Thant, Segretario dell&#8217;ONU).<\/span><br \/>\n<span style=\"color: #000000\">Il Presidente Kennedy, stroncato nel fiore degli anni con un gesto umanamente inutile e orrido, ha portato nel mondo una nota di ottimismo realistico. Ai suoi connazionali sfiduciati ha fornito l&#8217;esempio di una laboriosit\u00e0 serena e sorridente, dove la gioia dell&#8217;aiuto solidale dato agli uomini meno liberi e vittime di pregiudizi atavici assume il senso di vivido dovere civico e sociale. La sua tenace ricerca di un equilibrio politico mondiale costituisce una lezione di civilt\u00e0 che i posteri non dimenticheranno.<\/span><br \/>\n<span style=\"color: #000000\">Affermava Kennedy: se l&#8217;uomo non pone fine alla guerra, sar\u00e0 la guerra che metter\u00e0 fine all&#8217;uomo. E della complessa questione sociale \u2013 la pesante eredit\u00e0 del XX secolo \u2013 la soluzione fu additata dal grande Pontefice Giovanni XXIII nella verit\u00e0, nella giustizia, nella libert\u00e0 e nella carit\u00e0.<\/span><br \/>\n<span style=\"color: #000000\">La magistrale Enciclica &lt;&lt;Pacem in terris&gt;&gt; ha avuto il consenso e l&#8217;ammirazione del mondo intero.<\/span><br \/>\n<span style=\"color: #000000\">L&#8217;esortazione alla concordia che viene dall&#8217;insegnamento di Papa Roncalli ha un sublime valore universale, in grado di essere inteso e accolto in ogni angolo della terra.<\/span><br \/>\n<span style=\"color: #000000\">Mai come oggi c&#8217;\u00e8 dunque bisogno di affermare i valori del dialogo e della dignit\u00e0 della persona come antidoto all&#8217;intolleranza e come condizione necessaria per disattivare le tensioni che attraversano la societ\u00e0 contemporanea.<\/span><br \/>\n<span style=\"color: #000000\">Molto c&#8217;\u00e8 purtroppo da fare per giungere alla fraterna convivenza tra uomini e culture in tutte le aree della Terra. Cadute le ideologie e le barriere politiche della guerra fredda, le odierne spinte all&#8217;intolleranza e alla violenza tendono ad assumere sempre pi\u00f9 spesso le forme del pregiudizio etnico-culturale, del fanatismo nazionalista, dell&#8217;estremismo integralista.<\/span><br \/>\n<span style=\"color: #000000\">Vedo poi in Papa Francesco pi\u00f9 una vicinanza con Giovanni XXIII, cui somiglia anche per la ricerca della semplicit\u00e0. Papa Giovanni era un cosiddetto \u201cPapa di transizione\u201d, invece, poi, inaugurando il Concilio Vaticano II ha cambiato un po&#8217; tutta la Chiesa, tutto il mondo con un pi\u00f9 retto ordinamento delle istituzioni e della convivenza internazionale nella verit\u00e0, nella giustizia, nell&#8217;amore e nella libert\u00e0.<\/span><br \/>\n<span style=\"color: #000000\">Ogni giorno, attraverso i giornali, la televisione, la radio, il male viene raccontato, ripetuto, amplificato, abituandoci alle cose pi\u00f9 orribili, facendoci diventare insensibili e, in qualche maniera, intossicandoci, perch\u00e8 il negativo non viene pienamente smaltito e giorno per giorno si accumula. A sentire i mass-media, sarebbe da credere che la nostra societ\u00e0 stia vivendo una regressione in termini di de-civilizzazione, di imbarbarimento dei costumi e dei rapporti relazionali, da destare non poche preoccupazioni per una pacifica convivenza futura.<\/span><br \/>\n<span style=\"color: #000000\">Oggi ci vantiamo del grande progresso scientifico e tecnologico, ma abbassiamo la voce quando c&#8217;\u00e8 da parlare d&#8217;amore, paurosi di essere incompresi o derisi. Viviamo nell&#8217;anonimato; camminiamo gomito a gomito, usiamo le stesse scale, lo stesso ascensore e lo stesso pianerottolo, e non ci conosciamo. Negli uffici c&#8217;\u00e8 l&#8217;arrivismo e la corruzione, nelle fabbriche si parla di lotte, nelle famiglie si convive. Eppure la Chiesa porta amore, fa sentire la sua voce contro il sovraffollamento delle carceri, contro gli sprechi, il femminicidio, il facile consumismo e tanti altri mali sociali. <\/span><br \/>\n<span style=\"color: #000000\">Emergono cos\u00ec l&#8217;alta statura di Giovanni XXIII e di Kennedy e la perenne validit\u00e0 del loro insegnamento. Ambedue illustri fautori di pace e pionieri sociali.<\/span><br \/>\n<span style=\"color: #000000\">Richiamandoci a loro noi affermiamo il valore della persona umana, della sua libert\u00e0 e dignit\u00e0, l&#8217;impegno da questi profuso per il progresso dei popoli nella libert\u00e0, nella solidariet\u00e0, nella giustizia e nella pace; affermiamo soprattutto gli inalienabili diritti degli stessi popoli per il conseguimento del pieno loro sviluppo sociale, economico, culturale e spirituale.<\/span><br \/>\n<span style=\"color: #000000\">L&#8217;eredit\u00e0 spirituale e politica, tramandata da queste grandi figure storiche, va pertanto non solo custodita e difesa, ma sviluppata e rafforzata.<\/span><\/p>\n<p><span style=\"color: #000000\"><strong>Don Camillo Perrone<\/strong>, Parroco emerito di San Severino Lucano<\/span><\/p>\n","protected":false},"excerpt":{"rendered":"<p>Giovanni XXIII, John Fitzgerald Kennedy: due fari luminosi accesi per rendere l&#8217;umanit\u00e0 migliore, per avviare decisamente i popoli verso la pace, per segnare un&#8217;impronta indelebile sulla via del progresso. La loro scomparsa rattrist\u00f2 profondamente gli uomini, che si sono ritrovati&hellip; <\/p>\n","protected":false},"author":3,"featured_media":0,"comment_status":"closed","ping_status":"open","sticky":false,"template":"","format":"standard","meta":{"footnotes":""},"categories":[4,8],"tags":[],"class_list":["post-176","post","type-post","status-publish","format-standard","hentry","category-cult","category-pol"],"_links":{"self":[{"href":"http:\/\/www.sanseverinolucano.com\/index.php?rest_route=\/wp\/v2\/posts\/176","targetHints":{"allow":["GET"]}}],"collection":[{"href":"http:\/\/www.sanseverinolucano.com\/index.php?rest_route=\/wp\/v2\/posts"}],"about":[{"href":"http:\/\/www.sanseverinolucano.com\/index.php?rest_route=\/wp\/v2\/types\/post"}],"author":[{"embeddable":true,"href":"http:\/\/www.sanseverinolucano.com\/index.php?rest_route=\/wp\/v2\/users\/3"}],"replies":[{"embeddable":true,"href":"http:\/\/www.sanseverinolucano.com\/index.php?rest_route=%2Fwp%2Fv2%2Fcomments&post=176"}],"version-history":[{"count":1,"href":"http:\/\/www.sanseverinolucano.com\/index.php?rest_route=\/wp\/v2\/posts\/176\/revisions"}],"predecessor-version":[{"id":177,"href":"http:\/\/www.sanseverinolucano.com\/index.php?rest_route=\/wp\/v2\/posts\/176\/revisions\/177"}],"wp:attachment":[{"href":"http:\/\/www.sanseverinolucano.com\/index.php?rest_route=%2Fwp%2Fv2%2Fmedia&parent=176"}],"wp:term":[{"taxonomy":"category","embeddable":true,"href":"http:\/\/www.sanseverinolucano.com\/index.php?rest_route=%2Fwp%2Fv2%2Fcategories&post=176"},{"taxonomy":"post_tag","embeddable":true,"href":"http:\/\/www.sanseverinolucano.com\/index.php?rest_route=%2Fwp%2Fv2%2Ftags&post=176"}],"curies":[{"name":"wp","href":"https:\/\/api.w.org\/{rel}","templated":true}]}}