{"id":180,"date":"2013-07-30T14:18:16","date_gmt":"2013-07-30T12:18:16","guid":{"rendered":"http:\/\/www.sanseverinolucano.com\/?p=180"},"modified":"2014-06-15T14:18:32","modified_gmt":"2014-06-15T12:18:32","slug":"un-fisco-che-salvi-le-famiglie","status":"publish","type":"post","link":"http:\/\/www.sanseverinolucano.com\/?p=180","title":{"rendered":"Un fisco che &#8220;salvi&#8221; le famiglie"},"content":{"rendered":"<p><span style=\"color: #000000\">Il 24% della popolazione europea, ossia 120 milioni di persone, sono a rischio di povert\u00e0 o di esclusione sociale. Una delle principali caratteristiche \u00e8 l&#8217;impossibilit\u00e0 di accedere ad appropriate quantit\u00e0 di cibo, o di alimenti di una certa qualit\u00e0. L&#8217;8,7% della popolazione Ue non si pu\u00f2 permettere un pasto di carne, pollo o pesce tutti i giorni.<\/span><br \/>\n<span style=\"color: #000000\">E ora che dire della povert\u00e0 che attanaglia circa dieci milioni di italiani; che dire della povert\u00e0 pi\u00f9 nera che colpisce cinque milioni di persone nel sud Italia! Sono cifre molto spaventose. <\/span><br \/>\n<span style=\"color: #000000\">La crisi economica colpisce duramente le famiglie italiane; l&#8217;Istat ha diffuso gli ultimi dati che non sono per niente confortanti: la povert\u00e0 galoppa e gli italiani restano al palo. Nel 2012, oltre tre milioni di famiglie si sono scoperte relativamente povere, un milione e 725 mila lo sono in termini assoluti. Significa che mentre le prime possono spendere in un mese 990,88 euro \u2014 se i componenti sono due, altrimenti la cifra va maggiorata in base al numero dei familiari \u2014 le seconde hanno a disposizione una cifra ancora pi\u00f9 bassa. A sprofondare nella povert\u00e0 sono state soprattutto le famiglie composte da quattro o pi\u00f9 persone: le mamme e i pap\u00e0 che hanno messo al mondo tre figli o pi\u00f9 e che si sono ritrovati senza un soldo in tasca sono passati dal 10,4% al\u00a0 16,2. E se i figli sono minori \u00e8 anche peggio. La situazione pi\u00f9 drammatica \u00e8 al Sud dove la povert\u00e0 aumenta sensibilmente anche nelle famiglie di impiegati, dirigenti e imprenditori. Ed \u00e8 povera la met\u00e0 dei nuclei con un disoccupato capofamiglia.<\/span><br \/>\n<span style=\"color: #000000\">Approfondiamo quanto riferito finora.<\/span><br \/>\n<span style=\"color: #000000\">Le cifre dell&#8217;Istat rappresentano con chiarezza ci\u00f2 che \u00e8 accaduto. Parlano di povert\u00e0 relativa che in Italia \u00e8 passata dall&#8217;11,1 al 12,7% delle famiglie, ma \u00e8 in realt\u00e0 la media &#8220;bugiarda&#8221; tra un Nord al 6,2 e un Mezzogiorno al 26,2%, ben 20 punti in pi\u00f9. Significa che al Sud \u00e8 sotto la povert\u00e0 relativa oltre un quarto di tutte le famiglie, e se il capofamiglia perde il lavoro, la povert\u00e0 colpisce subito un nucleo su due, visto che si tratta in gran parte di monoreddito. E ancora, un livello di istruzione medio-alto, l&#8217;essere impiegati o addirittura dirigenti, non proteggono pi\u00f9, di per s\u00e9, dal rischio povert\u00e0. Nulla \u00e8 pi\u00f9 sicuro, assodato, quando il lavoro \u00e8 incerto. <\/span><br \/>\n<span style=\"color: #000000\">Tanto che l&#8217;unica categoria in lieve miglioramento ora \u00e8 quella dei pensionati, in qualche modo &#8220;protetti&#8221; dal (pur magro) assegno Inps. La &#8220;vecchia&#8221; povert\u00e0 ha lasciato il posto a una nuova precariet\u00e0 diffusa, trasversale, immanente e pervasiva. <\/span><br \/>\n<span style=\"color: #000000\">\u00c8 per\u00f2 in particolare la progressione del rischio correlato al numero dei componenti della famiglia ad essere impressionante. <\/span><br \/>\n<span style=\"color: #000000\">Il Paese che frana \u00e8 questo: sono gli impiegati licenziati al Nord, che a 50 anni nessuno vuole pi\u00f9. Sono gli operai del Sud in cassa integrazione perenne, assieme ai giovani precari a vita. Sono soprattutto i genitori che hanno fatto &#8220;la pazzia&#8221; di realizzare un progetto di vita. E si ritrovano soli, senza aiuti e il giusto riconoscimento, ad affrontare la crescita dei figli. Occorre agire per rilanciare l&#8217;economia e il lavoro, in particolare nel Mezzogiorno, con misure di stimolo alla crescita e di miglior utilizzo dei fondi disponibili. Quindi mettere in campo programmi specifici di lotta alla povert\u00e0 e di inserimento sociale.<\/span><br \/>\n<span style=\"color: #000000\">La politica non deve puntare all&#8217;abbattimento dello Stato sociale e democratico, erodendo i diritti sociali, pena la crescita delle diseguaglianze e il conseguente indebolimento della democrazia partecipativa. I partiti debbono avere come punto di riferimento i diritti e doveri dell&#8217;uomo considerati come unit\u00e0 indivisibile, e non possono essere privi dell&#8217;orizzonte del bene umano integrale.<\/span><br \/>\n<span style=\"color: #000000\">Al riguardo ognuno di noi auspica meno tasse, specie per le famiglie.<\/span><br \/>\n<span style=\"color: #000000\">Poi un fisco giusto, non vessatorio n\u00e9 ricattatorio, \u00e8 strumento decisivo di regolazione dello Stato sociale, insieme a un sistema sostenibile di previdenza. Entrambi devono essere servi certi e non un minaccioso assillo.<\/span><br \/>\n<span style=\"color: #000000\">Soprattutto, non si pu\u00f2 attendere ulteriormente per varare anche un intervento significativo, uno choc positivo sul piano fiscale, che ridia equit\u00e0 al sistema e ossigeno immediato alle famiglie. Sostenerle nel loro compito di cura, riconoscendo i diversi pesi di cui si fanno carico &#8211; attraverso un sistema come il &#8220;quoziente familiare&#8221; o il &#8220;fattore famiglia&#8221; &#8211; per garantire un maggior reddito disponibile ad ogni nucleo rappresenta la prima forma di assicurazione contro il rischio povert\u00e0.\u00a0 \u00a0<\/span><br \/>\n<span style=\"color: #000000\">Lo Stato non deve considerarsi il centro unico, la sintesi della societ\u00e0. I partiti non sono i padroni della cosa pubblica, disponendone a piacere come di una cosa privata; la politica deve guardare alla complessit\u00e0 del tessuto sociale, avere un ruolo di coordinazione, di ascolto, favorire la partecipazione degli organismi intermedi per non condannare milioni di cittadini a un dramma e il Paese a una tragedia collettiva.<\/span><\/p>\n<p><span style=\"color: #000000\"><strong>Don Camillo Perrone<\/strong>, Parroco emerito di San Severino Lucano<\/span><\/p>\n","protected":false},"excerpt":{"rendered":"<p>Il 24% della popolazione europea, ossia 120 milioni di persone, sono a rischio di povert\u00e0 o di esclusione sociale. Una delle principali caratteristiche \u00e8 l&#8217;impossibilit\u00e0 di accedere ad appropriate quantit\u00e0 di cibo, o di alimenti di una certa qualit\u00e0. L&#8217;8,7%&hellip; <\/p>\n","protected":false},"author":3,"featured_media":0,"comment_status":"closed","ping_status":"open","sticky":false,"template":"","format":"standard","meta":{"footnotes":""},"categories":[4,8],"tags":[],"class_list":["post-180","post","type-post","status-publish","format-standard","hentry","category-cult","category-pol"],"_links":{"self":[{"href":"http:\/\/www.sanseverinolucano.com\/index.php?rest_route=\/wp\/v2\/posts\/180","targetHints":{"allow":["GET"]}}],"collection":[{"href":"http:\/\/www.sanseverinolucano.com\/index.php?rest_route=\/wp\/v2\/posts"}],"about":[{"href":"http:\/\/www.sanseverinolucano.com\/index.php?rest_route=\/wp\/v2\/types\/post"}],"author":[{"embeddable":true,"href":"http:\/\/www.sanseverinolucano.com\/index.php?rest_route=\/wp\/v2\/users\/3"}],"replies":[{"embeddable":true,"href":"http:\/\/www.sanseverinolucano.com\/index.php?rest_route=%2Fwp%2Fv2%2Fcomments&post=180"}],"version-history":[{"count":1,"href":"http:\/\/www.sanseverinolucano.com\/index.php?rest_route=\/wp\/v2\/posts\/180\/revisions"}],"predecessor-version":[{"id":181,"href":"http:\/\/www.sanseverinolucano.com\/index.php?rest_route=\/wp\/v2\/posts\/180\/revisions\/181"}],"wp:attachment":[{"href":"http:\/\/www.sanseverinolucano.com\/index.php?rest_route=%2Fwp%2Fv2%2Fmedia&parent=180"}],"wp:term":[{"taxonomy":"category","embeddable":true,"href":"http:\/\/www.sanseverinolucano.com\/index.php?rest_route=%2Fwp%2Fv2%2Fcategories&post=180"},{"taxonomy":"post_tag","embeddable":true,"href":"http:\/\/www.sanseverinolucano.com\/index.php?rest_route=%2Fwp%2Fv2%2Ftags&post=180"}],"curies":[{"name":"wp","href":"https:\/\/api.w.org\/{rel}","templated":true}]}}