{"id":182,"date":"2013-07-15T14:19:22","date_gmt":"2013-07-15T12:19:22","guid":{"rendered":"http:\/\/www.sanseverinolucano.com\/?p=182"},"modified":"2014-06-15T14:19:39","modified_gmt":"2014-06-15T12:19:39","slug":"dai-richiami-di-francesco-a-quelli-di-giorgio-napolitano","status":"publish","type":"post","link":"http:\/\/www.sanseverinolucano.com\/?p=182","title":{"rendered":"Dai richiami di Francesco a quelli di Giorgio Napolitano"},"content":{"rendered":"<p><span style=\"color: #000000\">Non si \u00e8 spenta la vasta eco delle parole, dei gesti, suscitata da Papa Francesco nella visita storica di Lampedusa. Sorprese, emozioni, calore umano, appelli che scuotono&#8230;<\/span><br \/>\n<span style=\"color: #000000\">Ha esordito Papa Francesco: \u201cSiamo una societ\u00e0 che ha dimenticato l&#8217;esperienza del piangere, del \u201cpatire con\u201d; la globalizzazione dell&#8217;indifferenza\u201d. E&#8217; il richiamo alla solidariet\u00e0 pi\u00f9 generosa; la corona dei fiori gettata in mare in onore dei fratelli feriti nel naufragio. Poi la Santa Messa. &lt;&lt;Un gesto storico&gt;&gt;, &lt;&lt;parole bellissime&gt;&gt;: la comunit\u00e0 islamica italiana accoglie con entusiasmo e riconoscenza i gesti e le parole del Papa, che ha rivolto un pensiero &lt;&lt;ai cari immigrati musulmani che stanno iniziando il digiuno di Ramadan&gt;&gt;. Infine Bergoglio non pu\u00f2 non ricordare ai politici di mettere in campo soluzioni costruttive ed umane per gli immigrati in difficolt\u00e0, per i poveri e per i rifugiati. E&#8217; il richiamo alla compassione solidale, all&#8217;altruismo concreto.<\/span><br \/>\n<span style=\"color: #000000\">Purtroppo la nostra vita sociale \u00e8 divenuta troppo superficiale e non riusciamo a percepire la profondit\u00e0 delle dinamiche collettive, per cui le persone sono solo degli \u201caltri\u201d, corpi senza anima o oggetti senza volto, scambiabili e consumabili. Necessita spezzare la logica di un sistema culturale univoco e perverso, di cui si subiscono tutte le contraddizioni e le perversioni, proponendo un&#8217;alternativa credibile che riaffermi i valori evangelici della fraternit\u00e0, della carit\u00e0, della comprensione e del dialogo.<\/span><br \/>\n<span style=\"color: #000000\">Andiamo ora alla politica italiana. Giorgio Napolitano richiama tutti alla coesione sociale, al patriottismo che unifica; no all&#8217;imbarbarimento della vita civile. L&#8217;ora \u00e8 grave: sostenere il governo in carica e proseguire con le riforme. Ci sono fibrillazioni e conati di xenofobia. Le grandi difficolt\u00e0 dell&#8217;ora presente\u00a0 richiedono un sussulto di consapevolezza e di partecipazione che non sia circoscritto alla pur necessaria dimensione politica. <\/span><br \/>\n<span style=\"color: #000000\">La situazione di emergenza non sembra di breve periodo; perci\u00f2 la tentazione sarebbe adesso la divisione, la fallace risposta della lotta di tutti contro tutti. Dalla crisi non si esce esasperando i conflitti e lo spirito di contesa, ma praticando rinnovata solidariet\u00e0 e nuova amicizia civica. L&#8217;Italia \u00e8 stata grande quando, nei momenti difficili, tutti si sono fatti carico e si sono presi cura l&#8217;uno dell&#8217;altro. Questo \u00e8 tempo di risveglio della consapevolezza che ci lega un destino comune, che solo insieme supereremo le prove che ci attendono e per ci\u00f2 stesso inizieremo a ricostruire. <\/span><br \/>\n<span style=\"color: #000000\">Quindi il momento richiede uno sforzo convergente da parte di quanti rivestono ruoli di pubblica responsabilit\u00e0 come pure dei singoli cittadini. Non mancano i segnali della volont\u00e0 di uno straordinario impegno collettivo, riconoscibili nella disponibilit\u00e0 di tanti a farsi carico dei sacrifici necessari, mentre rimane quasi intatto dinanzi a noi il compito di coniugare misure congiunturali e progetti per il futuro del Paese: la gravit\u00e0 del momento non tagli frettolosamente fuori ci\u00f2 che va appena oltre i quotidiani bollettini economici. <\/span><br \/>\n<span style=\"color: #000000\">Tutta la comunit\u00e0\u00a0 si sente chiamata a far crescere la coscienza della responsabilit\u00e0 comune nei confronti del Paese. C&#8217;\u00e8 il bene comune da promuovere.<\/span><br \/>\n<span style=\"color: #000000\">E il primo bene comune di cui l&#8217;intero Paese ha bisogno consiste in un rinnovato e rafforzato senso civico e dell&#8217;interesse generale. Abbiamo visto come la\u00a0 spregiudicata speculazione finanziaria l&#8217;esasperazione dell&#8217;individualismo etico-culturale di piccoli gruppi minacciano pericolosamente la vita di tutti, perch\u00e8 dilapidano ricchezza collettiva accumulata lungo decenni a forza di laboriosit\u00e0 e di risparmio, e tutto un patrimonio di tradizioni di valori e di vita buona. Finch\u00e8 non riconosceremo che la crisi si annida nei comportamenti individuali e particolaristici, non impareremo che da li inizia il riscatto che far\u00e0 vedere la luce ora e negli anni a venire, necessario ancor prima di ogni pur avveduta soluzione di un governo anomalo.<\/span><br \/>\n<span style=\"color: #000000\">Quindi non si giustificano &lt;&lt;le varie forme di chiusure particolaristiche che insidiano il tessuto sociale, politico e culturale\u00a0 della nazione: siano esse di stampo corporativo, a livello professionale ed economico, o invece facciano leva su caratteristiche anche positive della propria gente e della propria terra, finendo per\u00f2 col trasformarle in motivi di divisione e di discordia&gt;&gt;.<\/span><br \/>\n<span style=\"color: #000000\">Come pure se vogliamo uscire da questa profonda crisi, il sacrificio deve essere comune. E, soprattutto, solidale. Chi pi\u00f9 ha, pi\u00f9 deve contribuire. Al tempo stesso, per\u00f2, \u00e8 necessario vigilare perch\u00e8 i politici non vanifichino, per insipienza e ingordigia, i sacrifici dei cittadini. La politica \u00e8 chiamata a ridare dignit\u00e0 a questo Paese ormai da troppo tempo in sofferenza.<\/span><br \/>\n<span style=\"color: #000000\">Papa Francesco chiede a tutti i credenti che la loro fede cristiana agisca con un modo pi\u00f9 sociale di amare. Solo cos\u00ec il Vangelo incider\u00e0 sulla trasformazione culturale in atto. E&#8217; una sfida senza precedenti:&lt;&lt;richiede una nuova riflessione su ci\u00f2 che costituisce il rapporto del comandamento supremo dell&#8217;amore con l&#8217;ordine sociale considerato in tutta la sua complessit\u00e0&gt;&gt; (&lt;&lt;Libertatis conscientia&gt;&gt; 81).<\/span><br \/>\n<span style=\"color: #000000\">Senza la fede, l&#8217;etica manca di un saldo fondamento, la politica perde la sua anima, l&#8217;economia assoggetta gli uomini e li lascia in balia delle leggi di mercato determinando crisi e disastri sociali.<\/span><br \/>\n<span style=\"color: #000000\">Dobbiamo impegnarci in prima persona responsabilizzando la nostra vita e dando il nostro solidale contributo per la costruzione di una nuova societ\u00e0 a misura d&#8217;uomo, superando atteggiamenti dimessi e rinunciatari presenti all&#8217;interno della societ\u00e0 stessa.<\/span><\/p>\n<p><span style=\"color: #000000\"><strong>Don Camillo Perrone<\/strong>, Parroco emerito di San Severino Lucano<\/span><\/p>\n","protected":false},"excerpt":{"rendered":"<p>Non si \u00e8 spenta la vasta eco delle parole, dei gesti, suscitata da Papa Francesco nella visita storica di Lampedusa. Sorprese, emozioni, calore umano, appelli che scuotono&#8230; Ha esordito Papa Francesco: \u201cSiamo una societ\u00e0 che ha dimenticato l&#8217;esperienza del piangere,&hellip; <\/p>\n","protected":false},"author":3,"featured_media":0,"comment_status":"closed","ping_status":"open","sticky":false,"template":"","format":"standard","meta":{"footnotes":""},"categories":[4,8],"tags":[],"class_list":["post-182","post","type-post","status-publish","format-standard","hentry","category-cult","category-pol"],"_links":{"self":[{"href":"http:\/\/www.sanseverinolucano.com\/index.php?rest_route=\/wp\/v2\/posts\/182","targetHints":{"allow":["GET"]}}],"collection":[{"href":"http:\/\/www.sanseverinolucano.com\/index.php?rest_route=\/wp\/v2\/posts"}],"about":[{"href":"http:\/\/www.sanseverinolucano.com\/index.php?rest_route=\/wp\/v2\/types\/post"}],"author":[{"embeddable":true,"href":"http:\/\/www.sanseverinolucano.com\/index.php?rest_route=\/wp\/v2\/users\/3"}],"replies":[{"embeddable":true,"href":"http:\/\/www.sanseverinolucano.com\/index.php?rest_route=%2Fwp%2Fv2%2Fcomments&post=182"}],"version-history":[{"count":1,"href":"http:\/\/www.sanseverinolucano.com\/index.php?rest_route=\/wp\/v2\/posts\/182\/revisions"}],"predecessor-version":[{"id":183,"href":"http:\/\/www.sanseverinolucano.com\/index.php?rest_route=\/wp\/v2\/posts\/182\/revisions\/183"}],"wp:attachment":[{"href":"http:\/\/www.sanseverinolucano.com\/index.php?rest_route=%2Fwp%2Fv2%2Fmedia&parent=182"}],"wp:term":[{"taxonomy":"category","embeddable":true,"href":"http:\/\/www.sanseverinolucano.com\/index.php?rest_route=%2Fwp%2Fv2%2Fcategories&post=182"},{"taxonomy":"post_tag","embeddable":true,"href":"http:\/\/www.sanseverinolucano.com\/index.php?rest_route=%2Fwp%2Fv2%2Ftags&post=182"}],"curies":[{"name":"wp","href":"https:\/\/api.w.org\/{rel}","templated":true}]}}