{"id":1837,"date":"2015-01-08T16:29:12","date_gmt":"2015-01-08T15:29:12","guid":{"rendered":"http:\/\/www.sanseverinolucano.com\/?p=1837"},"modified":"2015-01-08T16:29:12","modified_gmt":"2015-01-08T15:29:12","slug":"charlie-hebdo-parigi-brucia","status":"publish","type":"post","link":"http:\/\/www.sanseverinolucano.com\/?p=1837","title":{"rendered":"Charlie Hebdo: Parigi brucia"},"content":{"rendered":"<p>&nbsp;<\/p>\n<p>Cinque minuti di terrore, 12 vittime e 11 feriti, di cui 5 gravi ma non pi\u00f9 in pericolo di vita. L&#8217;attacco messo a segno da tre uomini contro la sede del giornale, a Parigi,\u00a0ha sconvolto la Francia. Killer incappucciati e armati hanno fatto irruzione nel giornale aprendo il fuoco con dei kalashnikov. Tra le persone che hanno perso la vita, 8 giornalisti, due agenti assegnati alla protezione del direttore, un ospite che era stato invitato alla riunione di redazione e il portiere dello stabile. Sono stati uccisi il direttore del settimanale, Stephan Charbonnier, detto Charb, e i pi\u00f9 importanti vignettisti: Cabu, Tignous, Philippe Honore&#8217; e Georges Wolinski, molto famoso anche in Italia. Nell&#8217;attentato \u00e8 rimasto ucciso anche l&#8217;economista Bernard Maris, azionista della testata parigina e collaboratore di\u00a0<em>France Inter<\/em>. Anche una donna,\u00a0 Elsa Cayat,\u00a0 psicologa e psicoterapeuta, che teneva una rubrica ogni due settimane sul magazine.<\/p>\n<p>Quindici minuti prima dell&#8217;attacco, il settimanale satirico aveva pubblicato sul profilo\u00a0<em>Twitter<\/em>\u00a0una vignetta su Abu Bakr al-Baghdadi, leader dello Stato islamico (Is). Il tweet mostrava una vignetta del leader dell&#8217;Is abu Bakr al-Baghdadi con una didascalia enigmatica: &#8220;Auguri. Anche a te, al-Baghdadi&#8221;,\u00a0 alla quale il personaggio replica: &#8220;la salute innanzitutto&#8221;. Non \u00e8 chiaro se sia stato postato prima della sparatoria, certamente \u00e8 stato pubblicato prima che si avesse notizia del massacro. Gli assalitori, stando al racconto di alcuni testimoni, hanno aperto il fuoco gridando: &#8220;Vendicheremo il Profeta&#8221; e &#8220;Allah u Akbar&#8221; (Allah \u00e8 grande).<\/p>\n<p>Il presidente francese, Fran\u00e7ois Hollande, \u00e8 arrivato sul luogo dell&#8217;attentato, in pieno centro di Parigi: &#8220;\u00c8 terrorismo, non c&#8217;\u00e8 dubbio&#8221;, ha detto il presidente, che ha espresso &#8221;cordoglio per le vittime, sia giornalisti che poliziotti&#8221;. Hollande ha aggiunto che &#8220;diversi attentati sono stati sventati nelle scorse settimane&#8221;. Il capo dell&#8217;Eliseo ha invitato il Paese a mostrarsi unito: &#8220;Dobbiamo reagire con fermezza, ma con uno spirito di unit\u00e0 nazionale. Dobbiamo essere compatti, mostrare che siamo un Paese unito. &#8220;Bisogna dire basta all&#8217;ipocrisia e chiamare le cose con il loro nome: \u00e8 una strage perpetrata dall&#8217;integralismo islamico&#8221;: lo afferma <strong>Marine Le Pen<\/strong>. La leader del Fronte esorta tutti i francesi a schierarsi per &#8220;la difesa della libert\u00e0 di stampa&#8221; e , intanto, chiede il ripristino della pena di morte.<\/p>\n<p>La Lega Araba e l&#8217;universit\u00e0 cairota di Al Azhar, la massima istituzione religiosa dell&#8217;islam sunnita, condannano la strage. Per il segretario generale della Lega, Nabil al-Arabi, si tratta di un attacco terroristico che va condannato con forza&#8221;. \u00a0Stesso concetto espresso dal rettore della moschea di Parigi, Dalil Boubakeur: &#8220;E&#8217; una dichiarazione di guerra clamorosa. I tempi sono cambiati, stiamo entrando in un nuovo periodo di questo confronto&#8221;. &#8220;Siamo inorriditi dalla brutalit\u00e0 e dalla ferocia&#8221;, aggiunge Boubakeur, sottolineando di condannare &#8220;assolutamente&#8221; fatti di questo genere e di aspettare &#8220;dalle autorit\u00e0 le misure pi\u00f9 adeguate. La comunit\u00e0 \u00e8 esterrefatta da quanto \u00e8 successo&#8221;.\u00a0Per il segretario generale dell&#8217;unione delle moschee di Francia, Mohammed Mraizika: &#8220;Nulla, assolutamente nulla, pu\u00f2 giustificare o scusare questo crimine&#8221;. L&#8217;Unione delle Comunit\u00e0 Islamiche d&#8217;Italia (Ucoii) esprime &#8220;costernazione e rabbia&#8221;.<\/p>\n<p>&nbsp;<\/p>\n<p>Intanto ,sale il livello di allerta a Roma dopo l&#8217;assalto a Parigi. Sono stati potenziati i servizi di vigilanza agli obiettivi sensibili nella capitale e c&#8217;\u00e8 una &#8220;particolare attenzione&#8221; verso le redazioni giornalistiche. Ma l&#8217;attenzione cresce in tutto il Paese: il ministro dell&#8217;Interno, Angelino Alfano, ha convocato il Comitato di Analisi Strategica Antiterrorismo, presso il Dipartimento di Pubblica Sicurezza. Il Comitato, composto da tutti gli esperti di antiterrorismo delle Forze dell&#8217;Ordine e dell&#8217;Intelligence, deve esaminare con grande attenzione la minaccia terroristica. &#8220;Il livello di allerta \u00e8 elevatissimo bench\u00e8 non ci siano tracce concrete di segnali specifici di organizzazioni di eventuali attentati in Italia&#8221;.<\/p>\n<p>Quello di oggi contro il settimanale satirico \u00e8 l&#8217;attentato pi\u00f9 cruento commesso in Francia dal 1961, ai tempi della guerra di Algeria. Un attentato dell&#8217;Oas anti-indipendenza provoc\u00f2 28 morti il 18 giugno, quando una bomba colp\u00ec il treno Strasburgo-Parigi a Vitry-Le Fran\u00e7ois.<\/p>\n<p>Un vile attentato che fa tornare alla mente la profezia di Oriana Fallaci ,una grande Cassandra preoccupata per il destino dell\u2019Europa. Forse stiamo per diventare Eurabia, prigionieri dell\u2019integralismo islamico ,di una nuova Inquisizione che dall\u2019undici settembre 2001 ci vuole bruciare come eretici, tentando di tagliarci le teste e tapparci le bocche.<\/p>\n<p>Pericle, ad esempio , che si intendeva di libert\u00e0 , amava dire che il segreto della libert\u00e0 \u00e8 il coraggio e allora, dato che ci proclamiamo democratici, continuiamo a scrivere, a denunciare, perch\u00e9 la vera libert\u00e0 di stampa \u00e8 dire alla gente ci\u00f2 che la gente non vorrebbe sentirsi dire.<\/p>\n<p>&nbsp;<\/p>\n<p>Beatrice Ciminelli<\/p>\n<p>&nbsp;<\/p>\n<p>&nbsp;<\/p>\n<p>&nbsp;<\/p>\n<p>&nbsp;<\/p>\n","protected":false},"excerpt":{"rendered":"<p>&nbsp; Cinque minuti di terrore, 12 vittime e 11 feriti, di cui 5 gravi ma non pi\u00f9 in pericolo di vita. L&#8217;attacco messo a segno da tre uomini contro la sede del giornale, a Parigi,\u00a0ha sconvolto la Francia. Killer incappucciati&hellip; <\/p>\n","protected":false},"author":17,"featured_media":0,"comment_status":"open","ping_status":"open","sticky":false,"template":"","format":"standard","meta":{"footnotes":""},"categories":[8],"tags":[],"class_list":["post-1837","post","type-post","status-publish","format-standard","hentry","category-pol"],"_links":{"self":[{"href":"http:\/\/www.sanseverinolucano.com\/index.php?rest_route=\/wp\/v2\/posts\/1837","targetHints":{"allow":["GET"]}}],"collection":[{"href":"http:\/\/www.sanseverinolucano.com\/index.php?rest_route=\/wp\/v2\/posts"}],"about":[{"href":"http:\/\/www.sanseverinolucano.com\/index.php?rest_route=\/wp\/v2\/types\/post"}],"author":[{"embeddable":true,"href":"http:\/\/www.sanseverinolucano.com\/index.php?rest_route=\/wp\/v2\/users\/17"}],"replies":[{"embeddable":true,"href":"http:\/\/www.sanseverinolucano.com\/index.php?rest_route=%2Fwp%2Fv2%2Fcomments&post=1837"}],"version-history":[{"count":1,"href":"http:\/\/www.sanseverinolucano.com\/index.php?rest_route=\/wp\/v2\/posts\/1837\/revisions"}],"predecessor-version":[{"id":1838,"href":"http:\/\/www.sanseverinolucano.com\/index.php?rest_route=\/wp\/v2\/posts\/1837\/revisions\/1838"}],"wp:attachment":[{"href":"http:\/\/www.sanseverinolucano.com\/index.php?rest_route=%2Fwp%2Fv2%2Fmedia&parent=1837"}],"wp:term":[{"taxonomy":"category","embeddable":true,"href":"http:\/\/www.sanseverinolucano.com\/index.php?rest_route=%2Fwp%2Fv2%2Fcategories&post=1837"},{"taxonomy":"post_tag","embeddable":true,"href":"http:\/\/www.sanseverinolucano.com\/index.php?rest_route=%2Fwp%2Fv2%2Ftags&post=1837"}],"curies":[{"name":"wp","href":"https:\/\/api.w.org\/{rel}","templated":true}]}}