{"id":187,"date":"2013-06-06T14:21:28","date_gmt":"2013-06-06T12:21:28","guid":{"rendered":"http:\/\/www.sanseverinolucano.com\/?p=187"},"modified":"2014-06-15T14:21:46","modified_gmt":"2014-06-15T12:21:46","slug":"il-grembiule-esige-coraggio-e-istanze-da-assecondare","status":"publish","type":"post","link":"http:\/\/www.sanseverinolucano.com\/?p=187","title":{"rendered":"Il grembiule esige coraggio e istanze da assecondare"},"content":{"rendered":"<p><span style=\"color: #000000\">Quale coraggio? Quello di collaborare con le istituzioni pubbliche e con i servizi sociali; di stimolarli alla ricerca e alla tenacia, e di precederli sulla battuta, intuendo risposte nuove a bisogni nuovi.<\/span><br \/>\n<span style=\"color: #000000\">Il coraggio di schierarsi con chi si impegna lealmente a rimuovere situazioni di violenza e di ingiustizia, e di denunciare profeticamente le gravi forme di sopraffazione presenti. Il coraggio di quella violenza ermeneutica della parola evangelica che, senza darci le smanie del guerrigliero, ci abilita a non aver paura dei potenti della terra. Il coraggio di creare continuamente spine nel fianco della buona coscienza pubblica, rivelando con caparbiet\u00e0 i bisogni scoperti e quelli emergenti.<\/span><br \/>\n<span style=\"color: #000000\">Il coraggio di Papa Francesco, il bianco oracolo del Vaticano, il Papa del grembiule che con forza scandisce: &lt;&lt;Occorre testimoniare la fede con il dono di noi stessi, senza calcoli, a volte anche al prezzo della nostra vita&gt;&gt;.<\/span><br \/>\n<span style=\"color: #000000\">Egli sprona tutti i credenti, soprattutto i pastori, a passare da una Chiesa autoreferenziale, chiusa nel tempio e ripiegata su s\u00e9 stessa, a una Chiesa aperta.<\/span><br \/>\n<span style=\"color: #000000\">Afferma chiaramente:&lt;&lt;La Chiesa \u00e8 chiamata a uscire da s\u00e9 stessa, verso le periferie, non solo quelle geografiche, ma anche quelle esistenziali, quelle del mistero del peccato, del dolore, dell&#8217;ingiustizia, di ogni forma di miseria&gt;&gt;.<\/span><br \/>\n<span style=\"color: #000000\">Ha avviato una riforma silenziosa ma profonda nel segno della trasparenza, della testimonianza e della vicinanza ai poveri e agli ultimi. Anzi, ha ricollocato i poveri sull&#8217;altare, perch\u00e8 essi sono di fatto al centro della vita cristiana.<\/span><br \/>\n<span style=\"color: #000000\">Nella crisi che morde occorre far emergere, tra l&#8217;altro, il volontariato, disponibilit\u00e0 a servire nelle situazioni emergenti della vita civile ed ecclesiale; ha una importanza rilevante per la forza della spontaneit\u00e0 e freschezza di vita che parte da una carica emotiva e partecipazione affettiva soprattutto dei giovani. E&#8217; esperienza che bisogna proporre per l&#8217;alta incidenza educativa sulla mentalit\u00e0 giovanile aperta alle imprese forti e generose. Esperienza che bisogna realizzare in gruppo aperto dove le comuni crisi ed entusiasmi vengono scambievolmente condivisi per sopportare le difficolt\u00e0 e la fatica del servizio.<\/span><br \/>\n<span style=\"color: #000000\">Certamente il volontariato non dispensa la comunit\u00e0, ma rende evidentemente un servizio prezioso per l&#8217;immediatezza d&#8217;intervento, per la gratuit\u00e0, per la passione umana, per la libert\u00e0 di guardare in volto le persone che sono nel bisogno.<\/span><br \/>\n<span style=\"color: #000000\">Diciamo\u00a0 che il servizio sociale non ha soltanto un compito tecnico e scientifico per programmare e organizzare i servizi sociali del territorio e per valutarne l&#8217;efficacia, ma ha anche un compito etico-politico nel promuovere il bene comune del Paese, un compito di educazione civica, nella logica della solidariet\u00e0, in una rete di collaborazione con le istituzioni.<\/span><br \/>\n<span style=\"color: #000000\">In pratica urge promuovere l&#8217;elaborazione di politiche solidaristiche da parte dei gruppi politici, dei sindacati, dell&#8217;associazionismo. Sostenere la nascita e lo sviluppo della cooperazione sociale e delle iniziative imprenditoriali nel terzo settore. Coordinare il volontariato nella nostra Regione e renderlo sempre pi\u00f9 professionalmente competente e motivato sul piano culturale e sociale.<\/span><br \/>\n<span style=\"color: #000000\">E ora mentre un senso di precariet\u00e0 e di debolezza ci avvolge, sarebbe una inescusabile leggerezza se non ci si attivasse per dare una scossa all&#8217;indifferenza.<\/span><br \/>\n<span style=\"color: #000000\">L&#8217;Italia non \u00e8 destinata alla rassegnazione e alla recessione. Dobbiamo avere una forte ambizione per il nostro Paese, che ha tutte le possibilit\u00e0 di essere una grande nazione europea, in cui i cittadini abbiano un futuro degno. Ma bisogna abbandonare i particolarismi, gli odi che hanno caratterizzato la nostra vita politica, per unirsi in un grande sforzo.<\/span><br \/>\n<span style=\"color: #000000\">Purtroppo il problema del lavoro, che \u00e8 la chiave essenziale di tutta la questione sociale, \u00e8 drammaticamente serio, perch\u00e8 la mancanza di lavoro ha causato in questi ultimi anni un impressionante \u201cesodo\u201d sul piano migratorio interno ed esterno, ponendo i giovani in una seria crisi di speranza.<\/span><br \/>\n<span style=\"color: #000000\">Emigrano ragazzi diplomati e laureati, oppure in cerca di lavori non necessariamente umili, e non vanno lontano, certi di trovare comunque opportunit\u00e0 maggiori di quelle offerte dal nostro e loro Paese. Approdano soprattutto in Germania (che nel solo 2012, informa l&#8217;Albo degli italiani residenti all&#8217;estero, ha calcolato in quasi 11 mila nostri connazionali), per salire a bordo della potente locomotiva economica ma pure\u00a0 per approfittare di un Paese con regole precise e funzionanti. Ma anche in Francia, Svizzera, Gran Bretagna, Belgio. Persino in Spagna!<\/span><br \/>\n<span style=\"color: #000000\">A proposito permane lo sgomento e l&#8217;indignazione in noi lucani per l&#8217;efferato delitto di cui \u00e8 rimasto vittima recentemente l&#8217;Ing. Domenico Lorusso, pioniere sociale e volontario nel Madagascar. Ancora una tragedia dell&#8217;emigrazione, ancora una morte assurda di un nostro lavoratore. A Monaco di Baviera si \u00e8 consumato il crimine agghiacciante e raccapricciante. <\/span><br \/>\n<span style=\"color: #000000\">La Basilicata \u00e8 priva, \u00e8 il caso di dirlo, di un altro corregionale che metteva a frutto il suo cervello e la sua specializzazione. Un ingegnere informatico oggi, un imprenditore ieri, a conferma che ora i nostri emigrati sono risorse intellettuali importanti e non pi\u00f9 solo braccia e carne da macello. <\/span><br \/>\n<span style=\"color: #000000\">Che grande iattura la fuga dei cervelli! Facciamo si che abbiano un lavoro i nostri giovani in Italia.<\/span><br \/>\n<span style=\"color: #000000\">Tutti sono invitati a prendere coscienza della propria personale responsabilit\u00e0 nell&#8217;andamento economico-sociale, perch\u00e8 tutti possano condurre una vita dignitosa e serena, in Patria, con un lavoro stabile e con servizi adeguati.<\/span><\/p>\n<p><span style=\"color: #000000\"><strong>Don Camillo Perrone<\/strong>, Parroco emerito di San Severino Lucano<\/span><\/p>\n","protected":false},"excerpt":{"rendered":"<p>Quale coraggio? Quello di collaborare con le istituzioni pubbliche e con i servizi sociali; di stimolarli alla ricerca e alla tenacia, e di precederli sulla battuta, intuendo risposte nuove a bisogni nuovi. Il coraggio di schierarsi con chi si impegna&hellip; <\/p>\n","protected":false},"author":3,"featured_media":0,"comment_status":"closed","ping_status":"open","sticky":false,"template":"","format":"standard","meta":{"footnotes":""},"categories":[4],"tags":[],"class_list":["post-187","post","type-post","status-publish","format-standard","hentry","category-cult"],"_links":{"self":[{"href":"http:\/\/www.sanseverinolucano.com\/index.php?rest_route=\/wp\/v2\/posts\/187","targetHints":{"allow":["GET"]}}],"collection":[{"href":"http:\/\/www.sanseverinolucano.com\/index.php?rest_route=\/wp\/v2\/posts"}],"about":[{"href":"http:\/\/www.sanseverinolucano.com\/index.php?rest_route=\/wp\/v2\/types\/post"}],"author":[{"embeddable":true,"href":"http:\/\/www.sanseverinolucano.com\/index.php?rest_route=\/wp\/v2\/users\/3"}],"replies":[{"embeddable":true,"href":"http:\/\/www.sanseverinolucano.com\/index.php?rest_route=%2Fwp%2Fv2%2Fcomments&post=187"}],"version-history":[{"count":1,"href":"http:\/\/www.sanseverinolucano.com\/index.php?rest_route=\/wp\/v2\/posts\/187\/revisions"}],"predecessor-version":[{"id":188,"href":"http:\/\/www.sanseverinolucano.com\/index.php?rest_route=\/wp\/v2\/posts\/187\/revisions\/188"}],"wp:attachment":[{"href":"http:\/\/www.sanseverinolucano.com\/index.php?rest_route=%2Fwp%2Fv2%2Fmedia&parent=187"}],"wp:term":[{"taxonomy":"category","embeddable":true,"href":"http:\/\/www.sanseverinolucano.com\/index.php?rest_route=%2Fwp%2Fv2%2Fcategories&post=187"},{"taxonomy":"post_tag","embeddable":true,"href":"http:\/\/www.sanseverinolucano.com\/index.php?rest_route=%2Fwp%2Fv2%2Ftags&post=187"}],"curies":[{"name":"wp","href":"https:\/\/api.w.org\/{rel}","templated":true}]}}