{"id":1980,"date":"2015-05-05T18:03:00","date_gmt":"2015-05-05T16:03:00","guid":{"rendered":"http:\/\/www.sanseverinolucano.com\/?p=1980"},"modified":"2015-05-05T18:03:00","modified_gmt":"2015-05-05T16:03:00","slug":"intervista-a-roberto-fiore","status":"publish","type":"post","link":"http:\/\/www.sanseverinolucano.com\/?p=1980","title":{"rendered":"Intervista a Roberto Fiore"},"content":{"rendered":"<p>&nbsp;<\/p>\n<p>&nbsp;<\/p>\n<p>Il leader di Forza Nuova ha origini lucane; il suo motto: &#8220;my country, right or wrong\u201d.<\/p>\n<p>Roma, 23 aprile 2015.<\/p>\n<p>Roberto Fiore, leader di Forza Nuova, nato a Roma nel 1959, cattolico, sposato, undici figli e origini lucane da parte paterna, di Sant\u2019Arcangelo per l\u2019esattezza, \u00e8 pronto a ricevermi nella sede del partito di cui \u00e8 Segretario Nazionale.<\/p>\n<p>Forza Nuova viene fondata da Roberto Fiore e Massimo Morsello il 29 settembre 1997. Non \u00e8 una data casuale perch\u00e9 \u00e8 quella dedicata a\u00a0san Michele Arcangelo, simbolo della\u00a0Guardia di Ferro rumena alla quale Forza Nuova storicamente si rif\u00e0. Si caratterizza ben presto per il forte richiamo al\u00a0fascismo storico, al\u00a0peronismo e al\u00a0tradizionalismo cattolico.<\/p>\n<p>Pochi minuti di attesa prima di trovarsi di fronte il candidato a Sindaco di Venezia per FN, vulcanico, determinato \u00a0ed estremamente disponibile a rispondere a tutte le domande, anche le pi\u00f9 scomode, come quella da cui parte l\u2019intervista:<\/p>\n<p>La pagina di wikipedia che lo riguarda \u00e8 stata oscurata; vuole dire qualcosa in merito al suo presunto coinvolgimento nella strage di Bologna del 1980?<\/p>\n<p>&lt;&lt;Il mio avvocato ha provveduto alla denuncia per diffamazione, perch\u00e9 sono parte lesa in quel processo e vittima di un depistaggio che port\u00f2 alla condanna per calunnia di Licio Gelli e di altri esponenti della P2. Di conseguenza, l\u2019unico coinvolgimento che c\u2019\u00e8 con i fatti di Bologna \u00e8 l\u2019essere del tutto estraneo alla strage&gt;&gt;.<\/p>\n<p>Come \u00e8 nata l\u2019idea di fondare un partito?<\/p>\n<p>&lt;&lt;L\u2019idea nasce da un patrimonio legato agli anni \u201970, dall\u2019esaurimento di Fiamma Tricolore e dall\u2019acquisizione di nuovi elementi collegati all\u2019esperienza di Londra&gt;&gt;.<\/p>\n<p>Il partito \u00e8 stato spesso protagonista di campagne apertamente contrarie all\u2019omosessualit\u00e0. \u00c8 vero che ha offerto a Domenico Dolce e Stefano Gabbana la tessera di FN ad honorem per essersi schierati contro le adozioni gay?<\/p>\n<p>&lt;&lt;\u00c8 chiaro che si tratta di una sana provocazione politica, perch\u00e9 oggi andare contro la lobby gay \u00e8 un atto di coraggio. Hanno dimostrato coraggio nel difendere il valore della famiglia tradizionale, per essersi dichiarati contrari all&#8217;adozione di minori da parte di coppie dello stesso sesso, per aver rifiutato il modello dei\u00a0figli della chimica\u00a0che non hanno n\u00e9 mamma n\u00e9 pap\u00e0&gt;&gt;.<\/p>\n<p>Il sindaco di Roma Ignazio Marino, invece, si batte per i diritti civili. Qual \u00e8 la sua posizione in merito?<\/p>\n<p>&lt;&lt;Il sindaco Marino dice castronerie pazzesche; la famiglia tradizionale \u00e8 riconosciuta dallo Stato, perch\u00e9 lo Stato ha un vantaggio nella crescita delle generazioni, mentre i diritti civili sono un pericoloso \u201ccavallo di Troia\u201d. L\u2019omosessualit\u00e0 \u00e8 irrilevante a livello giuridico e il diritto per la coppia gay non ha senso per due motivi: non \u00e8 sposata e manca la procreazione. FN riconosce valore giuridico solo alla famiglia fondata sul matrimonio&gt;&gt;.<\/p>\n<p>Uno degli otto punti del partito prevede l\u2019abrogazione delle leggi abortiste. Non le sembra un passo indietro volto a favorire la crescita degli aborti clandestini?<\/p>\n<p>&lt;&lt;Quella di Forza Nuova \u00e8 una vera e propria battaglia contro l\u2019aborto, in ossequio al principio secondo cui la vita comincia dal concepimento e che un popolo che uccide i propri figli non pu\u00f2 rinascere e quindi non ha futuro. Il progresso della societ\u00e0 \u00e8 fatto anche dalla crescita demografica e il potenziamento delle politiche gender porta alla distruzione del popolo italiano.<\/p>\n<p>Per quanto riguarda gli aborti clandestini, le statistiche dicono che siano gli stessi dei tempi in cui l\u2019aborto non era legalizzato. Forza Nuova tutela il diritto alla vita anche nei casi di malformazione del feto e si dichiara nettamente contraria a qualsiasi programma di eugenetica&gt;&gt;.<\/p>\n<p>&nbsp;<\/p>\n<p>Come risponde all\u2019accusa di xenofobia?<\/p>\n<p>&lt;&lt;Forza Nuova non \u00e8 xenofoba, anzi, nel 1997 propose l\u2019attenzione al Continente Nero. L\u2019Africa \u00e8 stata fondata da europei, quindi gli europei hanno il diritto-dovere di costruire una \u201ctranquillit\u00e0 nell\u2019ordine\u201d&gt;&gt;.<\/p>\n<p>Tra gli obiettivi del partito, per\u00f2, rientra il blocco dell\u2019immigrazione. Un pensiero sulla strage di migranti nel Canale di Sicilia.<\/p>\n<p>&lt;&lt;Da segretario del pi\u00f9 importante movimento nazionalista italiano non posso rimanere insensibile di fronte alla nuova, immane tragedia del mare favorita e permessa da tutti coloro che hanno fatto business sull\u2019immigrazione clandestina. L\u2019esercito italiano deve occupare la costa libica; gli europei devono \u201cthinking cap\u201d, ossia \u201cmettersi a pensare\u201d a cosa fare per evitare guerre, massacri e fame, per ricostruire il continente e ridargli ordine sociale. Un ruolo fondamentale spetta alla Chiesa, che dovrebbe dar vita ad una presenza in Africa per ristabilire l\u2019ordine insieme ai governi e riscoprire la propria fede missionaria. Da anni, Forza Nuova ribadisce che l\u2019Italia non ha bisogno di immigrazione, che l\u2019immigrazione \u00e8 un grande business, che pu\u00f2 e deve essere fermata immediatamente, ma che contestualmente \u00e8 necessario un intervento incisivo e prolungato in Africa per aiutare gli africani a vivere in maniera decorosa nella loro terra. La storia insegna che quando gli europei, e gli italiani in particolare, nel secolo scorso, si sono occupati in prima persona del continente nero, l\u2019Africa era diventato un continente sano, ricco e produttivo&gt;&gt;.<br \/>\nPerch\u00e9 \u00e8 necessario smantellare i campi rom?<\/p>\n<p>&lt;&lt;I campi rom sono fonti di illegalit\u00e0, perch\u00e9 al loro interno ci sono focolai di tubercolosi e vere e proprie organizzazioni di pedofilia. Sono stato l\u2019unico politico ad intervenire nello scandalo suscitato dall\u2019inchiesta \u201cFiori nel fango\u201d, che ha coinvolto, oltre alle popolazioni rom, anche esponenti dell\u2019alta borghesia romana, le cui vittime erano pi\u00f9 di 200 bambini rom, a volte presi e sfruttati con la complicit\u00e0 dei loro genitori.<\/p>\n<p>Uno Stato civile non pu\u00f2 accettare i campi rom, devono essere espulsi in quanto rappresentano una minaccia all\u2019ordine pubblico e alla sanit\u00e0 pubblica. Inoltre, bisogna colpire chi delinque, ipotizzando il reato di associazione a delinquere, mentre per chi vuole lavorare sono necessari un lavoro onesto e un alloggio fisso&gt;&gt;.<\/p>\n<p>Quindi un obiettivo comune alla Lega Nord. \u00c8 possibile un\u2019alleanza di FN con Salvini e i neofascisti di Casa Pound?<\/p>\n<p>&lt;&lt;No, perch\u00e9 le posizioni di Salvini sono contraddittorie se comparate alla Lega degli ultimi vent\u2019anni. Lo dimostra il fatto che Veneto e Lombardia sono le regioni con la pi\u00f9 forte presenza di immigrati. Se Casa Pound fosse interessata a costituire un\u2019alternativa al centro-destra e al centro-sinistra, s\u00ec, se ne potrebbe discutere&gt;&gt;.<\/p>\n<p>Ma esiste ancora una Destra, anche moderata, in Italia?<\/p>\n<p>&lt;&lt;Il vero risultato di Berlusconi \u00e8 stato distruggere la destra prima con l\u2019operazione Democrazia Nazionale nel 1976 (\u00e8 un fatto acclarato che Berlusconi spacc\u00f2 il Movimento Sociale) e poi con la defascistizzazione del MSI e l\u2019inizio di Alleanza Nazionale. L\u2019obiettivo di FN non \u00e8 di destra, ma somiglia alla genesi del movimento fascista ed \u00e8 il compattamento e la creazione di un\u2019ala radicale e patriottica, che raccolga il consenso di una maggioranza antimarxista, antiliberale e cattolica.<\/p>\n<p>La \u201cscomparsa della destra\u201d potrebbe dare corpo al rapido progredire di FN e di un nuovo Movimento Sociale delle origini&gt;&gt;.<\/p>\n<p>Quindi, non si offende se la chiamano neofascista?<\/p>\n<p>&lt;&lt;No, non mi offendo, ma la nostra \u00e8 una realt\u00e0 nuova, quindi oggi mi definisco forzanovista&gt;&gt;.<\/p>\n<p>FN si dichiara euroscettica. Non \u00e8 una posizione antagonista rispetto all\u2019Unione Europea?<\/p>\n<p>&lt;&lt;Noi, da filoeuropei, chiediamo un aggancio con la Russia e il ripristino di una sovranit\u00e0 monetaria, che elimini la BCE. Lo Stato deve usufruire di liquidit\u00e0 come e quando vuole, perci\u00f2 FN chiede l\u2019uscita dall\u2019euro e il ripristino di una moneta nazionale e di una Banca nazionalizzata che emetta denaro a credito, non a debito ed esige la cancellazione del debito pubblico nei confronti del Fondo Monetario&gt;&gt;.<\/p>\n<p>Come si inserisce il \u201cJobs Act\u201d nel progetto politico di FN?<\/p>\n<p>&lt;&lt;La nostra avversione nei confronti del Jobs Act non \u00e8 solo di natura ideologica, in quanto tale provvedimento assesta un altro colpo mortale allo Stato Sociale, ma si sostanzia con la consapevolezza che un\u2019ulteriore precarizzazione del lavoro con l\u2019incertezza del proprio avvenire, finir\u00e0 per assestare un altro duro colpo allo Stato italiano. Le fughe dall\u2019articolo 18 minano la giustizia sociale e il Jobs Act \u00e8 una di queste&gt;&gt;.<\/p>\n<p>Ci sono molte teorie sulla responsabilit\u00e0 dell\u2019Occidente rispetto all\u2019evoluzione dell\u2019Isis. Qual \u00e8 la sua posizione, da forzanovista?<\/p>\n<p>&lt;&lt;L\u2019Isis rappresenta, da una parte, la spaccatura del mondo musulmano con conseguente dichiarazione di guerra nei confronti dell\u2019Europa cristiana, dall\u2019altra \u00e8 l\u2019arma utilizzata dai poteri forti americani legati alla difesa di Israele per attaccare l\u2019Europa, dopo che l\u2019Europa \u00e8 stata indebolita dall\u2019assalto alla famiglia con le politiche gender. L\u2019Europa pu\u00f2 battere l\u2019Isis con un collegamento al mondo arabo non fondamentalista, riscoprendo la forza anche militare della fede cristiana&gt;&gt;.<\/p>\n<p>Era il 19\u00a0febbraio del 2012 quando i nostri due mar\u00f2 Salvatore Girone e\u00a0Massimiliano Latorre venivano arrestati dalla polizia indiana con\u00a0l&#8217;accusa, ancora di fatto tutta da dimostrare, dell&#8217;omicidio di due\u00a0pescatori indiani. Sono passati 3 anni. Come sta gestendo il governo italiano la vicenda?<\/p>\n<p>&lt;&lt;Uno Stato deve difendere i propri soldati. Gli anglosassoni dicono: \u201cmy country, right or wrong\u201d, \u201cil mio Paese, nelle cose giuste e in quelle sbagliate\u201d. Pertanto, \u00e8 vergognoso che le nostre relazioni con l\u2019India non siano mutate, nonostante due soldati siano loro prigionieri. Vergognoso il comportamento del\u00a0governo italiano che non ha saputo difendere due suoi soldati, che\u00a0non ha saputo farsi valere sul piano internazionale, che non li ha riportati in Italia e giudicati in Italia secondo i trattati internazionali&gt;&gt;.<\/p>\n<p>Ultima domanda: il presidente della camera Laura Boldrini vuole far togliere la scritta \u201cDux\u201d dal Foro Mussolini. Cosa ne pensa?<\/p>\n<p>&lt;&lt;La proposta di eliminare, distruggere e polverizzare tutto ci\u00f2 che richiama al Fascismo \u00e8 tragicamente comica e priva di qualsiasi logica.<\/p>\n<p>La presidente della camera, con la sua furia iconoclasta, ci ricorda un po\u2019 l&#8217;Isis. Mentre i terroristi islamici distruggono opere d&#8217;arte dal valore inestimabile perch\u00e9 seguono una loro logica malata e perversa o lapidano donne o decapitano uomini, la Boldrini \u00e8 impegnata in una battaglia culturale antifascista che vuole eliminare vestigia di un passato che non le piace. Queste dichiarazioni non vengono neanche prese in considerazione da una persona intelligente, servono piuttosto a ricordare il valore dell\u2019architettura fascista&gt;&gt;.<\/p>\n<p>Arrivederci ai prossimi appuntamenti del leader di Forza Nuova in Basilicata.<\/p>\n<p>&nbsp;<\/p>\n<p>Beatrice Ciminelli<\/p>\n<p>&nbsp;<\/p>\n<p>&nbsp;<\/p>\n<p>&nbsp;<\/p>\n<p>&nbsp;<\/p>\n<p>&nbsp;<\/p>\n<p>&nbsp;<\/p>\n<p>&nbsp;<\/p>\n<p>&nbsp;<\/p>\n<p>&nbsp;<\/p>\n<p>&nbsp;<\/p>\n<p>&nbsp;<\/p>\n<p>&nbsp;<\/p>\n<p>&nbsp;<\/p>\n<p>&nbsp;<\/p>\n<p>&nbsp;<br \/>\n&nbsp;<br \/>\n&nbsp;<\/p>\n<p>&nbsp;<\/p>\n<p>&nbsp;<\/p>\n<p>&nbsp;<br \/>\n&nbsp;<br \/>\n&nbsp;<\/p>\n","protected":false},"excerpt":{"rendered":"<p>&nbsp; &nbsp; Il leader di Forza Nuova ha origini lucane; il suo motto: &#8220;my country, right or wrong\u201d. Roma, 23 aprile 2015. Roberto Fiore, leader di Forza Nuova, nato a Roma nel 1959, cattolico, sposato, undici figli e origini lucane&hellip; <\/p>\n","protected":false},"author":17,"featured_media":0,"comment_status":"open","ping_status":"open","sticky":false,"template":"","format":"standard","meta":{"footnotes":""},"categories":[8],"tags":[],"class_list":["post-1980","post","type-post","status-publish","format-standard","hentry","category-pol"],"_links":{"self":[{"href":"http:\/\/www.sanseverinolucano.com\/index.php?rest_route=\/wp\/v2\/posts\/1980","targetHints":{"allow":["GET"]}}],"collection":[{"href":"http:\/\/www.sanseverinolucano.com\/index.php?rest_route=\/wp\/v2\/posts"}],"about":[{"href":"http:\/\/www.sanseverinolucano.com\/index.php?rest_route=\/wp\/v2\/types\/post"}],"author":[{"embeddable":true,"href":"http:\/\/www.sanseverinolucano.com\/index.php?rest_route=\/wp\/v2\/users\/17"}],"replies":[{"embeddable":true,"href":"http:\/\/www.sanseverinolucano.com\/index.php?rest_route=%2Fwp%2Fv2%2Fcomments&post=1980"}],"version-history":[{"count":1,"href":"http:\/\/www.sanseverinolucano.com\/index.php?rest_route=\/wp\/v2\/posts\/1980\/revisions"}],"predecessor-version":[{"id":1981,"href":"http:\/\/www.sanseverinolucano.com\/index.php?rest_route=\/wp\/v2\/posts\/1980\/revisions\/1981"}],"wp:attachment":[{"href":"http:\/\/www.sanseverinolucano.com\/index.php?rest_route=%2Fwp%2Fv2%2Fmedia&parent=1980"}],"wp:term":[{"taxonomy":"category","embeddable":true,"href":"http:\/\/www.sanseverinolucano.com\/index.php?rest_route=%2Fwp%2Fv2%2Fcategories&post=1980"},{"taxonomy":"post_tag","embeddable":true,"href":"http:\/\/www.sanseverinolucano.com\/index.php?rest_route=%2Fwp%2Fv2%2Ftags&post=1980"}],"curies":[{"name":"wp","href":"https:\/\/api.w.org\/{rel}","templated":true}]}}