{"id":1993,"date":"2015-05-24T09:17:31","date_gmt":"2015-05-24T07:17:31","guid":{"rendered":"http:\/\/www.sanseverinolucano.com\/?p=1993"},"modified":"2015-05-24T09:17:31","modified_gmt":"2015-05-24T07:17:31","slug":"la-leggenda-del-piave","status":"publish","type":"post","link":"http:\/\/www.sanseverinolucano.com\/?p=1993","title":{"rendered":"LA LEGGENDA DEL PIAVE"},"content":{"rendered":"<p>\u201cIl Piave mormorava, calmo e placido, al passaggio dei primi fanti il 24 maggio&#8221;. Cento anni fa, il 24 maggio 1915, le truppe italiane oltrepassarono il confine italo-austriaco, puntando verso le \u00abterre irredente\u00bb del Trentino, del Friuli e della Venezia Giulia.<br \/>\nL&#8217;Italia entr\u00f2 in guerra divisa tra interventisti e neutralisti, dopo un disinvolto passaggio dalla Triplice Alleanza all&#8217;Intesa. Sulle sponde del Piave e dell&#8217;Isonzo, nelle trincee del Carso e di Asiago, di Caporetto e di Vittorio Veneto lasci\u00f2 700 mila morti. Dalla guerra ottenne Trento e Trieste, ma ne usc\u00ec prostrata, lacerata da una profonda crisi politica, sociale ed economica, che la port\u00f2 in breve al Fascismo.<br \/>\nLa \u201cGrande Guerra\u201d, come venne chiamata, fu un enorme massacro: coinvolse 27 paesi, cost\u00f2 10 milioni di morti, 20 milioni di feriti, enormi distruzioni. Fu una guerra \u201ctotale\u201d, accezione che indica il coinvolgimento massimo dei civili. Gli eserciti si trovarono impantanati nelle trincee. Nuove armi furono impiegate su larga scala: aerei, sottomarini, carri armati, mitragliatrici, gas tossici, come l&#8217;iprite, che prese nome dalla localit\u00e0 belga dove il 22 aprile 1915 fece le prime vittime. Provoc\u00f2 la dissoluzione degli imperi austroungarico, ottomano e zarista. Determin\u00f2 il crollo di tre dinastie secolari, gli Asburgo, gli Hohenzollern e i Romanov.<\/p>\n<p>Fu l&#8217;inizio del declino della vecchia Europa e sanc\u00ec l&#8217;ingresso sulla scena mondiale, come grande potenza militare ed economica, degli Stati Uniti, intervenuti nel 1917 a salvare le sorti dell&#8217;Intesa. Si port\u00f2 dietro un&#8217;epidemia &#8211; la \u00abspagnola\u00bb &#8211; che tra 1918 e il 1919 provoc\u00f2 pi\u00f9 morti della guerra; un&#8217;inflazione e una recessione che culminarono nella Grande Crisi del 1929; un&#8217;eredit\u00e0 di odi, frustrazioni e rivalit\u00e0 nazionali che nell&#8217;arco di due decenni sfociarono fatalmente nel secondo conflitto mondiale.<br \/>\nSolo Benedetto XV chiese invano alle potenze belligeranti il disarmo per la cessazione di quella che defin\u00ec \u201cinutile strage\u201d.<br \/>\nMa troppi erano i motivi che spingevano l\u2019Europa al massacro: la rivalit\u00e0 economica e gli interessi in Medio Oriente di Regno Unito e Reich tedesco; il revanscismo francese per Alsazia e Lorena; lo scontro tra pangermanesimo tedesco e panslavismo sul Baltico; gli appetiti delle maggiori potenze per le spoglie del fatiscente impero ottomano; l&#8217;irredentismo in Italia e nei Balcani, dove il serbo Gavrilo Princip fece scoccare la scintilla, assassinando l&#8217;erede al trono austriaco a Sarajevo. Cattolici, socialisti e giolittiani furono contrari all\u2019entrata in guerra. A favore si schierarono il governo Salandra, i liberali, i nazionalisti. Interventista fu Gabriele D&#8217;Annunzio, interprete a modo suo del \u00absuperuomo\u00bb di Nietzsche. Interventista fu Filippo Tommaso Marinetti, che nel \u00abManifesto del futurismo\u00bb aveva proclamato la guerra \u00absola igiene del mondo\u00bb. Da neutralista in interventista si trasform\u00f2 repentinamente il socialista Benito Mussolini, che lasci\u00f2 la direzione dell&#8217;\u00abAvanti!\u00bb per fondare l&#8217;ultranazionalista \u00abPopolo d&#8217;Italia\u00bb e fu espulso dal Psi.<br \/>\nNel 1919, la Conferenza di Pace di Parigi deluse le aspettative degli interventisti. L&#8217;Italia ottenne Trento, Trieste e l&#8217;Istria, pi\u00f9 l&#8217;Alto Adige etnicamente tedesco; ma non Fiume e la Dalmazia. Il presidente del consiglio Orlando e il ministro degli esteri Sonnino, per protesta, abbandonarono temporaneamente la conferenza, restando fuori anche dalla spartizione delle colonie tedesche. Ne nacque il mito della \u00abvittoria tradita\u00bb, che mosse D&#8217;Annunzio e i suoi legionari a occupare Fiume e a dar vita all&#8217;effimera \u00abReggenza del Carnaro\u00bb e fu utilizzato a proprio vantaggio dal nascente partito fascista, avviato alla conquista del potere. La crisi economica, la svalutazione della lira, la debolezza della classe dirigente liberale, le ripetute crisi di governo, le agitazioni di piazza e l&#8217;occupazione delle fabbriche nel \u00abbiennio rosso\u00bb, i timori della Corona e della borghesia fecero il resto.<br \/>\nDomenica 24 maggio alle 15:00 l\u2019Italia si ferma; un minuto di silenzio per non dimenticare, anzi, per ricordare.<\/p>\n<p>Beatrice Ciminelli<\/p>\n","protected":false},"excerpt":{"rendered":"<p>\u201cIl Piave mormorava, calmo e placido, al passaggio dei primi fanti il 24 maggio&#8221;. Cento anni fa, il 24 maggio 1915, le truppe italiane oltrepassarono il confine italo-austriaco, puntando verso le \u00abterre irredente\u00bb del Trentino, del Friuli e della Venezia&hellip; <\/p>\n","protected":false},"author":17,"featured_media":0,"comment_status":"open","ping_status":"open","sticky":false,"template":"","format":"standard","meta":{"footnotes":""},"categories":[4],"tags":[],"class_list":["post-1993","post","type-post","status-publish","format-standard","hentry","category-cult"],"_links":{"self":[{"href":"http:\/\/www.sanseverinolucano.com\/index.php?rest_route=\/wp\/v2\/posts\/1993","targetHints":{"allow":["GET"]}}],"collection":[{"href":"http:\/\/www.sanseverinolucano.com\/index.php?rest_route=\/wp\/v2\/posts"}],"about":[{"href":"http:\/\/www.sanseverinolucano.com\/index.php?rest_route=\/wp\/v2\/types\/post"}],"author":[{"embeddable":true,"href":"http:\/\/www.sanseverinolucano.com\/index.php?rest_route=\/wp\/v2\/users\/17"}],"replies":[{"embeddable":true,"href":"http:\/\/www.sanseverinolucano.com\/index.php?rest_route=%2Fwp%2Fv2%2Fcomments&post=1993"}],"version-history":[{"count":2,"href":"http:\/\/www.sanseverinolucano.com\/index.php?rest_route=\/wp\/v2\/posts\/1993\/revisions"}],"predecessor-version":[{"id":1996,"href":"http:\/\/www.sanseverinolucano.com\/index.php?rest_route=\/wp\/v2\/posts\/1993\/revisions\/1996"}],"wp:attachment":[{"href":"http:\/\/www.sanseverinolucano.com\/index.php?rest_route=%2Fwp%2Fv2%2Fmedia&parent=1993"}],"wp:term":[{"taxonomy":"category","embeddable":true,"href":"http:\/\/www.sanseverinolucano.com\/index.php?rest_route=%2Fwp%2Fv2%2Fcategories&post=1993"},{"taxonomy":"post_tag","embeddable":true,"href":"http:\/\/www.sanseverinolucano.com\/index.php?rest_route=%2Fwp%2Fv2%2Ftags&post=1993"}],"curies":[{"name":"wp","href":"https:\/\/api.w.org\/{rel}","templated":true}]}}