{"id":2002,"date":"2015-06-13T12:01:02","date_gmt":"2015-06-13T10:01:02","guid":{"rendered":"http:\/\/www.sanseverinolucano.com\/?p=2002"},"modified":"2015-06-13T12:01:02","modified_gmt":"2015-06-13T10:01:02","slug":"micol-fontana-la-signora-della-moda","status":"publish","type":"post","link":"http:\/\/www.sanseverinolucano.com\/?p=2002","title":{"rendered":"Micol Fontana, la signora della moda"},"content":{"rendered":"<p>Avrebbe compiuto 102 anni il prossimo novembre. Longeva, energica, lucidissima e appassionata, Micol Fontana era e rimarr\u00e0, nell\u2019immaginario collettivo, la grande dame della moda italiana. Si \u00e8 spenta il 12 giugno a Roma, lasciando dietro di s\u00e9 un capitolo fondamentale della storia italiana, quella che ha messo insieme creativit\u00e0 e artigianalit\u00e0, economia e prestigio internazionale. Tutto cominci\u00f2 con loro: Micol, Zoe e Giovanna Fontana, tre sorelle cresciute nella sartoria della mamma, a Traversetolo, in provincia di Parma, e a un certo punto fuggite via, per tentare la fortuna, nel cuore di un\u2019Italia dilaniata dalla guerra, ma desiderosa di riscatto.<br \/>\nNel 1943, salirono su un treno, giocandosi il loro colpo di dadi. Direzione: Roma.<br \/>\nIniziarono con niente: un piccolo spazio in affitto, un salvadanaio per i risparmi e in principio solo riparazioni: rammendare, pazientemente, nell\u2019attesa di conquistarsi la fiducia delle clienti e di poter investire nell\u2019acquisto dei tessuti.<br \/>\nLa prima cliente importante fu Gioia Marconi, la figlia di Guglielmo Marconi. E poi via via, grazie al passaparola e a un innegabile talento, le dame dell\u2019aristocrazia romana, le attrici di Cinecitt\u00e0, le dive e le signore dell\u2019alta societ\u00e0 internazionale: da Jacqueline Kennedy a Grace di Monaco, da Elizabeth Taylor a Audrey Hepburn, da Ursula Andress a Ava Gardner, fino a una giovanissima Linda Christian, promessa sposa di Tyrone Power, a cui l\u2019atelier Fontana confezion\u00f2 l\u2019abito di nozze nel 1949. Un successo esploso all\u2019improvviso, come la pi\u00f9 bella delle favole, tra la provincia anonima e il grande palcoscenico della Capitale. Nel giro di pochi anni le sorelle Fontana incarnarono il mito del made in Italy, costruendone carattere e narrazione nel circuito della haute couture: nel loro atelier ogni cosa nasceva dal lavoro manuale. Tessuti italiani di pregio, stile, amore per i dettagli, classicit\u00e0 e sperimentazione. Negli anni Cinquanta, quando il pr\u00eat-\u00e0-porter aveva gi\u00e0 trovato terreno fertile fra le piazze francesi e americane, anche l\u2019Italia si adeguava al nuovo trend: accanto all\u2019alta moda, che sfornava confezioni di altissimo valore, rigorosamente su misura e indubbiamente costose, nascevano la Moda boutique e l\u2019Alta Moda pronta.<br \/>\nNulla che potesse lasciare presagire il futuro boom industriale, le grandi catene fashion e i marcati globali: la dimensione era ancora quella della sartoria di classe, ma riuscendo a ridurre costi e tempi grazie a produzioni pi\u00f9 veloci, piccole serie ispirate a pezzi unici, dettagli semplificati, tessuti pi\u00f9 economici. La moda usciva dai salotti dell\u2019alta societ\u00e0 e conquistava anche la piccola e media borghesia. Le sorelle Fontana, in Italia, furono a capo di questa straordinaria rivoluzione.<br \/>\nMicol, che nel 1992 aveva istituto la Fondazione che porta il suo nome, conservandovi cimeli, abiti, accessori d\u2019epoca e usandola come strumento di formazione per le nuove generazioni, difese per tutta la vita la meraviglia e la semplicit\u00e0 di una vocazione: ripartire dal talento, dalla spinta intuitiva, dalla misura dello stile, dal buon gusto; ripartire dalla manifattura come radice nobile e orizzonte umile, alimentando l\u2019urgenza d\u2019innovazione. Il tutto sempre all\u2019ombra di una tradizione monumentale, custodita con rispetto.<br \/>\nCos\u00ec, Micol Fontana e le sue sorelle hanno conquistato il mondo, trasformando il sogno di fare la moda nel simbolo di un\u2019eccellenza nazionale, fondata sull\u2019unicit\u00e0 dell\u2019artigianato italiano.<\/p>\n<p>Beatrice Ciminelli<\/p>\n","protected":false},"excerpt":{"rendered":"<p>Avrebbe compiuto 102 anni il prossimo novembre. Longeva, energica, lucidissima e appassionata, Micol Fontana era e rimarr\u00e0, nell\u2019immaginario collettivo, la grande dame della moda italiana. Si \u00e8 spenta il 12 giugno a Roma, lasciando dietro di s\u00e9 un capitolo fondamentale&hellip; <\/p>\n","protected":false},"author":17,"featured_media":0,"comment_status":"open","ping_status":"open","sticky":false,"template":"","format":"standard","meta":{"footnotes":""},"categories":[4],"tags":[],"class_list":["post-2002","post","type-post","status-publish","format-standard","hentry","category-cult"],"_links":{"self":[{"href":"http:\/\/www.sanseverinolucano.com\/index.php?rest_route=\/wp\/v2\/posts\/2002","targetHints":{"allow":["GET"]}}],"collection":[{"href":"http:\/\/www.sanseverinolucano.com\/index.php?rest_route=\/wp\/v2\/posts"}],"about":[{"href":"http:\/\/www.sanseverinolucano.com\/index.php?rest_route=\/wp\/v2\/types\/post"}],"author":[{"embeddable":true,"href":"http:\/\/www.sanseverinolucano.com\/index.php?rest_route=\/wp\/v2\/users\/17"}],"replies":[{"embeddable":true,"href":"http:\/\/www.sanseverinolucano.com\/index.php?rest_route=%2Fwp%2Fv2%2Fcomments&post=2002"}],"version-history":[{"count":2,"href":"http:\/\/www.sanseverinolucano.com\/index.php?rest_route=\/wp\/v2\/posts\/2002\/revisions"}],"predecessor-version":[{"id":2005,"href":"http:\/\/www.sanseverinolucano.com\/index.php?rest_route=\/wp\/v2\/posts\/2002\/revisions\/2005"}],"wp:attachment":[{"href":"http:\/\/www.sanseverinolucano.com\/index.php?rest_route=%2Fwp%2Fv2%2Fmedia&parent=2002"}],"wp:term":[{"taxonomy":"category","embeddable":true,"href":"http:\/\/www.sanseverinolucano.com\/index.php?rest_route=%2Fwp%2Fv2%2Fcategories&post=2002"},{"taxonomy":"post_tag","embeddable":true,"href":"http:\/\/www.sanseverinolucano.com\/index.php?rest_route=%2Fwp%2Fv2%2Ftags&post=2002"}],"curies":[{"name":"wp","href":"https:\/\/api.w.org\/{rel}","templated":true}]}}