{"id":211,"date":"2012-10-15T14:33:03","date_gmt":"2012-10-15T12:33:03","guid":{"rendered":"http:\/\/www.sanseverinolucano.com\/?p=211"},"modified":"2014-06-15T14:33:20","modified_gmt":"2014-06-15T12:33:20","slug":"e-dare-spazio-ai-giovani","status":"publish","type":"post","link":"http:\/\/www.sanseverinolucano.com\/?p=211","title":{"rendered":"E dare spazio ai giovani?"},"content":{"rendered":"<p><span style=\"color: #000000\">Un Paese bloccato. Come un condominio con i giovani inchiodati al pianoterra. E&#8217; desolante l&#8217;immagine dell&#8217;Italia che esce dal rapporto Istat divulgato a maggio: solo l&#8217;8,5 per cento di chi ha un padre operaio riesce ad accedere a posizioni di vertice nei rispettivi posti di lavoro; e solo un figlio di operai su cinque ce la fa ad approdare all&#8217;universit\u00e0.<\/span><br \/>\n<span style=\"color: #000000\">Eppure negli anni ottanta quattro lavoratori su dieci erano indipendenti, e soprattutto i tre quinti dei soggetti attivi appartenevano a una classe sociale diversa da quella familiare di origine. Sta diventando il problema pi\u00f9 grave e allarmante del Paese perch\u00e8 significa, prima di tutto, negare ai giovani un futuro, e condannarli a una situazione di perenne precariet\u00e0 e di grande disagio, come conferma il pesantissimo tasso di disoccupazione, giunto al 36 per cento. Ed \u00e8 questa che deve diventare l&#8217;assoluta priorit\u00e0 per la politica italiana.<\/span><br \/>\n<span style=\"color: #000000\">Purtroppo partiti e sindacati tentano ancora a tutelare chi in qualche modo \u00e8 gi\u00e0 garantito, sia pure al minimo, mentre ci sono settori, non certo marginali, in particolare tra i giovani, che di tutele non ne hanno proprio, e che vivono in una condizione di permanente e avvilente precariet\u00e0. Se il loro malessere non trova una risposta politica, non per questo sparir\u00e0; anzi, cover\u00e0 sotto la cenere, rischiando di sfociare in pericolose derive. Ne va della stessa democrazia e in un futuro nemmeno troppo lontano, sar\u00e0 l&#8217;intero Paese a collassare su se stesso. Il blocco dipende certo da una mancata crescita che si trascina ormai da anni, e che sembra destinata comunque a ripartire a fatica, considerando la gravit\u00e0 della crisi economica mondiale e l&#8217;entit\u00e0 del debito pubblico italiano (2 mila miliardi di euro&#8230;) Ma a determinarlo concorrono anche l&#8217;esistenza, e la tenace persistenza, dell&#8217;attuale classe dirigente: lo segnala un recentissimo studio della Coldiretti, che quantifica in 59 anni l&#8217;et\u00e0 media del ceto dirigente politico, economico e amministrativo. La pi\u00f9 alta tra tutti i Paesi europei. <\/span><br \/>\n<span style=\"color: #000000\">Qualche significativo esempio: l&#8217;et\u00e0 media dei ministri \u00e8 di 64 anni, quella dei parlamentari 57, nelle ultime tre legislature sono stati eletti solo due &lt;&lt;under 30&gt;&gt; su un totale di 2.500 parlamentari.\u00a0 Non \u00e8 detto che i giovani debbano necessariamente essere migliori degli anziani. Ma non sta scritto da nessuna parte che gli anziani debbano stare a vita nei posti di comando, specie quando, come nel caso italiano, hanno provocato danni evidenti e ingenti. Afferma il Card. Angelo Bagnasco:&lt;&lt;I giovani e il loro magro presente sono il nostro maggiore assillo. Siamo con questi giovani perch\u00e8 \u00e8 intollerabile lo sperpero antropologico di cui, loro malgrado, sono attori&gt;&gt;. E&#8217; tempo di aprire le finestre e di cambiare aria. E, soprattutto, di spalancare le porte al futuro: l&#8217;eredit\u00e0 pi\u00f9 preziosa che possiamo lasciare ai nostri ragazzi, nei quali \u00e8 forte il desiderio, con la capacit\u00e0, di \u201cbonificare\u201d la vita civile e gli stessi meandri della politica, a cui pure si deve ridare la sua funzione di elemento catalizzatore delle energie e delle migliori risorse del Paese.<\/span><\/p>\n<p><span style=\"color: #000000\"><strong>Don Camillo Perrone<\/strong>, Parroco emerito di San Severino Lucano<\/span><\/p>\n","protected":false},"excerpt":{"rendered":"<p>Un Paese bloccato. Come un condominio con i giovani inchiodati al pianoterra. E&#8217; desolante l&#8217;immagine dell&#8217;Italia che esce dal rapporto Istat divulgato a maggio: solo l&#8217;8,5 per cento di chi ha un padre operaio riesce ad accedere a posizioni di&hellip; <\/p>\n","protected":false},"author":3,"featured_media":0,"comment_status":"closed","ping_status":"open","sticky":false,"template":"","format":"standard","meta":{"footnotes":""},"categories":[4,8],"tags":[],"class_list":["post-211","post","type-post","status-publish","format-standard","hentry","category-cult","category-pol"],"_links":{"self":[{"href":"http:\/\/www.sanseverinolucano.com\/index.php?rest_route=\/wp\/v2\/posts\/211","targetHints":{"allow":["GET"]}}],"collection":[{"href":"http:\/\/www.sanseverinolucano.com\/index.php?rest_route=\/wp\/v2\/posts"}],"about":[{"href":"http:\/\/www.sanseverinolucano.com\/index.php?rest_route=\/wp\/v2\/types\/post"}],"author":[{"embeddable":true,"href":"http:\/\/www.sanseverinolucano.com\/index.php?rest_route=\/wp\/v2\/users\/3"}],"replies":[{"embeddable":true,"href":"http:\/\/www.sanseverinolucano.com\/index.php?rest_route=%2Fwp%2Fv2%2Fcomments&post=211"}],"version-history":[{"count":1,"href":"http:\/\/www.sanseverinolucano.com\/index.php?rest_route=\/wp\/v2\/posts\/211\/revisions"}],"predecessor-version":[{"id":212,"href":"http:\/\/www.sanseverinolucano.com\/index.php?rest_route=\/wp\/v2\/posts\/211\/revisions\/212"}],"wp:attachment":[{"href":"http:\/\/www.sanseverinolucano.com\/index.php?rest_route=%2Fwp%2Fv2%2Fmedia&parent=211"}],"wp:term":[{"taxonomy":"category","embeddable":true,"href":"http:\/\/www.sanseverinolucano.com\/index.php?rest_route=%2Fwp%2Fv2%2Fcategories&post=211"},{"taxonomy":"post_tag","embeddable":true,"href":"http:\/\/www.sanseverinolucano.com\/index.php?rest_route=%2Fwp%2Fv2%2Ftags&post=211"}],"curies":[{"name":"wp","href":"https:\/\/api.w.org\/{rel}","templated":true}]}}