{"id":215,"date":"2012-09-25T14:35:18","date_gmt":"2012-09-25T12:35:18","guid":{"rendered":"http:\/\/www.sanseverinolucano.com\/?p=215"},"modified":"2014-06-15T14:35:32","modified_gmt":"2014-06-15T12:35:32","slug":"autunno-difficile","status":"publish","type":"post","link":"http:\/\/www.sanseverinolucano.com\/?p=215","title":{"rendered":"Autunno difficile"},"content":{"rendered":"<p><span style=\"color: #000000\">Autunno caldo, si diceva una volta. L&#8217;autunno non sar\u00e0 facile. Questa crisi \u00e8 molto pesante e mette a rischio il futuro industriale del Paese. E l&#8217;assenza di industria mette a rischio il lavoro. La produzione industriale \u00e8 calata in un anno dell&#8217;8,2%, provata dalla recessione che erode mese dopo mese la capacit\u00e0 produttiva dell&#8217;Italia. <\/span><br \/>\n<span style=\"color: #000000\">Purtroppo 2,7 milioni sono le persone che secondo l&#8217;Istat erano senza lavoro a luglio scorso e la disoccupazione al 10,7%; il tasso registrato dall&#8217;Istat a luglio \u00e8 il pi\u00f9 alto dal 2004. I salari crescono molto meno dell&#8217;inflazione, al punto che la distanza tra i primi e la seconda \u00e8 tornata ai livelli massimi raggiunti diciassette anni fa. Cos&#8217;\u00e8 l&#8217;inflazione? Essa viene calcolata su un &lt;&lt;pacchetto&gt;&gt; di prodotti e indica, in sostanza, quell&#8217;aumento dei prezzi di beni e servizi che porta come conseguenza la diminuzione del potere di acquisto. In Italia, mediamente, \u00e8 arrivata al 3,3 per cento, ma se prendiamo in considerazione solo i prodotti pi\u00f9 acquistati (cibo, benzina, elettricit\u00e0, combustibili e trasporti, ossia il cosiddetto &lt;&lt;carrello della spesa&gt;&gt;) si arriva al 4,6. Il che, secondo i calcoli delle associazioni dei consumatori, comporter\u00e0 quest&#8217;anno, in media, per ogni famiglia, un maggior costo di 1.334 euro, di cui 221 per gli alimentari. Basta guardare, del resto, alla vita quotidiana: le bollette di luce e gas rincarano di quasi il 10 per cento nell&#8217;arco di due mesi, mentre la benzina sfonda il tetto dei 2 euro e oltre al litro. In questo contesto, c&#8217;\u00e8 una fascia crescente di italiani che versa in un allarmante disagio sociale, destinato ad aggravarsi con le crisi aziendali annunciate o in vista. E&#8217; fondamentale che la politica ne tenga conto, accompagnando l&#8217;irrinunciabile opera di risanamento dei conti pubblici con la logica di equit\u00e0, e prevedendo misure concrete di sostegno per chi sta peggio. <\/span><br \/>\n<span style=\"color: #000000\">Partiti e sindacati tendono ancora a tutelare chi in qualche modo \u00e8 gi\u00e0 garantito, sia pure al minimo. Ci sono, per\u00f2, settori non certo marginali, in particolare tra i giovani, che di tutele non ne hanno proprio, e che vivono in una condizione di permanente e avvilente precariet\u00e0.<\/span><br \/>\n<span style=\"color: #000000\">Se il loro malessere non trova una risposta politica, non per questo sparir\u00e0; anzi, cover\u00e0 sotto la cenere, rischiando di sfociare in pericolose derive. Ne va della stessa democrazia.<\/span><br \/>\n<span style=\"color: #000000\">La vera politica \u00e8 quella che, con decisione, parte dai pi\u00f9 deboli per assicurare il nutrimento della giustizia a tutti. Affinch\u00e8 ci\u00f2 possa realizzarsi \u00e8 necessario camminare compatti verso il bene comune. Infatti, la difesa di interessi di parte crea, per sua natura, una forma di dissidio cronico in tutte le amministrazioni, causando ritardi non facilmente misurabili al progresso autentico della comunit\u00e0. Questo fenomeno disorienta i cittadini, crea il distacco dei giovani dalla politica e non pu\u00f2 chiamarsi democrazia. La vera democrazia, invece, si costruisce sul rispetto verso la diversit\u00e0 delle opinioni, ma ha come fondamento l&#8217;essere concordi sullo scopo da raggiungere: realizzare il bene comune privilegiando i pi\u00f9 svantaggiati.<\/span><\/p>\n<p><span style=\"color: #000000\"><strong>Don Camillo Perrone<\/strong>, Parroco emerito di San Severino Lucano<\/span><\/p>\n","protected":false},"excerpt":{"rendered":"<p>Autunno caldo, si diceva una volta. L&#8217;autunno non sar\u00e0 facile. Questa crisi \u00e8 molto pesante e mette a rischio il futuro industriale del Paese. E l&#8217;assenza di industria mette a rischio il lavoro. La produzione industriale \u00e8 calata in un&hellip; <\/p>\n","protected":false},"author":3,"featured_media":0,"comment_status":"closed","ping_status":"open","sticky":false,"template":"","format":"standard","meta":{"footnotes":""},"categories":[4,8],"tags":[],"class_list":["post-215","post","type-post","status-publish","format-standard","hentry","category-cult","category-pol"],"_links":{"self":[{"href":"http:\/\/www.sanseverinolucano.com\/index.php?rest_route=\/wp\/v2\/posts\/215","targetHints":{"allow":["GET"]}}],"collection":[{"href":"http:\/\/www.sanseverinolucano.com\/index.php?rest_route=\/wp\/v2\/posts"}],"about":[{"href":"http:\/\/www.sanseverinolucano.com\/index.php?rest_route=\/wp\/v2\/types\/post"}],"author":[{"embeddable":true,"href":"http:\/\/www.sanseverinolucano.com\/index.php?rest_route=\/wp\/v2\/users\/3"}],"replies":[{"embeddable":true,"href":"http:\/\/www.sanseverinolucano.com\/index.php?rest_route=%2Fwp%2Fv2%2Fcomments&post=215"}],"version-history":[{"count":1,"href":"http:\/\/www.sanseverinolucano.com\/index.php?rest_route=\/wp\/v2\/posts\/215\/revisions"}],"predecessor-version":[{"id":216,"href":"http:\/\/www.sanseverinolucano.com\/index.php?rest_route=\/wp\/v2\/posts\/215\/revisions\/216"}],"wp:attachment":[{"href":"http:\/\/www.sanseverinolucano.com\/index.php?rest_route=%2Fwp%2Fv2%2Fmedia&parent=215"}],"wp:term":[{"taxonomy":"category","embeddable":true,"href":"http:\/\/www.sanseverinolucano.com\/index.php?rest_route=%2Fwp%2Fv2%2Fcategories&post=215"},{"taxonomy":"post_tag","embeddable":true,"href":"http:\/\/www.sanseverinolucano.com\/index.php?rest_route=%2Fwp%2Fv2%2Ftags&post=215"}],"curies":[{"name":"wp","href":"https:\/\/api.w.org\/{rel}","templated":true}]}}