{"id":218,"date":"2012-07-12T14:36:08","date_gmt":"2012-07-12T12:36:08","guid":{"rendered":"http:\/\/www.sanseverinolucano.com\/?p=218"},"modified":"2014-06-15T14:36:28","modified_gmt":"2014-06-15T12:36:28","slug":"vecchie-e-nuove-poverta-lucane","status":"publish","type":"post","link":"http:\/\/www.sanseverinolucano.com\/?p=218","title":{"rendered":"Vecchie e nuove povert\u00e0 lucane"},"content":{"rendered":"<p><span style=\"color: #000000\">L&#8217;attuale situazione economica si innesta nelle povert\u00e0 \u2013 materiali, culturali, etiche \u2013 che tradizionalmente affliggono la nostra societ\u00e0. Tutto questo crea un clima esplosivo e, nello stesso tempo, deprimente, che richiede interventi politici (come le riforme istituzionali) sociali (come l&#8217;educazione alla giustizia ed alla solidariet\u00e0) e morali. Un compito non pi\u00f9 eludibile se si vuole risanare, nel profondo, l&#8217;Italia.<\/span><br \/>\n<span style=\"color: #000000\">In un momento di grande difficolt\u00e0 economica, il pensiero corre sempre alla condizione delle fasce sociali pi\u00f9 deboli. In effetti, la situazione italiana sta assumendo contorni \u201csudamericani\u201d: gente sempre pi\u00f9 ricca da una parte, che non sente minimamente i \u201cmorsi\u201d della crisi e persone sempre pi\u00f9 affogate dalla povert\u00e0: disoccupazione, uomini separati che hanno la peggio da un punto di vista socio-legale, giovani, anche titolati, che non trovano collocazione professionale adeguata o restano nel limbo della precariet\u00e0, famiglie indebitate e, persone che, una volta acquistata una casa, non sono riuscite a pagarla, strozzate dai mutui bancari e da un diffuso indebitamento. Fino alla pagina pi\u00f9 tragica: quella che stiamo tristemente conoscendo in questo periodo, con l&#8217;epilogo amaro del suicidio, atto estremo che certifica la disperazione irreversibile, il punto di non ritorno definitivo.<\/span><br \/>\n<span style=\"color: #000000\">In casa lucana: non basta il petrolio, non basta l&#8217;acqua, che presto varr\u00e0 pi\u00f9 del petrolio, e che negli ultimi anni \u00e8 stata anche venduta alle regioni vicine. E non basta neanche la discreta capacit\u00e0 di spendere i pur cospicui fondi europei, la Basilicata annaspa con un tasso di disoccupazione del 12,5%, che la relega all&#8217;ultimo posto anche tra le regioni meridionali.<\/span><br \/>\n<span style=\"color: #000000\">La crisi mette a rischio la spina dorsale dell&#8217;economia lucana, composta da piccole e piccolissime imprese. Dalla regione Basilicata intanto \u00e8 stata varata la semplificazione delle procedure amministrative, i bandi per il fondo di garanzia, il micro-credito e la banda larga e sono in dirittura d&#8217;arrivo gli stessi provvedimenti sul credito d&#8217;imposta per l&#8217;occupazione e gli investimenti. Serve una terapia d&#8217;urto, ad esempio circa le risorse necessarie per la promozione delle imprese che vivono momenti difficili: l&#8217;emergenza creditizia ha messo in ginocchio larga delle piccole e medie imprese. Una situazione drammatica che purtroppo ha messo in ginocchio molte imprese. E speriamo che da parte di tutti si abbia a reagire per favorire sbocchi occupazionali.<\/span><br \/>\n<span style=\"color: #000000\">Altra questione sono gli smantellamenti, soppressioni in riferimento a tribunali, province, scuole, poste ed enti vari, tagli ai Comuni che pure hanno portato soldi alle casse dello Stato per un totale di oltre 3 miliardi di euro.<\/span><br \/>\n<span style=\"color: #000000\">Le misure del governo Monti sono impopolari, ma bisogna riconoscere che sono necessarie evitando per\u00f2 un certo livellamento. Mi spiego, non si pu\u00f2 non tener conto della struttura geomorfologica della Basilicata in cui esistono difficolt\u00e0 di collegamento tra i diversi paesi, in un territorio particolarmente disarticolato e disgregato, in aree di montagna, e con servizi pubblici assolutamente insufficienti, l&#8217;asfitticit\u00e0 dei bilanci dei nostri comuni.<\/span><br \/>\n<span style=\"color: #000000\">Non ci pronunciamo sulla \u201cspending review\u201d che \u00e8 molto criticata.<\/span><br \/>\n<span style=\"color: #000000\">Condanniamo quel sistema sociale ad alta soggettivit\u00e0 dove ognuno vede le cose da un angolo visuale tutto suo; dove diventa sempre pi\u00f9 difficile creare coscienza collettiva, dove ancora persiste un processo di riflusso dal momento\u00a0 della tensione in avanti tipica dei movimenti collettivi alla quotidianet\u00e0 della vita del singolo e delle istituzioni, dove ci si pu\u00f2 solo ritagliare il proprio ruolo in un sistema implicitamente immutabile nel suo insieme, dove questo riflusso alla quotidianet\u00e0 avviene con un attegiamento di antico fatalismo (verso le cose che non cambiano mai) ed insieme di profonda desertificazione e frustrazione.<\/span><br \/>\n<span style=\"color: #000000\">La manovra Salva Italia era necessaria, questo \u00e8 politicamente acquisito, ma lascia inevase molte questioni, che necessariamente dovranno essere affrontate. <\/span><br \/>\n<span style=\"color: #000000\">Allo stato attuale occorre rendersi conto su ci\u00f2 che il governo Monti intende eseguire: contestare se \u00e8 il caso, chiedere rettifiche o annullamenti. Certi criteri \u2013 standard \u2013 vanno valutati.<\/span><br \/>\n<span style=\"color: #000000\">E&#8217; da rispolverare il vecchio detto: \u201cvideant consules\u201d&#8230; tutti dal governatore De Filippo, dai politici, dai sindaci sino all&#8217;ultimo cittadino vigilare, verificare, tenendo sempre lo sguardo sulle nostre grandi emergenze: il lavoro, i giovani, la sanit\u00e0, i servizi, welfare, la sicurezza sociale&#8230; tutte priorit\u00e0 che rappresentano il collante sociale di un paese che ha la coesione e la solidariet\u00e0 nel proprio DNA.<\/span><br \/>\n<span style=\"color: #000000\">Per uscire il prima possibile dal non-luogo della crisi generata da un indebitamento a spirale \u00e8 necessaria una massiccia iniezione di equit\u00e0, di giustizia diffusa.<\/span><br \/>\n<span style=\"color: #000000\">E&#8217; la sussidiariet\u00e0 una delle vie maestre, fatta di associazionismo produttivo di base, di cooperazione, di credito alle idee e alla forza di volont\u00e0. E&#8217; una strada che gli italiani conoscono bene, e che hanno praticato per decenni con grande profitto.<\/span><\/p>\n<p><span style=\"color: #000000\"><strong>Don Camillo Perrone<\/strong>, Parroco emerito di San Severino Lucano<\/span><\/p>\n","protected":false},"excerpt":{"rendered":"<p>L&#8217;attuale situazione economica si innesta nelle povert\u00e0 \u2013 materiali, culturali, etiche \u2013 che tradizionalmente affliggono la nostra societ\u00e0. Tutto questo crea un clima esplosivo e, nello stesso tempo, deprimente, che richiede interventi politici (come le riforme istituzionali) sociali (come l&#8217;educazione&hellip; <\/p>\n","protected":false},"author":3,"featured_media":0,"comment_status":"closed","ping_status":"open","sticky":false,"template":"","format":"standard","meta":{"footnotes":""},"categories":[4,8],"tags":[],"class_list":["post-218","post","type-post","status-publish","format-standard","hentry","category-cult","category-pol"],"_links":{"self":[{"href":"http:\/\/www.sanseverinolucano.com\/index.php?rest_route=\/wp\/v2\/posts\/218","targetHints":{"allow":["GET"]}}],"collection":[{"href":"http:\/\/www.sanseverinolucano.com\/index.php?rest_route=\/wp\/v2\/posts"}],"about":[{"href":"http:\/\/www.sanseverinolucano.com\/index.php?rest_route=\/wp\/v2\/types\/post"}],"author":[{"embeddable":true,"href":"http:\/\/www.sanseverinolucano.com\/index.php?rest_route=\/wp\/v2\/users\/3"}],"replies":[{"embeddable":true,"href":"http:\/\/www.sanseverinolucano.com\/index.php?rest_route=%2Fwp%2Fv2%2Fcomments&post=218"}],"version-history":[{"count":1,"href":"http:\/\/www.sanseverinolucano.com\/index.php?rest_route=\/wp\/v2\/posts\/218\/revisions"}],"predecessor-version":[{"id":219,"href":"http:\/\/www.sanseverinolucano.com\/index.php?rest_route=\/wp\/v2\/posts\/218\/revisions\/219"}],"wp:attachment":[{"href":"http:\/\/www.sanseverinolucano.com\/index.php?rest_route=%2Fwp%2Fv2%2Fmedia&parent=218"}],"wp:term":[{"taxonomy":"category","embeddable":true,"href":"http:\/\/www.sanseverinolucano.com\/index.php?rest_route=%2Fwp%2Fv2%2Fcategories&post=218"},{"taxonomy":"post_tag","embeddable":true,"href":"http:\/\/www.sanseverinolucano.com\/index.php?rest_route=%2Fwp%2Fv2%2Ftags&post=218"}],"curies":[{"name":"wp","href":"https:\/\/api.w.org\/{rel}","templated":true}]}}