{"id":227,"date":"2011-11-14T14:42:16","date_gmt":"2011-11-14T13:42:16","guid":{"rendered":"http:\/\/www.sanseverinolucano.com\/?p=227"},"modified":"2014-06-15T14:42:53","modified_gmt":"2014-06-15T12:42:53","slug":"credere-nelle-giuste-cause-ora-piu-che-mai","status":"publish","type":"post","link":"http:\/\/www.sanseverinolucano.com\/?p=227","title":{"rendered":"Credere nelle giuste cause ora pi\u00f9 che mai"},"content":{"rendered":"<p><span style=\"color: #000000\">Coesione sociale avanti tutta!&#8230;<\/span><br \/>\n<span style=\"color: #000000\">Ogni giorno i giornali, la televisione, i settimanali e\u00a0 gli altri mezzi di\u00a0 comunicazione ci sommergono con notizie e informazioni che molto spesso sono sconfortanti e contrastanti tra loro. <\/span><br \/>\n<span style=\"color: #000000\">Non passa giorno che non siamo presi dallo sgomento, dal timore e dalla preoccupazione verso il futuro. Ci chiediamo: \u201cDove stiamo andando?\u201d Credo sia arrivato il tempo di affinare lo sguardo e di distoglierlo\u00a0 dalla cronaca politica o gazzettiera per osservare dalle radici il nostro paese e la societ\u00e0 in cui viviamo. Forse capiremmo che la speranza non \u00e8 morta e che il buono, il bello e il bene sopravvivono nonostante noi e quello che avviene nei luoghi della politica, dell&#8217;economia e dei poteri vari.<\/span><br \/>\n<span style=\"color: #000000\">Scopriamo realt\u00e0 che ci mostrano che qualche cosa di nuovo si muove: centinaia di giovani e di persone comuni che si danno volontariamente alla cura dell&#8217;altro, che costruiscono reti di amicizia, che curano l&#8217;ambiente e ricercano un vivere sobrio, attento alle risorse del proprio territorio. Eccoli proprio a Genova a spazzare il fango \u2013 veri angeli del fango \u2013 eccoli lungo i greti dei fiumi, dei torrenti o nei boschi e nelle citt\u00e0 impegnati a pulire quello che con i nostri rifiuti abbiamo sporcato, oppure a valorizzare i nostri siti artistici e architettonici per dimostrare che l&#8217;Italia \u00e8 bella e che la bellezza apre il cuore, la mente e rende ragione all&#8217;operare degli uomini. Con la fantasia e l&#8217;entusiasmo di chi crede nelle cause giuste. I giovani sono disponibili: nessuno dica che i giovani d&#8217;oggi sono senza slanci, senza cuore, che non amano lo sforzo e il sacrificio perch\u00e8 non \u00e8 vero. I giovani si impigriscono e ristagnano quando mancano di ideali. E occorre avere molta fiducia anche negli uomini che in fondo sono spesso pi\u00f9 buoni di quanto non appariscono; pi\u00f9 infelici, che cattivi; pi\u00f9 illusi, che ostinati; pi\u00f9 bisognosi di verit\u00e0 e di amore, che di abbandono e rifiuto. <\/span><br \/>\n<span style=\"color: #000000\">Nel nostro\u00a0 Paese c&#8217;\u00e8 tanta gente che cerca la partecipazione, il dialogo, il confronto, che non \u00e8 attenta solo a legittimare i propri interessi, ma che manifesta una cultura della cura dell&#8217;altro e che desidera camminare in compagnia. Ecco perch\u00e8 oggi serve un modo di fare politica totalmente nuovo, sempre pi\u00f9 incarnato nella realt\u00e0.<\/span><br \/>\n<span style=\"color: #000000\">&lt;&lt;Cari Fratelli e Sorelle, questa nostra Italia \u2013 consentitemi di chiamarla \u201cnostra\u201d perch\u00e8 la sento come la mia seconda Patria \u2013 sta vivendo un momento di crisi, che non tocca solo gli aspetti pi\u00f9 appariscenti ed immediati della civile convivenza, ma raggiunge livelli profondi della cultura e dell&#8217;ethos collettivo. In questo complesso e faticoso travaglio, accanto a fenomeni chiaramente negativi, non mancano aspetti positivi, che ci fanno sperare si tratti di una crisi di crescita. <\/span><br \/>\n<span style=\"color: #000000\">Ho profonda fiducia nel popolo italiano e sono certo che esso sapr\u00e0 trovare, nel patrimonio di saggezza e di coraggio di cui dispone, le risorse necessarie per superare la situazione difficile che sta attraversando&gt;&gt;(Giovanni Paolo II al convegno di Palermo del 1995). Pur con germi di speranza<\/span><br \/>\n<span style=\"color: #000000\">il messaggio papale si ripropone attuale alla nostra societ\u00e0 travagliata da laceranti inquietudini e dallo smarrimento dei valori spirituali, morali e civili e sempre pi\u00f9 dominata dalla logica egoistica del potere e dell&#8217;avere. Dobbiamo imparare a comprenderci, a dialogare e a perdonare; ma \u00e8 necessario anzitutto dare il buon esempio, a cominciare dall&#8217;alto.\u00a0 Troppi scandali hanno scosso l&#8217;opinione pubblica e incrinata la fiducia dei cittadini. Occorre rimboccarsi le maniche per dar vita al bene comune. La disoccupazione non scompare per decisionismo, n\u00e9 la grande crisi economica scompare con un colpo di bacchetta magica.\u00a0 Ci vuole invece da parte di tutti senso del dovere, spirito di sacrificio e solidariet\u00e0 per i pi\u00f9 deboli, sull&#8217;esempio del Santo di Assisi che visse l&#8217;utopia della fraternit\u00e0 universale; tutta la sua vita fu una piena affermazione dell&#8217;uomo e della vita. Credo che Francesco oggi, sopratutto in questo momento di grande crisi economica, \u00e8 un punto di riferimento per ritrovare le radici della fiducia. Senza una ripresa di contenuti valoriali ed etici non ci sar\u00e0 uscita dalla crisi.<\/span><br \/>\n<span style=\"color: #000000\">L&#8217;opulenza non paga sul piano della crescita umana, la vera ricchezza \u00e8 avere pi\u00f9 partecipazione, pi\u00f9 relazioni sociali, pi\u00f9 sentimenti di umanit\u00e0 verso il prossimo. Se non si sviluppa uno spirito comunitario sar\u00e0 difficile poter rispondere adeguatamente a una crisi internazionale che ha proporzioni nuove rispetto al passato e per cui \u00e8 fondamentale, per riuscire a venirne fuori, il sentirsi parte di una comunit\u00e0 e comprendere che un popolo \u00e8 tale solo nella fraternit\u00e0 degli uomini che lo compongono.<\/span><\/p>\n<p><span style=\"color: #000000\"><strong>Don Camillo Perrone<\/strong>, Parroco emerito di San Severino Lucano<\/span><\/p>\n","protected":false},"excerpt":{"rendered":"<p>Coesione sociale avanti tutta!&#8230; Ogni giorno i giornali, la televisione, i settimanali e\u00a0 gli altri mezzi di\u00a0 comunicazione ci sommergono con notizie e informazioni che molto spesso sono sconfortanti e contrastanti tra loro. Non passa giorno che non siamo presi&hellip; <\/p>\n","protected":false},"author":3,"featured_media":0,"comment_status":"closed","ping_status":"open","sticky":false,"template":"","format":"standard","meta":{"footnotes":""},"categories":[4],"tags":[],"class_list":["post-227","post","type-post","status-publish","format-standard","hentry","category-cult"],"_links":{"self":[{"href":"http:\/\/www.sanseverinolucano.com\/index.php?rest_route=\/wp\/v2\/posts\/227","targetHints":{"allow":["GET"]}}],"collection":[{"href":"http:\/\/www.sanseverinolucano.com\/index.php?rest_route=\/wp\/v2\/posts"}],"about":[{"href":"http:\/\/www.sanseverinolucano.com\/index.php?rest_route=\/wp\/v2\/types\/post"}],"author":[{"embeddable":true,"href":"http:\/\/www.sanseverinolucano.com\/index.php?rest_route=\/wp\/v2\/users\/3"}],"replies":[{"embeddable":true,"href":"http:\/\/www.sanseverinolucano.com\/index.php?rest_route=%2Fwp%2Fv2%2Fcomments&post=227"}],"version-history":[{"count":1,"href":"http:\/\/www.sanseverinolucano.com\/index.php?rest_route=\/wp\/v2\/posts\/227\/revisions"}],"predecessor-version":[{"id":228,"href":"http:\/\/www.sanseverinolucano.com\/index.php?rest_route=\/wp\/v2\/posts\/227\/revisions\/228"}],"wp:attachment":[{"href":"http:\/\/www.sanseverinolucano.com\/index.php?rest_route=%2Fwp%2Fv2%2Fmedia&parent=227"}],"wp:term":[{"taxonomy":"category","embeddable":true,"href":"http:\/\/www.sanseverinolucano.com\/index.php?rest_route=%2Fwp%2Fv2%2Fcategories&post=227"},{"taxonomy":"post_tag","embeddable":true,"href":"http:\/\/www.sanseverinolucano.com\/index.php?rest_route=%2Fwp%2Fv2%2Ftags&post=227"}],"curies":[{"name":"wp","href":"https:\/\/api.w.org\/{rel}","templated":true}]}}