{"id":2276,"date":"2016-08-02T19:02:38","date_gmt":"2016-08-02T17:02:38","guid":{"rendered":"http:\/\/www.sanseverinolucano.com\/?p=2276"},"modified":"2016-08-02T19:02:38","modified_gmt":"2016-08-02T17:02:38","slug":"montagne-usate-o-vissute-alessandro-gogna-a-san-severino-lucano","status":"publish","type":"post","link":"http:\/\/www.sanseverinolucano.com\/?p=2276","title":{"rendered":"Montagne: usate o vissute? Alessandro Gogna a San Severino Lucano"},"content":{"rendered":"<p><!--StartFragment--><\/p>\n<div id=\"attachment_2283\" style=\"width: 710px\" class=\"wp-caption alignnone\"><a href=\"http:\/\/www.sanseverinolucano.com\/wp-content\/uploads\/2016\/08\/festival-dellescursionismo-escursione-con-gogna-017.jpg\"><img loading=\"lazy\" decoding=\"async\" aria-describedby=\"caption-attachment-2283\" class=\"wp-image-2283 size-full\" src=\"http:\/\/www.sanseverinolucano.com\/wp-content\/uploads\/2016\/08\/festival-dellescursionismo-escursione-con-gogna-017.jpg\" alt=\"festival-dellescursionismo-escursione-con-gogna-017\" width=\"700\" height=\"525\" srcset=\"http:\/\/www.sanseverinolucano.com\/wp-content\/uploads\/2016\/08\/festival-dellescursionismo-escursione-con-gogna-017.jpg 700w, http:\/\/www.sanseverinolucano.com\/wp-content\/uploads\/2016\/08\/festival-dellescursionismo-escursione-con-gogna-017-300x225.jpg 300w\" sizes=\"auto, (max-width: 700px) 100vw, 700px\" \/><\/a><p id=\"caption-attachment-2283\" class=\"wp-caption-text\">foto di Carmela De Marco<\/p><\/div>\n<p>&nbsp;<\/p>\n<p>Nell\u2019ambito della seconda edizione del Festival dell\u2019Escursionismo a San Severino Lucano, organizzato dalla Pro Loco di San Severino Lucano, dall\u2019Associazione Gruppo Lupi di San Severino Lucano e dalle guide escursionistiche del territorio, si \u00e8 avuto il piacere di ospitare Alessandro Gogna, alpinista di fama internazionale, guida alpina e ambientalista tra i fondatori di Mountain Wilderness, che ha animato la serata del 30 luglio con la conferenza: \u201cMontagne: usate o vissute?\u201d. E\u2019 chiaro gi\u00e0 dal titolo che anche questa seconda edizione del Festival ha voluto mettere in risalto la questione della tutela ambientale della montagna in rapporto ad un escursionismo e alpinismo \u201cetici\u201d. La conferenza di Gogna, un \u201cracconto attraverso parole e immagini\u201d, ha evidenziato l\u2019aspetto che non vorremmo mai vedere della montagna. Le foto proiettate mostravano una wilderness d\u2019alta quota deturpata da cave, strade, impianti di risalita, rifugi futuristici che scaricavano liquami e rifiuti nei canaloni, corde fisse e scalette, tonnellate di immondizia nei campi base dell\u2019Himalaya e altre amenit\u00e0 che trasmettevano una profonda amarezza. Le immagini per\u00f2 mostravano anche le iniziative di Alessandro Gogna e altri alpinisti volte al ripristino ambientale dei luoghi, come l\u2019operazione \u201cFree K2\u201d, la prima spedizione ecologica internazionale finalizzata a ripulire il K2 da centinaia di tonnellate di rifiuti (accumulatisi nel corso di quasi un secolo di alpinismo \u201cclassico\u201d).<\/p>\n<p>Gogna ha voluto sottolineare che la montagna \u201cnon \u00e8 un Luna Park\u201d; addomesticarla e banalizzarla con la scusa magari di renderla \u201cpi\u00f9 sicura\u201d, ha delle ricadute anche sulla qualit\u00e0 della sua fruizione. Solo se lasciata selvaggia e priva di opere antropiche moderne potremmo cio\u00e8 provare ancora quelle emozioni forti e il senso dell\u2019avventura che ancora oggi l\u2019alpinismo e l\u2019escursionismo riescono a regalarci, se praticati in un certo modo. Accanto all\u2019inquinamento \u201cmateriale\u201d dei rifiuti, \u00e8 da considerare anche l\u2019immoralit\u00e0 di opere che rappresentano un\u2019alterazione sia dell\u2019aspetto originario dei luoghi, sia del vero senso dell\u2019alpinismo, come ad esempio le innumerevoli corde fisse e le scalette che Gogna ha mostrato in una delle sue foto scattate nell\u2019Himalaya. Dopo la sua relazione ci sono stati altri interventi che hanno sottolineato come anche sentieri attrezzati e messi in sicurezza con lunghe fila di staccionate, panchine e cestini dei rifiuti (come in un parco urbano!) rappresentino una violazione all\u2019aspetto rurale e selvaggio di certi luoghi. La sicurezza, \u00e8 stato sottolineato, non dev\u2019essere un\u2019ossessione; gli americani parlano di \u201cdiritto al rischio\u201d e rendere ad esempio \u201cturistico\u201d un sentiero per escursionisti esperti significa eliminarne il fascino e il senso dell\u2019avventura che promana dai luoghi selvaggi.<\/p>\n<p>Interessante \u00e8 anche il concetto espresso da Gogna a proposito del valore di un paesaggio naturale conservato: se come metro adottiamo la bellezza e la conservazione e non l\u2019altitudine o la difficolt\u00e0 di una montagna, il K2 non \u00e8 \u201csuperiore\u201d al Pollino; entrambi cio\u00e8, sono montagne che hanno un valore wilderness, valore che appartiene in generale a tutti gli ambienti naturali non ancora deturpati dalla civilt\u00e0 urbana e industriale. Proprio a proposito di Pollino, in mattinata la storica guida del Pollino Giorgio Braschi e una rappresentanza del Gruppo Lupi, ha accompagnato Alessandro Gogna e i suoi familiari alla scoperta del \u201cGiardino degli Dei\u201d, godendo dello spettacolo di ultrasecolari pini loricati e apprezzando l\u2019integrit\u00e0 naturale e paesaggistica che, nonostante tutti i problemi, \u00e8 ancora un valore indiscusso del Parco Nazionale del Pollino. Gogna lo ha espresso bene durante la sua conferenza. All\u2019imbocco del sentiero noi ci vergognavamo dei resti dei bisogni lasciati da qualche pellegrino durante la festa: in confronto ha detto Gogna, questo \u00e8 niente con la deturpazione di certe aree delle Alpi (come appunto le fogne a cielo aperto lungo quelle che erano vie alpinistiche, o le discariche nei canaloni di certi rifugi). Nell\u2019immaginario collettivo spesso si pensa alle Alpi come alla perfezione, in termini di tutela ambientale e di turismo sostenibile\u2026 nulla di pi\u00f9 falso. Come emergeva dalla relazione di Gogna, sono una realt\u00e0 a macchia d\u2019olio, dove abbiamo esempi virtuosi di armonia tra le comunit\u00e0 locali e la montagna e contemporaneamente esempi di una montagna urbanizzata e ridotta ad industria del turismo, senza nessun rispetto n\u00e9 per il suo valore wilderness, n\u00e9 per le tradizioni e la cultura rurale. L\u2019ipotesi di Gogna \u00e8 che ci siano popolazioni che abbiano una sensibilit\u00e0 maggiore per le loro montagne e altre che l\u2019abbiano sfruttata solo per meri interessi economici. E\u2019 di sicuro una questione interessante dal punto di vista sociologico e che meriterebbe di essere approfondita. Tutelare l\u2019integrit\u00e0 della montagna non pu\u00f2 che essere primariamente un compito delle comunit\u00e0 locali delle valli montani. Contro l\u2019idea di una conservazione calata dall\u2019alto, ne dobbiamo proporre un\u2019altra, secondo cui le avanguardie della tutela e della promozione sostenibile del territorio risiedono tra le popolazioni montane, avanguardie \u201cfiglie\u201d magari di contadini, pastori e cacciatori che la montagna l\u2019hanno sempre vissuta. Si pu\u00f2 fare economia e promozione turistica in montagna senza deturparla. \u201cMontagne vissute\u201d appunto, non \u201cusate\u201d. E\u2019 una prospettiva di conservazione sicuramente anche pi\u00f9 complessa e impegnativa, ma \u00e8 l\u2019unica che forse potr\u00e0 creare un\u2019armonia tra la natura selvaggia e i diritti delle comunit\u00e0 locali delle valli montane, delle Alpi come degli Appennini\u2026 E\u2019 la prospettiva questa anche del Gruppo Lupi di San Severino Lucano, che nel corso della conferenza ha avuto modo di conferire la carica di socio onorario ad Alessandro Gogna \u201cper la sua idea di un alpinismo etico e rispettoso dei luoghi; per il suo impegno nella tutela dell&#8217;integrit\u00e0 naturale della montagna e della ruralit\u00e0 delle sue valli\u201d.<\/p>\n<p>&nbsp;<\/p>\n<p><strong>Saverio De Marco<\/strong><\/p>\n<p><strong>\u00a0<\/strong>Presidente Gruppo Lupi San Severino Lucano<\/p>\n<p>Delegato Regionale Associazione Italiana Wilderness<\/p>\n<p>Guida Ambientale Escursionistica (AIGAE)<\/p>\n<p><a href=\"http:\/\/www.sanseverinolucano.com\/wp-content\/uploads\/2016\/08\/festival-dellescursionismo-2016-007.jpg\"><img loading=\"lazy\" decoding=\"async\" class=\"size-medium wp-image-2278 aligncenter\" src=\"http:\/\/www.sanseverinolucano.com\/wp-content\/uploads\/2016\/08\/festival-dellescursionismo-2016-007-300x225.jpg\" alt=\"festival-dellescursionismo-2016-007\" width=\"300\" height=\"225\" srcset=\"http:\/\/www.sanseverinolucano.com\/wp-content\/uploads\/2016\/08\/festival-dellescursionismo-2016-007-300x225.jpg 300w, http:\/\/www.sanseverinolucano.com\/wp-content\/uploads\/2016\/08\/festival-dellescursionismo-2016-007.jpg 700w\" sizes=\"auto, (max-width: 300px) 100vw, 300px\" \/><\/a> <a href=\"http:\/\/www.sanseverinolucano.com\/wp-content\/uploads\/2016\/08\/festival-dellescursionismo-2016-014.jpg\"><img loading=\"lazy\" decoding=\"async\" class=\"size-medium wp-image-2279 aligncenter\" src=\"http:\/\/www.sanseverinolucano.com\/wp-content\/uploads\/2016\/08\/festival-dellescursionismo-2016-014-300x225.jpg\" alt=\"festival-dellescursionismo-2016-014\" width=\"300\" height=\"225\" srcset=\"http:\/\/www.sanseverinolucano.com\/wp-content\/uploads\/2016\/08\/festival-dellescursionismo-2016-014-300x225.jpg 300w, http:\/\/www.sanseverinolucano.com\/wp-content\/uploads\/2016\/08\/festival-dellescursionismo-2016-014.jpg 700w\" sizes=\"auto, (max-width: 300px) 100vw, 300px\" \/><\/a> <a href=\"http:\/\/www.sanseverinolucano.com\/wp-content\/uploads\/2016\/08\/festival-dellescursionismo-2016-018.jpg\"><img loading=\"lazy\" decoding=\"async\" class=\"size-medium wp-image-2280 aligncenter\" src=\"http:\/\/www.sanseverinolucano.com\/wp-content\/uploads\/2016\/08\/festival-dellescursionismo-2016-018-300x225.jpg\" alt=\"festival-dellescursionismo-2016-018\" width=\"300\" height=\"225\" srcset=\"http:\/\/www.sanseverinolucano.com\/wp-content\/uploads\/2016\/08\/festival-dellescursionismo-2016-018-300x225.jpg 300w, http:\/\/www.sanseverinolucano.com\/wp-content\/uploads\/2016\/08\/festival-dellescursionismo-2016-018.jpg 700w\" sizes=\"auto, (max-width: 300px) 100vw, 300px\" \/><\/a> <a href=\"http:\/\/www.sanseverinolucano.com\/wp-content\/uploads\/2016\/08\/festival-dellescursionismo-2016-021.jpg\"><img loading=\"lazy\" decoding=\"async\" class=\"size-medium wp-image-2281 aligncenter\" src=\"http:\/\/www.sanseverinolucano.com\/wp-content\/uploads\/2016\/08\/festival-dellescursionismo-2016-021-300x225.jpg\" alt=\"festival-dellescursionismo-2016-021\" width=\"300\" height=\"225\" srcset=\"http:\/\/www.sanseverinolucano.com\/wp-content\/uploads\/2016\/08\/festival-dellescursionismo-2016-021-300x225.jpg 300w, http:\/\/www.sanseverinolucano.com\/wp-content\/uploads\/2016\/08\/festival-dellescursionismo-2016-021.jpg 700w\" sizes=\"auto, (max-width: 300px) 100vw, 300px\" \/><\/a> <a href=\"http:\/\/www.sanseverinolucano.com\/wp-content\/uploads\/2016\/08\/festival-dellescursionismo-escursione-con-gogna-015.jpg\"><img loading=\"lazy\" decoding=\"async\" class=\"size-medium wp-image-2282 aligncenter\" src=\"http:\/\/www.sanseverinolucano.com\/wp-content\/uploads\/2016\/08\/festival-dellescursionismo-escursione-con-gogna-015-300x225.jpg\" alt=\"festival-dellescursionismo-escursione-con-gogna-015\" width=\"300\" height=\"225\" srcset=\"http:\/\/www.sanseverinolucano.com\/wp-content\/uploads\/2016\/08\/festival-dellescursionismo-escursione-con-gogna-015-300x225.jpg 300w, http:\/\/www.sanseverinolucano.com\/wp-content\/uploads\/2016\/08\/festival-dellescursionismo-escursione-con-gogna-015.jpg 700w\" sizes=\"auto, (max-width: 300px) 100vw, 300px\" \/><\/a> <a href=\"http:\/\/www.sanseverinolucano.com\/wp-content\/uploads\/2016\/08\/festival-dellescursionismo-escursione-con-gogna-017.jpg\"><img loading=\"lazy\" decoding=\"async\" class=\"size-medium wp-image-2283 aligncenter\" src=\"http:\/\/www.sanseverinolucano.com\/wp-content\/uploads\/2016\/08\/festival-dellescursionismo-escursione-con-gogna-017-300x225.jpg\" alt=\"festival-dellescursionismo-escursione-con-gogna-017\" width=\"300\" height=\"225\" srcset=\"http:\/\/www.sanseverinolucano.com\/wp-content\/uploads\/2016\/08\/festival-dellescursionismo-escursione-con-gogna-017-300x225.jpg 300w, http:\/\/www.sanseverinolucano.com\/wp-content\/uploads\/2016\/08\/festival-dellescursionismo-escursione-con-gogna-017.jpg 700w\" sizes=\"auto, (max-width: 300px) 100vw, 300px\" \/><\/a> <a href=\"http:\/\/www.sanseverinolucano.com\/wp-content\/uploads\/2016\/08\/festival-dellescursionismo-escursione-con-gogna-041.jpg\"><img loading=\"lazy\" decoding=\"async\" class=\"size-medium wp-image-2284 aligncenter\" src=\"http:\/\/www.sanseverinolucano.com\/wp-content\/uploads\/2016\/08\/festival-dellescursionismo-escursione-con-gogna-041-300x225.jpg\" alt=\"festival-dellescursionismo-escursione-con-gogna-041\" width=\"300\" height=\"225\" srcset=\"http:\/\/www.sanseverinolucano.com\/wp-content\/uploads\/2016\/08\/festival-dellescursionismo-escursione-con-gogna-041-300x225.jpg 300w, http:\/\/www.sanseverinolucano.com\/wp-content\/uploads\/2016\/08\/festival-dellescursionismo-escursione-con-gogna-041.jpg 700w\" sizes=\"auto, (max-width: 300px) 100vw, 300px\" \/><\/a><\/p>\n","protected":false},"excerpt":{"rendered":"<p>&nbsp; Nell\u2019ambito della seconda edizione del Festival dell\u2019Escursionismo a San Severino Lucano, organizzato dalla Pro Loco di San Severino Lucano, dall\u2019Associazione Gruppo Lupi di San Severino Lucano e dalle guide escursionistiche del territorio, si \u00e8 avuto il piacere di ospitare&hellip; <\/p>\n","protected":false},"author":12,"featured_media":0,"comment_status":"open","ping_status":"open","sticky":false,"template":"","format":"standard","meta":{"footnotes":""},"categories":[1],"tags":[],"class_list":["post-2276","post","type-post","status-publish","format-standard","hentry","category-gen"],"_links":{"self":[{"href":"http:\/\/www.sanseverinolucano.com\/index.php?rest_route=\/wp\/v2\/posts\/2276","targetHints":{"allow":["GET"]}}],"collection":[{"href":"http:\/\/www.sanseverinolucano.com\/index.php?rest_route=\/wp\/v2\/posts"}],"about":[{"href":"http:\/\/www.sanseverinolucano.com\/index.php?rest_route=\/wp\/v2\/types\/post"}],"author":[{"embeddable":true,"href":"http:\/\/www.sanseverinolucano.com\/index.php?rest_route=\/wp\/v2\/users\/12"}],"replies":[{"embeddable":true,"href":"http:\/\/www.sanseverinolucano.com\/index.php?rest_route=%2Fwp%2Fv2%2Fcomments&post=2276"}],"version-history":[{"count":1,"href":"http:\/\/www.sanseverinolucano.com\/index.php?rest_route=\/wp\/v2\/posts\/2276\/revisions"}],"predecessor-version":[{"id":2285,"href":"http:\/\/www.sanseverinolucano.com\/index.php?rest_route=\/wp\/v2\/posts\/2276\/revisions\/2285"}],"wp:attachment":[{"href":"http:\/\/www.sanseverinolucano.com\/index.php?rest_route=%2Fwp%2Fv2%2Fmedia&parent=2276"}],"wp:term":[{"taxonomy":"category","embeddable":true,"href":"http:\/\/www.sanseverinolucano.com\/index.php?rest_route=%2Fwp%2Fv2%2Fcategories&post=2276"},{"taxonomy":"post_tag","embeddable":true,"href":"http:\/\/www.sanseverinolucano.com\/index.php?rest_route=%2Fwp%2Fv2%2Ftags&post=2276"}],"curies":[{"name":"wp","href":"https:\/\/api.w.org\/{rel}","templated":true}]}}