{"id":239,"date":"2011-08-23T14:47:52","date_gmt":"2011-08-23T12:47:52","guid":{"rendered":"http:\/\/www.sanseverinolucano.com\/?p=239"},"modified":"2014-06-15T14:48:08","modified_gmt":"2014-06-15T12:48:08","slug":"come-salvaguardare-le-acque-del-pianeta-a-tutela-del-clima-e-dellambiente","status":"publish","type":"post","link":"http:\/\/www.sanseverinolucano.com\/?p=239","title":{"rendered":"Come salvaguardare le acque del pianeta a tutela del clima e dell&#8217;ambiente"},"content":{"rendered":"<p><span style=\"color: #000000\">Il 1998 fu proclamato dall&#8217;ONU &lt;&lt;Anno internazionale dell&#8217;Oceano&gt;&gt;.\u00a0 L&#8217;iniziativa voleva evidenziare l&#8217;urgenza di adottare a livello mondiale misure a salvaguardia di quello che rappresenta un patrimonio biologico di vitale importanza per l&#8217;ambiente terrestre. Le acque del pianeta non possono essere sfruttate indiscriminatamente senza apportare gravi mutamenti all&#8217;ecosistema globale. Ma perch\u00e8 \u00e8 importante il messaggio che l&#8217;ONU voleva lanciare al mondo con questa iniziativa?<\/span><br \/>\n<span style=\"color: #000000\">Intanto, perch\u00e8 gli oceani coprono il 70% della superficie terrestre; in secondo luogo, perch\u00e8 dagli oceani si ricava gran parte dell&#8217;alimentazione umana. <\/span><br \/>\n<span style=\"color: #000000\">In primo luogo, applicare le direttive e le risoluzioni adottate a Kyoto, per tornare nel 2012 a ridurre la emissione di gas-serra; in secondo luogo, i Paesi dovrebbero essere responsabili di aumentare le loro fasce di rispetto per la pesca. Le cause da evitare sono principalmente tre. La prima, \u00e8 quella dell&#8217;innalzamento della temperatura terrestre dovuto al buco nell&#8217;ozono e all&#8217;effetto serra che sta portando allo scioglimento dei ghiacci dei poli e anche dei ghiacci dell&#8217;entroterra, con un aumento dei livelli dei mari e gravi danni ai Paesi che sono a livello del mare. In secondo luogo, l&#8217;inquinamento. Ricordiamo che oggi grandissima parte del petrolio che consumiamo viaggia per mare, e una parte di essa si perde, appunto, negli oceani. Terzo, la pesca. La pesca, purtroppo, sta aumentando in maniera frenetica; vi sono ormai molte specie a rischio e c&#8217;\u00e8 il pericolo che nei prossimi anni grandi stock di pesci \u2013 aringhe, merluzzi e altri pesci, un tempo abbondanti e fecondi \u2013 divengono pi\u00f9 rari e pi\u00f9 depauperati, con gravi danni per l&#8217;alimentazione umana.<\/span><br \/>\n<span style=\"color: #000000\">Una vera e propria emergenza idrica globale. L&#8217;acqua, essenziale per la via dell&#8217;uomo e del pianeta, \u00e8 sempre pi\u00f9 scarsa. Se il problema \u00e8 ancora poco avvertito nelle aree industrializzate, \u00e8 invece gi\u00e0 devastante per i paesi pi\u00f9 poveri. Le Nazioni Unite parlano di \u201cCrisi Mondiale dell&#8217;Acqua\u201d.<\/span><br \/>\n<span style=\"color: #000000\">A proposito recentemente Benedetto XVI ha richiamato l&#8217;attenzione sui \u201ctanti fratelli e sorelle che in questi giorni, nel Corno d&#8217;Africa, patiscono le drammatiche conseguenze della carestia, aggravate dalla guerra e dalla mancanza di solide istituzioni\u201d. Le stime delle persone colpite dalla terribile siccit\u00e0 che coinvolge la Somalia, l&#8217;Etiopia, il Kenya, Gibuti e mette a rischio l&#8217;Eritrea, il Sud Sudan, l&#8217;Uganda e la Tanzania hanno superato i 12 milioni e le notizie sono sempre pi\u00f9 allarmanti. La presenza della CEI, a nome dei Vescovi italiani, ha disposto una colletta nazionale con una raccolta straordinaria di fondi per domenica 18 settembre 2011, al fine di sollecitare le comunit\u00e0 cristiane e tutti gli uomini di buona volont\u00e0 ad esprimere fattivamente solidariet\u00e0 alle popolazioni colpite dalla siccit\u00e0 attraverso gli interventi di Caritas Italiana in collaborazione con le Caritas locali che da mesi sono mobilitate per rispondere ai bisogni.<\/span><br \/>\n<span style=\"color: #000000\">Riferiamo infine che dal 26 al 28 agosto 2011 si \u00e8 tenuto a San Severino Lucano, nel cuore del Parco Naz. del Pollino, la II edizione del POLLINO TEATRO FESTIVAL organizzato dal Centro di Educazione Ambientale Pollino-Basilicata allo scopo di offrire spunti di riflessione sui temi dell&#8217;Ambiente e dello Sviluppo Sostenibile e nel contempo sperimentare nuove modalit\u00e0 comunicative sia dell&#8217;educazione ambientale che di divulgazione delle bellezze naturalistiche del Parco. E&#8217; richiesta la rivisitazione\u00a0 del rapporto tra l&#8217;uomo e l&#8217;ambiente, il passaggio da una cultura di morte ad una cultura da costruire, la cultura della vita.<\/span><\/p>\n<p><span style=\"color: #000000\"><strong>Don Camillo Perrone<\/strong>, Parroco emerito di San Severino Lucano<\/span><\/p>\n","protected":false},"excerpt":{"rendered":"<p>Il 1998 fu proclamato dall&#8217;ONU &lt;&lt;Anno internazionale dell&#8217;Oceano&gt;&gt;.\u00a0 L&#8217;iniziativa voleva evidenziare l&#8217;urgenza di adottare a livello mondiale misure a salvaguardia di quello che rappresenta un patrimonio biologico di vitale importanza per l&#8217;ambiente terrestre. Le acque del pianeta non possono essere&hellip; <\/p>\n","protected":false},"author":3,"featured_media":0,"comment_status":"closed","ping_status":"open","sticky":false,"template":"","format":"standard","meta":{"footnotes":""},"categories":[6,4],"tags":[],"class_list":["post-239","post","type-post","status-publish","format-standard","hentry","category-amb","category-cult"],"_links":{"self":[{"href":"http:\/\/www.sanseverinolucano.com\/index.php?rest_route=\/wp\/v2\/posts\/239","targetHints":{"allow":["GET"]}}],"collection":[{"href":"http:\/\/www.sanseverinolucano.com\/index.php?rest_route=\/wp\/v2\/posts"}],"about":[{"href":"http:\/\/www.sanseverinolucano.com\/index.php?rest_route=\/wp\/v2\/types\/post"}],"author":[{"embeddable":true,"href":"http:\/\/www.sanseverinolucano.com\/index.php?rest_route=\/wp\/v2\/users\/3"}],"replies":[{"embeddable":true,"href":"http:\/\/www.sanseverinolucano.com\/index.php?rest_route=%2Fwp%2Fv2%2Fcomments&post=239"}],"version-history":[{"count":1,"href":"http:\/\/www.sanseverinolucano.com\/index.php?rest_route=\/wp\/v2\/posts\/239\/revisions"}],"predecessor-version":[{"id":241,"href":"http:\/\/www.sanseverinolucano.com\/index.php?rest_route=\/wp\/v2\/posts\/239\/revisions\/241"}],"wp:attachment":[{"href":"http:\/\/www.sanseverinolucano.com\/index.php?rest_route=%2Fwp%2Fv2%2Fmedia&parent=239"}],"wp:term":[{"taxonomy":"category","embeddable":true,"href":"http:\/\/www.sanseverinolucano.com\/index.php?rest_route=%2Fwp%2Fv2%2Fcategories&post=239"},{"taxonomy":"post_tag","embeddable":true,"href":"http:\/\/www.sanseverinolucano.com\/index.php?rest_route=%2Fwp%2Fv2%2Ftags&post=239"}],"curies":[{"name":"wp","href":"https:\/\/api.w.org\/{rel}","templated":true}]}}