{"id":250,"date":"2011-06-06T14:53:09","date_gmt":"2011-06-06T12:53:09","guid":{"rendered":"http:\/\/www.sanseverinolucano.com\/?p=250"},"modified":"2014-06-15T14:53:23","modified_gmt":"2014-06-15T12:53:23","slug":"camillo-cavour-e-la-questione-meridionale","status":"publish","type":"post","link":"http:\/\/www.sanseverinolucano.com\/?p=250","title":{"rendered":"Camillo Cavour e la questione meridionale"},"content":{"rendered":"<p>Quali fossero le tristi e avvilenti condizioni economiche, commerciali, finanziarie, igieniche ed educative delle popolazioni del Sud apparvero subito a Costantino Nigra, inviato a Napoli dal Cavour come sua persona di fiducia. Il giovane diplomatico visit\u00f2 il Sud e fece una importante relazione che consegn\u00f2 al Cavour il 20 maggio 1861.<br \/>\nA Cavour dunque fin dai primi momenti fu delineata un&#8217;immagine non confortante della situazione e delle difficolt\u00e0 che si sarebbero dovute affrontare per allargare il processo unitario all&#8217;Italia Meridionale. Il Cavour si form\u00f2 una visione esatta delle condizioni penose del Mezzogiorno e come grande uomo politico vide anche, con la lungimiranza del suo intuito, quale potesse essere la vera terapia per sanare tanti mali e per dare nuova vita e progresso civile ed economico alle popolazioni meridionali, inserendole nell&#8217;avvenire e nel progresso della patria comune.<br \/>\nLa sua prodigiosa intelligenza, il forte carattere, la preminente e fascinosa personalit\u00e0, il senso dello Stato, il moderno e lungimirante sentire, la capacit\u00e0 di creare delle circostanze favorevoli e profittarne al servizio del proprio ideale, l&#8217;altissima ispirazione morale, la fede granitica nella libert\u00e0, la larga apertura sociale, la conoscenza e l&#8217;esperienza del mondo politico internazionale, rimangono gli elementi costruttivi essenziali della sua figura di statista sommo.<br \/>\nPurtroppo il Cavour si spense prematuramente prima che fosse avverato il suo sogno di rinascita del Sud. Mor\u00ec proprio 150 anni fa il 6 giugno 1861. Egli era l&#8217;unico uomo che certamente sarebbe stato capace di affrontare e risolvere il problema amministrativo, sociale ed economico dell&#8217;Italia meridionale, ma si spense dolorosamente prima di poterlo a fondo studiare; con lui scese nella tomba anche, per allora, il problema meridionale.<br \/>\nAl Cavour va dato il merito di essere stato il primo a porsi la questione meridionale, la quale implica sostanzialmente l&#8217;esistenza di una crisi che ai nostri giorni \u00e8 di tutto il Paese e non solo del Mezzogiorno, se si considera che l&#8217;incremento delle capacit\u00e0 produttive ha luogo, in gran parte, nel centro-Nord, mentre la crescita della forza lavoro si realizza interamente nel Sud. Il ritardo del mezzogiorno, nella situazione attuale, non va tanto ricercato a livello di benessere materiale, cio\u00e8 di mero reddito, quanto nella capacit\u00e0 di produzione e nella occupazione; e le previsioni pi\u00f9 attendibili prefigurano purtroppo il persistere di gravi problemi, particolarmente per le opportunit\u00e0 di lavoro delle giovani generazioni.<br \/>\nOccorre apprendere da Camillo Cavour che bisogna impegnarsi a fondo per la soluzione dei tanti problemi che affliggono l&#8217;Italia e in modo tutto particolare il nostro Sud.<br \/>\nDobbiamo imparare a comprenderci, a dialogare e a perdonare da nord a sud, da est a ovest.<br \/>\nMa \u00e8 necessario\u00a0 anzitutto dare il buon esempio a cominciare dall&#8217;alto. Spesso in questo paese \u00e8 mancato l&#8217;esempio dei responsabili. Troppi scandali hanno scosso l&#8217;opinione pubblica e incrinata la fiducia dei cittadini. Qualcuno dice:&lt;&lt;ogni popolo ha i dirigenti che si merita&gt;&gt; e si fanno polemiche per decidere se \u00e8 migliore il popolo o i suoi eletti. Intanto nel polverone si perde di vista il vero problema, che \u00e8 quello di rimboccarsi le maniche, politici, amministratori e cittadini per dar vita al bene comune. La disoccupazione non scompare per decisionismo, n\u00e9 l&#8217;inflazione scompare con un colpo di bacchetta magica. Ci vuole invece da parte di tutti senso del dovere, spirito di sacrificio e solidariet\u00e0 per i pi\u00f9 deboli. Occorre dare risposte immediate al precariato alla disoccupazione dei giovani e delle donne, all&#8217;accelerazione e alla qualit\u00e0 della spesa comunitaria, alla difesa dei posti di lavoro, al modello di sviluppo ecosostenibile e alla tutela del welfare.<\/p>\n<p><strong>Don Camillo Perrone<\/strong>, Parroco emerito di San Severino Lucano<\/p>\n","protected":false},"excerpt":{"rendered":"<p>Quali fossero le tristi e avvilenti condizioni economiche, commerciali, finanziarie, igieniche ed educative delle popolazioni del Sud apparvero subito a Costantino Nigra, inviato a Napoli dal Cavour come sua persona di fiducia. Il giovane diplomatico visit\u00f2 il Sud e fece&hellip; <\/p>\n","protected":false},"author":3,"featured_media":0,"comment_status":"closed","ping_status":"open","sticky":false,"template":"","format":"standard","meta":{"footnotes":""},"categories":[4,8],"tags":[],"class_list":["post-250","post","type-post","status-publish","format-standard","hentry","category-cult","category-pol"],"_links":{"self":[{"href":"http:\/\/www.sanseverinolucano.com\/index.php?rest_route=\/wp\/v2\/posts\/250","targetHints":{"allow":["GET"]}}],"collection":[{"href":"http:\/\/www.sanseverinolucano.com\/index.php?rest_route=\/wp\/v2\/posts"}],"about":[{"href":"http:\/\/www.sanseverinolucano.com\/index.php?rest_route=\/wp\/v2\/types\/post"}],"author":[{"embeddable":true,"href":"http:\/\/www.sanseverinolucano.com\/index.php?rest_route=\/wp\/v2\/users\/3"}],"replies":[{"embeddable":true,"href":"http:\/\/www.sanseverinolucano.com\/index.php?rest_route=%2Fwp%2Fv2%2Fcomments&post=250"}],"version-history":[{"count":1,"href":"http:\/\/www.sanseverinolucano.com\/index.php?rest_route=\/wp\/v2\/posts\/250\/revisions"}],"predecessor-version":[{"id":251,"href":"http:\/\/www.sanseverinolucano.com\/index.php?rest_route=\/wp\/v2\/posts\/250\/revisions\/251"}],"wp:attachment":[{"href":"http:\/\/www.sanseverinolucano.com\/index.php?rest_route=%2Fwp%2Fv2%2Fmedia&parent=250"}],"wp:term":[{"taxonomy":"category","embeddable":true,"href":"http:\/\/www.sanseverinolucano.com\/index.php?rest_route=%2Fwp%2Fv2%2Fcategories&post=250"},{"taxonomy":"post_tag","embeddable":true,"href":"http:\/\/www.sanseverinolucano.com\/index.php?rest_route=%2Fwp%2Fv2%2Ftags&post=250"}],"curies":[{"name":"wp","href":"https:\/\/api.w.org\/{rel}","templated":true}]}}