{"id":259,"date":"2011-04-26T14:56:51","date_gmt":"2011-04-26T12:56:51","guid":{"rendered":"http:\/\/www.sanseverinolucano.com\/?p=259"},"modified":"2014-06-15T14:57:06","modified_gmt":"2014-06-15T12:57:06","slug":"la-festa-del-lavoro-che-purtroppo-manca","status":"publish","type":"post","link":"http:\/\/www.sanseverinolucano.com\/?p=259","title":{"rendered":"La festa del lavoro (che purtroppo manca)"},"content":{"rendered":"<p><span style=\"color: #000000\">Primo Maggio, come ogni anno si celebra la festa del lavoro. Molte le manifestazioni in ogni parte d&#8217;Italia e del mondo e alla sera il grande concertone in piazza San Giovanni a Roma. Dopo oltre un secolo, la festa del Primo Maggio si presenta come un&#8217;occasione per ribadire la centralit\u00e0 della persona nel lavoro e nella vita della democrazia. Ogni uomo che attualmente non lavora, ma vuole lavorare ha il diritto che gli si dia tale possibilit\u00e0. Tale diritto universalmente ammesso \u00e8 affermato all&#8217;art. 23 della dichiarazione universale dei Diritti dell&#8217;Uomo, ed inserito anche nella nostra Costituzione. Tale diritto non sembra appartenere alla giustizia commutativa, ma a quella sociale. Tale diritto si fonda sulla socialit\u00e0 della natura umana, per cui ogni uomo deve pensare anche agli altri e sul dovere che lo Stato ha di provvedere al bene comune; in ambedue i casi sempre, si intende, nei limiti del possibile. <\/span><br \/>\n<span style=\"color: #000000\">Il lavoro \u00e8 per l&#8217;uomo, n\u00e9 pu\u00f2 essere ridotto a merce di scambio: \u00e8 l&#8217;uomo nella sua dignit\u00e0 che deve restare al centro di ogni processo economico, tecnico, produttivo; l&#8217;uomo che non pu\u00f2 essere umiliato e strumentalizzato per fini egoistici o di comodo; l&#8217;uomo al cui organico e globale sviluppo dovrebbe tendere lo sforzo generoso e costante degli organi preposti alla guida della cosa pubblica.<\/span><br \/>\n<span style=\"color: #000000\">L&#8217;impegno per garantire a tutti un lavoro decente come ha detto il Santo Padre nella \u201cCaritas in Veritate\u201d, resta ancora importante e fondamentale per la costruzione di una societ\u00e0 a misura della persona. Il termine Festa evoca qualche cosa di gioioso, di sereno e di lieto, ma quest&#8217;anno molte sono le preoccupazioni che si addensano nel mondo del lavoro. Quotidianamente apprendiamo notizie non buone che riguardano i territori dove viviamo, le famiglie vicine di casa, i nostri parenti e conoscenti. La crisi economica nata dall&#8217;ingordigia speculativa sta ancora mordendo in profondit\u00e0, molte attivit\u00e0 economiche sono entrate in crisi, sparite numerose aziende che costituivano il tessuto economico di moltissimi paesi, province e regioni.<\/span><br \/>\n<span style=\"color: #000000\">La situazione \u00e8 grave, c&#8217;\u00e8 crisi dell&#8217;occupazione, povert\u00e0 ed emarginazioni per italiani e immigrati: grande il bisogno di solidariet\u00e0 che deve poter contare sulle pubbliche istituzioni.<\/span><br \/>\n<span style=\"color: #000000\">La crisi economica mondiale ha privato del posto di lavoro molti e gettato nell&#8217;angoscia della sussistenza economica tanti. Facciamo presente che la Chiesa in Italia ha creato un fondo economico di sussidiariet\u00e0 per aiutare tante famiglie, prive di lavoro, che sono in difficolt\u00e0. E&#8217; un segno dell&#8217;impegno serio da parte dei credenti a soccorrere, secondo le loro possibilit\u00e0, perch\u00e8 si faccia giustizia per tutti e si aiutino quanto pi\u00f9 \u00e8 possibile chi sta in grave disagio per la sopravvivenza.<\/span><br \/>\n<span style=\"color: #000000\">Si direbbe, anzi, che \u00e8 precisamente su questo terreno il ruolo politico proprio della Chiesa: nutrire quel tessuto di valori etici, senza i quali la democrazia diventa mera regola del gioco nello scontro fra interessi, la societ\u00e0 si disgrega, la persona umana viene sopraffatta e violata.<\/span><br \/>\n<span style=\"color: #000000\">L&#8217;auspicata formazione dei laici cristiani poi trova nella dottrina sociale della Chiesa i suoi contenuti essenziali e irrinunciabili per assicurare nella vita sociale e politica una presenza unita, coerente, onesta, disinteressata, aperta alla collaborazione con tutte le forze sane della nazione. Le accuse di arrivismo, di idolatria del potere, di egoismo e di corruzione che non infrequentemente vengono rivolte agli uomini del governo, del parlamento, della classe dominante, del partito politico; come pure l&#8217;opinione non poco diffusa che la politica sia un luogo di necessario pericolo morale, non giustificano minimamente n\u00e9 lo scetticismo, n\u00e9 l&#8217;assenteismo dei cristiani per la cosa pubblica. E&#8217; evidente che il rinnovamento della vita politica e sociale passa attraverso il recupero della consapevolezza della verit\u00e0 dell&#8217;uomo, dei valori morali oggettivi di cui si sostanzia la sua dignit\u00e0, dei diritti inalienabili della persona come diritti inscritti in un ordine giuridico eguale sempre, dappertutto, per tutti.<\/span><br \/>\n<span style=\"color: #000000\">E sono imminenti le elezioni amministrative. L&#8217;auspicio \u00e8 che le persone scelte dagli elettori siano irreprensibili, integre, molto capaci di assumersi responsabilit\u00e0 a tutti i livelli: quello politico amministrativo, da cui si richiede una concreta ed incentivante indicazione progettuale. Urge sostenere ed allargare la base produttiva, innervando il territorio di strutture, infrastrutture, di servizi e favorendo la crescita di realt\u00e0 produttive locali soprattutto di medie e piccole imprese, in sinergia con le grandi risorse suscettibili di sviluppo: agricoltura, turismo, artigianato; quello imprenditoriale dal quale si attende una presenza pi\u00f9 coraggiosa che affronti il rischio di investire in loco con saggezza e lungimiranza; quello manageriale del quale si auspica una presenza locale pi\u00f9 estesa e qualificata, per uno sviluppo autopropulsivo; quello dell&#8217;intero settore lavorativo che deve affrettare il passaggio da una passivit\u00e0 rassegnata ad una solidale intraprendenza, superando le dinamiche di dipendenza economica e politica.<\/span><br \/>\n<span style=\"color: #000000\">E pensiamo ai giovani che si sentono marginali rispetto alla vita della comunit\u00e0 nazionale: non sembra esserci spazio per una &lt;&lt;fantasia&gt;&gt; giovanile che trovi eco adeguata nei progetti sociali. <\/span><br \/>\n<span style=\"color: #000000\">Crediamo che la Chiesa tutta di Basilicata in questa direzione si debba impegnare molto. Nel lavoro assunto come cooperazione e relazione sociale, come bene primario da cui dipende la dignit\u00e0, la libert\u00e0 e l&#8217;identit\u00e0 delle persone e i percorsi di vita buona&#8230; di questo dovrebbe discutere la politica. <\/span><br \/>\n<span style=\"color: #000000\">Combattere la rassegnazione, mettere a disposizione risorse, creare nuove occasioni di lavoro, sviluppare reciprocit\u00e0 tra le Chiese locali. E&#8217; proprio questo l&#8217;imperativo categorico rivolto a tutti.<\/span><\/p>\n<p><span style=\"color: #000000\"><strong>Don\u00a0 Camillo Perrone<\/strong>, Parroco emerito di San Severino Lucano.<\/span><\/p>\n","protected":false},"excerpt":{"rendered":"<p>Primo Maggio, come ogni anno si celebra la festa del lavoro. Molte le manifestazioni in ogni parte d&#8217;Italia e del mondo e alla sera il grande concertone in piazza San Giovanni a Roma. Dopo oltre un secolo, la festa del&hellip; <\/p>\n","protected":false},"author":3,"featured_media":0,"comment_status":"closed","ping_status":"open","sticky":false,"template":"","format":"standard","meta":{"footnotes":""},"categories":[4,8],"tags":[],"class_list":["post-259","post","type-post","status-publish","format-standard","hentry","category-cult","category-pol"],"_links":{"self":[{"href":"http:\/\/www.sanseverinolucano.com\/index.php?rest_route=\/wp\/v2\/posts\/259","targetHints":{"allow":["GET"]}}],"collection":[{"href":"http:\/\/www.sanseverinolucano.com\/index.php?rest_route=\/wp\/v2\/posts"}],"about":[{"href":"http:\/\/www.sanseverinolucano.com\/index.php?rest_route=\/wp\/v2\/types\/post"}],"author":[{"embeddable":true,"href":"http:\/\/www.sanseverinolucano.com\/index.php?rest_route=\/wp\/v2\/users\/3"}],"replies":[{"embeddable":true,"href":"http:\/\/www.sanseverinolucano.com\/index.php?rest_route=%2Fwp%2Fv2%2Fcomments&post=259"}],"version-history":[{"count":1,"href":"http:\/\/www.sanseverinolucano.com\/index.php?rest_route=\/wp\/v2\/posts\/259\/revisions"}],"predecessor-version":[{"id":260,"href":"http:\/\/www.sanseverinolucano.com\/index.php?rest_route=\/wp\/v2\/posts\/259\/revisions\/260"}],"wp:attachment":[{"href":"http:\/\/www.sanseverinolucano.com\/index.php?rest_route=%2Fwp%2Fv2%2Fmedia&parent=259"}],"wp:term":[{"taxonomy":"category","embeddable":true,"href":"http:\/\/www.sanseverinolucano.com\/index.php?rest_route=%2Fwp%2Fv2%2Fcategories&post=259"},{"taxonomy":"post_tag","embeddable":true,"href":"http:\/\/www.sanseverinolucano.com\/index.php?rest_route=%2Fwp%2Fv2%2Ftags&post=259"}],"curies":[{"name":"wp","href":"https:\/\/api.w.org\/{rel}","templated":true}]}}