{"id":261,"date":"2011-04-14T14:58:02","date_gmt":"2011-04-14T12:58:02","guid":{"rendered":"http:\/\/www.sanseverinolucano.com\/?p=261"},"modified":"2014-06-15T14:58:16","modified_gmt":"2014-06-15T12:58:16","slug":"storica-visita-di-un-grande-ventanni-fa","status":"publish","type":"post","link":"http:\/\/www.sanseverinolucano.com\/?p=261","title":{"rendered":"Storica visita di un &#8220;grande&#8221;, vent&#8217;anni fa"},"content":{"rendered":"<p><span style=\"color: #000000\">Esattamente venti anni fa Papa Giovanni Paolo II venne in Basilicata per incontrare di persona il popolo lucano e spargere la feconda semente del vangelo non solo nei solchi delle assemblee ecclesiali, ma anche nelle aree dell&#8217;economia, della politica, della cultura, della scuola, dove si svolge la vita di ogni giorno, si costruisce la citt\u00e0 degli uomini e si gioca il destino storico della gente lucana. <\/span><br \/>\n<span style=\"color: #000000\">In questo ventennio la Basilicata \u00e8 cresciuta, \u00e8 andata avanti, ha consolidato i suoi primati, ha conquistato nuove risorse per il suo futuro, ha realizzato progetti importanti ed ha posto le basi per raggiungere nuovi e pi\u00f9 ambiziosi obiettivi.<\/span><br \/>\n<span style=\"color: #000000\">Malgrado l&#8217;indubbio cammino compiuto dalla nostra regione in questi ultimi decenni sulla strada del progresso, crisi economica, tagli, ritardi, lentezze ed incertezze nella programmazione economica, rendono problematico lo sviluppo, rallentano la crescita, bloccano la speranza delle giovani generazioni. Il Vicario di Cristo, nel suo pur breve soggiorno lucano, ci indic\u00f2 le vie vere della felicit\u00e0 attraverso i valori della nostra cultura e le esperienze delle nostre tradizioni. Visit\u00f2 l&#8217;Universit\u00e0 e incontr\u00f2 gli operatori della scuola aperta all&#8217;autosviluppo dell&#8217;uomo. Incontr\u00f2 le persone consacrate per ridare slancio pastorale e spirituale. Infine si ferm\u00f2 nel campo sportivo di Potenza, con i giovani, per rinnovare il senso ecclesiale, pastorale e civile.<\/span><br \/>\n<span style=\"color: #000000\">In particolare incontr\u00f2 tutti gli amministratori per ricordare loro il senso di servizio all&#8217;uomo; gli operatori del mondo del lavoro sottolineando il rispetto della dignit\u00e0 dell&#8217;uomo e il diritto che si ha all&#8217;occupazione. <\/span><br \/>\n<span style=\"color: #000000\">Questo grande Successore di Pietro ora, come \u00e8 noto, sar\u00e0 beatificato il I\u00b0 maggio c.a., festa della Divina Misericordia e festa anche del lavoro, tema sempre scottante e di vibrante attualit\u00e0. Non possiamo fare a meno di riferire al riguardo ci\u00f2 che ebbe a dire il Papa polacco: \u201dQuando si considera che la Basilicata sta attraversando una precaria situazione occupazionale nonostante gli sforzi della classe politica e dell&#8217;imprenditoria locale, quando si \u00e8 costretti a registrare una alta percentuale di disoccupati fra i giovani e gli adulti, quando si pensa che alcuni di essi si avviano forse all&#8217;et\u00e0 del pensionamento senza aver mai avuto, per lo meno in forma stabile, esperienze significative di lavoro e la gioia che da esse si ricavano, non si pu\u00f2 non ribadire con forza che ogni uomo e ogni donna hanno diritto ed un lavoro che possa loro assicurare il necessario sostentamento per s\u00e9 e per la propria famiglia. Tocca, certo, alla Chiesa riaffermare tale diritto (cfr. Laborem exercens, 16).<\/span><br \/>\n<span style=\"color: #000000\">Purtroppo la disoccupazione, specialmente quella giovanile, ha tuttavia raggiunto livelli tali da non lasciare intravedere un futuro tranquillo, fino a mettere in pericolo la stessa nobile tradizione di operosa e serena convivenza civile, forza e vanto del popolo lucano. Il preoccupante fenomeno della droga fa registrare, anche in Basilicata, tensioni e violenze, che, in qualche caso, sono gi\u00e0 il segnale angosciante della infiltrazione della delinquenza organizzata. Le peculiarit\u00e0 del popolo lucano hanno fin qui fatto argine ai fenomeni di delinquenza organizzata, cos\u00ec come, impedirono che, negli anni di piombo, si registrassero fenomeni di terrorismo.<\/span><br \/>\n<span style=\"color: #000000\">Sembra che per il nostro popolo, che pur annovera tra i suoi valori un&#8217;etica del lavoro come fatica, sacrificio, ricerca sofferta di un posto di lavoro in terra straniera, ci siano scarse possibilit\u00e0 di offrire un lavoro dignitoso per tutti, e la terra, la nostra amata e sovente amara terra sia diventata, per vari motivi, piuttosto avara di soddisfazione e di benessere. Il nostro popolo ha bisogno di uno sviluppo autopropulsivo e globale, che favorisca la ripresa in tutti i campi, che sia sorretto da una speranza fondata sul coinvolgimento di tutte le strutture sociali interessate, che sia aperto ad una reale solidariet\u00e0. Occorre passare dall&#8217;assistenzialismo sistematico alla ricerca di forme nuove di rilancio economico, valorizzando le strutture di cooperazione, il terziario e i servizi sociali. Occorre attivare una seria e concreta politica industriale attraverso la rivitalizzazione delle aree industriali dismesse, favorire la crescita delle piccole e medie imprese attraverso una politica creditizia che elimini la dipendenza dalla burocrazia che in Basilicata \u00e8 pi\u00f9 malata che altrove.<\/span><br \/>\n<span style=\"color: #000000\">Il Papa polacco si attesta come vero testimone, modello di vita, poliedrico, fermento di attualit\u00e0, colui che ha lasciato un segno nella storia, non solo in chi crede in Dio, o in chi \u00e8 cattolico convinto, ma anche in chi l&#8217;ha apprezzato come uomo coerente con le sue idee e la sua scelta di fede. Il suo lungo pontificato ha dato testimonianza del suo reale voler seguire Cristo in tutto, e questo si evidenzia anche nel precedente corso della sua esistenza, di cui si \u00e8 tanto parlato anche grazie ai mass media; una particolare luce traspariva non solo dal suo sguardo, ma da ogni suo gesto. Ne sono un esempio le tante\u00a0 Giornate Mondiali della Giovent\u00f9, dove accorrevano con entusiasmo moltissimi giovani da ogni parte del mondo, e i suoi numerosi viaggi apostolici, dove ha dimostrato ampiamente la sua capacit\u00e0 di apertura nei confronti di tutti gli altri popoli.<\/span><br \/>\n<span style=\"color: #000000\">Una costante del Suo intenso magistero: la certezza motivata, profondamente sentita, espressa con commossa convinzione che la salvezza globale dell&#8217;uomo, della persona e di tutta la famiglia umana, \u00e8 inscindibilmente legata a Ges\u00f9 Cristo, centro focale del cosmo e della storia, evento di liberazione e di novit\u00e0 definitiva, per lievitare con Lui la storia che evolve, assumere le problematiche sociali per inculturare la fede.<\/span><br \/>\n<span style=\"color: #000000\">Abbiamo sentito di sperimentare con il poliedrico Papa dei primati la gestazione di una nuova epoca storica; colui che ha interpretato, con singolare capacit\u00e0 di identificazione, le gioie e le speranze, le tristezze e le angosce degli uomini d&#8217;oggi.<\/span><br \/>\n<span style=\"color: #000000\">Prendere sempre pi\u00f9 chiara coscienza di questo nostro contemporaneo Grande implica impegnarsi a seguirlo e a collaborare fattivamente.<\/span><\/p>\n<p><span style=\"color: #000000\"><strong>Don Camillo Perrone<\/strong>, Parroco emerito di San Severino Lucano.<\/span><\/p>\n","protected":false},"excerpt":{"rendered":"<p>Esattamente venti anni fa Papa Giovanni Paolo II venne in Basilicata per incontrare di persona il popolo lucano e spargere la feconda semente del vangelo non solo nei solchi delle assemblee ecclesiali, ma anche nelle aree dell&#8217;economia, della politica, della&hellip; <\/p>\n","protected":false},"author":3,"featured_media":0,"comment_status":"closed","ping_status":"open","sticky":false,"template":"","format":"standard","meta":{"footnotes":""},"categories":[4],"tags":[],"class_list":["post-261","post","type-post","status-publish","format-standard","hentry","category-cult"],"_links":{"self":[{"href":"http:\/\/www.sanseverinolucano.com\/index.php?rest_route=\/wp\/v2\/posts\/261","targetHints":{"allow":["GET"]}}],"collection":[{"href":"http:\/\/www.sanseverinolucano.com\/index.php?rest_route=\/wp\/v2\/posts"}],"about":[{"href":"http:\/\/www.sanseverinolucano.com\/index.php?rest_route=\/wp\/v2\/types\/post"}],"author":[{"embeddable":true,"href":"http:\/\/www.sanseverinolucano.com\/index.php?rest_route=\/wp\/v2\/users\/3"}],"replies":[{"embeddable":true,"href":"http:\/\/www.sanseverinolucano.com\/index.php?rest_route=%2Fwp%2Fv2%2Fcomments&post=261"}],"version-history":[{"count":1,"href":"http:\/\/www.sanseverinolucano.com\/index.php?rest_route=\/wp\/v2\/posts\/261\/revisions"}],"predecessor-version":[{"id":262,"href":"http:\/\/www.sanseverinolucano.com\/index.php?rest_route=\/wp\/v2\/posts\/261\/revisions\/262"}],"wp:attachment":[{"href":"http:\/\/www.sanseverinolucano.com\/index.php?rest_route=%2Fwp%2Fv2%2Fmedia&parent=261"}],"wp:term":[{"taxonomy":"category","embeddable":true,"href":"http:\/\/www.sanseverinolucano.com\/index.php?rest_route=%2Fwp%2Fv2%2Fcategories&post=261"},{"taxonomy":"post_tag","embeddable":true,"href":"http:\/\/www.sanseverinolucano.com\/index.php?rest_route=%2Fwp%2Fv2%2Ftags&post=261"}],"curies":[{"name":"wp","href":"https:\/\/api.w.org\/{rel}","templated":true}]}}