{"id":263,"date":"2011-03-30T14:59:33","date_gmt":"2011-03-30T12:59:33","guid":{"rendered":"http:\/\/www.sanseverinolucano.com\/?p=263"},"modified":"2014-06-15T14:59:47","modified_gmt":"2014-06-15T12:59:47","slug":"due-significative-ricorrenze-chiesa-e-stato-modelli-di-armonia","status":"publish","type":"post","link":"http:\/\/www.sanseverinolucano.com\/?p=263","title":{"rendered":"Due significative ricorrenze: Chiesa e Stato modelli di armonia"},"content":{"rendered":"<p><span style=\"color: #000000\">Una grande festa\u00a0 quella del 17 marzo a Roma per festeggiare i 150 anni dell&#8217;Unit\u00e0 d&#8217;Italia, che ha avuto nel Presidente della Repubblica Giorgio Napolitano e in Papa Benedetto XVI le due figure-guida, i simboli\u00a0 reali di una riunione impensabile proprio 150 anni fa. Un&#8217;unione fatta di voglia di festeggiare insieme, ma anche di collaborazione, stima reciproca, rispetto e attenzione alla promozione umana e sociale dell&#8217;intera nazione, con costante sollecitudine per i pi\u00f9 deboli e bisognosi, come \u00e8 stato opportunamente puntualizzato tra le norme portanti della riforma dei Patti Lateranensi firmati nel 1984 dall&#8217;allora Presidente del Consiglio, il socialista Bettino Craxi, e dal Segretario di Stato Cardinale Agostino Casaroli, il padre della ost-politic vaticana e tra i principali ispiratori della nuova intesa che attualizz\u00f2 gli accordi pattizi del 1929.<\/span><br \/>\n<span style=\"color: #000000\">Per una felice coincidenza, la festa dei 150 anni dell&#8217;unit\u00e0 d&#8217;Italia \u00e8 stata celebrata insieme ai 27 anni della firma dei nuovi Patti Lateranensi del 1984. Due appuntamenti di grandissima importanza per i rapporti tra le istituzioni civili e religiose. Accanto a Bagnasco, che ha presieduto la solenne celebrazione dell&#8217;Unit\u00e0 d&#8217;Italia nella Basilica di Santa Maria degli Angeli, a Roma, sono intervenute le pi\u00f9 alte cariche dello Stato, esponenti del governo col premier Silvio Berlusconi affiancato dal sottosegretario Gianni Letta. A dare ancora pi\u00f9 significato, peso e sostanza alla rappresentanza cattolica ha contribuito la presenza del Segretario di Stato della Santa Sede Cardinale Tarcisio Bertone, un gesto particolarmente apprezzato dal Presidente della Repubblica Napolitano, come emerso nel corso del vertice Chiesa-Stato svolto il 18 febbraio scorso alla ambasciata d&#8217;Italia presso la Santa Sede per l&#8217;annuale ricorrenza dei Patti Lateranensi. &lt;&lt;Oltre alla grande stima reciproca e al rinnovato desiderio di collaborazione per il bene del Paese ribadito durante i colloqui \u2013 ha commentato Napolitano alla fine dell&#8217;incontro \u2013 di grande significato \u00e8 la partecipazione delle autorit\u00e0 ecclesiali alla festa dei 150 anni dell&#8217;Unit\u00e0 d&#8217;Italia che, come mi ha anticipato il Cardinale Bertone, vedr\u00e0 anche l&#8217;intervento del Pontefice. Una scelta di profondo significato che apprezziamo enormemente e che far\u00e0 bene a tutto il Paese&gt;&gt;.\u00a0 Clima, dunque, di grande partecipazione istituzionale laico-religiosa intorno al \u201ccompleanno\u201d italiano del 17 marzo, con lo Stato e la Chiesa stretti in un ideale abbraccio che 150 anni fa nessuno avrebbe potuto prevedere con assoluta certezza. Nel suo genere, un \u201cmiracolo\u201d che sar\u00e0 bene tenere nella giusta considerazione perch\u00e8 non potr\u00e0 che portare importanti frutti a tutti gli italiani. Anche a chi liberamente ha azzardato qualche dubbio proprio sul significato della festa del 17 marzo.<\/span><br \/>\n<span style=\"color: #000000\">Ottima testimonianza quella offertaci recentemente da parte della Chiesa e da parte dello Stato Italiano. A questo punto purtroppo dobbiamo dire che tendenze corporative e rischi separatistici si oppongono alla solidariet\u00e0, fondata sull&#8217;amore e sulla riconciliazione. Alla radice dell&#8217;unit\u00e0 sta la vocazione di ogni uomo e di tutta l&#8217;umanit\u00e0 alla comunione, che si realizza nei legami comunitari della famiglia, della citt\u00e0, della nazione, dell&#8217;umanit\u00e0 intera in una dimensione appunto universale.<\/span><br \/>\n<span style=\"color: #000000\">La Chiesa con la sua dottrina, con il suo spirito di universalit\u00e0 e di carit\u00e0 d\u00e0 a questo mondo il coefficiente pi\u00f9 valido, il miglior contributo, perch\u00e8 si formi una societ\u00e0 pi\u00f9 onesta e pi\u00f9 giusta; la Chiesa ha dato e sempre dar\u00e0 agli individui e ai popoli l&#8217;impulso per nuovi progressi e nuove conquiste con la sua azione illuminatrice, liberatrice e animatrice. La Chiesa fornisce la garanzia per un universalismo sincero e duraturo e in tal modo vivifica la societ\u00e0. Si pensi ora al problema degli immigrati e dei nord-africani, che riguarda tutta l&#8217;Europa (Lampedusa \u00e8 frontiera d&#8217;Europa!!).<\/span><br \/>\n<span style=\"color: #000000\">E&#8217; bello \u2013 a questo punto &#8211; ricordare l&#8217;intervento dell&#8217;allora Capo dello Stato Ciampi, sei anni fa, quando ricevendo al Quirinale Benedetto XVI esclam\u00f2:&lt;&lt;Il legame tra la Santa Sede e l&#8217;Italia \u00e8 un modello esemplare di armoniosa convivenza e collaborazione&gt;&gt;. Aggiunse poi &lt;&lt;La necessaria distinzione tra il credo religioso di ciascuno di noi e la vita della comunit\u00e0 civile, regolata dalle leggi della Repubblica, ha consolidato la profonda concordia tra Chiesa e Stato&gt;&gt;. A questo punto ci rivolgiamo ai nostri politici: &lt;&lt;Litigate di meno e prodigatevi di pi\u00f9 in favore del nostro popolo&gt;&gt;.<\/span><br \/>\n<span style=\"color: #000000\">Il \u201ccompleanno\u201d deve significare forte impegno perch\u00e8 nel nostro Paese si affermi sempre di pi\u00f9 la giustizia e la concordia e perch\u00e8 mediante l&#8217;onest\u00e0 dei cittadini e la saggezza dei governanti si attui un vero progresso nella pace.<\/span><br \/>\n<span style=\"color: #000000\">Senza cadere in un patriottismo puramente trionfalistico e nel facile moralismo diciamo che chi ha il vero amor di patria desidera far onore alla sua patria con il proprio comportamento onesto e generoso; desidera anche che la sua patria sia grande non con la violenza sugli altri paesi, ma con la sua civilt\u00e0, la sua collaborazione per il bene del mondo, il suo contributo spirituale e generoso al bene di tutti.<\/span><\/p>\n<p><span style=\"color: #000000\"><strong>Don Camillo Perrone<\/strong>, Parroco emerito di San Severino Lucano<\/span><\/p>\n","protected":false},"excerpt":{"rendered":"<p>Una grande festa\u00a0 quella del 17 marzo a Roma per festeggiare i 150 anni dell&#8217;Unit\u00e0 d&#8217;Italia, che ha avuto nel Presidente della Repubblica Giorgio Napolitano e in Papa Benedetto XVI le due figure-guida, i simboli\u00a0 reali di una riunione impensabile&hellip; <\/p>\n","protected":false},"author":3,"featured_media":0,"comment_status":"closed","ping_status":"open","sticky":false,"template":"","format":"standard","meta":{"footnotes":""},"categories":[4,8],"tags":[],"class_list":["post-263","post","type-post","status-publish","format-standard","hentry","category-cult","category-pol"],"_links":{"self":[{"href":"http:\/\/www.sanseverinolucano.com\/index.php?rest_route=\/wp\/v2\/posts\/263","targetHints":{"allow":["GET"]}}],"collection":[{"href":"http:\/\/www.sanseverinolucano.com\/index.php?rest_route=\/wp\/v2\/posts"}],"about":[{"href":"http:\/\/www.sanseverinolucano.com\/index.php?rest_route=\/wp\/v2\/types\/post"}],"author":[{"embeddable":true,"href":"http:\/\/www.sanseverinolucano.com\/index.php?rest_route=\/wp\/v2\/users\/3"}],"replies":[{"embeddable":true,"href":"http:\/\/www.sanseverinolucano.com\/index.php?rest_route=%2Fwp%2Fv2%2Fcomments&post=263"}],"version-history":[{"count":1,"href":"http:\/\/www.sanseverinolucano.com\/index.php?rest_route=\/wp\/v2\/posts\/263\/revisions"}],"predecessor-version":[{"id":264,"href":"http:\/\/www.sanseverinolucano.com\/index.php?rest_route=\/wp\/v2\/posts\/263\/revisions\/264"}],"wp:attachment":[{"href":"http:\/\/www.sanseverinolucano.com\/index.php?rest_route=%2Fwp%2Fv2%2Fmedia&parent=263"}],"wp:term":[{"taxonomy":"category","embeddable":true,"href":"http:\/\/www.sanseverinolucano.com\/index.php?rest_route=%2Fwp%2Fv2%2Fcategories&post=263"},{"taxonomy":"post_tag","embeddable":true,"href":"http:\/\/www.sanseverinolucano.com\/index.php?rest_route=%2Fwp%2Fv2%2Ftags&post=263"}],"curies":[{"name":"wp","href":"https:\/\/api.w.org\/{rel}","templated":true}]}}