{"id":2712,"date":"2019-06-25T15:42:45","date_gmt":"2019-06-25T13:42:45","guid":{"rendered":"http:\/\/www.sanseverinolucano.com\/?p=2712"},"modified":"2019-06-25T20:12:42","modified_gmt":"2019-06-25T18:12:42","slug":"riflessioni-post-voto","status":"publish","type":"post","link":"http:\/\/www.sanseverinolucano.com\/?p=2712","title":{"rendered":"Riflessioni post-voto"},"content":{"rendered":"<p>&nbsp;<\/p>\n<div id=\"attachment_2713\" style=\"width: 710px\" class=\"wp-caption alignnone\"><a href=\"http:\/\/www.sanseverinolucano.com\/wp-content\/uploads\/2019\/06\/SAN-SEVERINO-LUCANO_foto-15-Panorama-San-Severino_LIB_COMUNE.jpg\"><img loading=\"lazy\" decoding=\"async\" aria-describedby=\"caption-attachment-2713\" class=\"wp-image-2713 size-large\" src=\"http:\/\/www.sanseverinolucano.com\/wp-content\/uploads\/2019\/06\/SAN-SEVERINO-LUCANO_foto-15-Panorama-San-Severino_LIB_COMUNE-1024x387.jpg\" alt=\"SAN SEVERINO LUCANO_foto 15 Panorama San Severino_LIB_COMUNE\" width=\"700\" height=\"264\" srcset=\"http:\/\/www.sanseverinolucano.com\/wp-content\/uploads\/2019\/06\/SAN-SEVERINO-LUCANO_foto-15-Panorama-San-Severino_LIB_COMUNE-1024x387.jpg 1024w, http:\/\/www.sanseverinolucano.com\/wp-content\/uploads\/2019\/06\/SAN-SEVERINO-LUCANO_foto-15-Panorama-San-Severino_LIB_COMUNE-300x113.jpg 300w, http:\/\/www.sanseverinolucano.com\/wp-content\/uploads\/2019\/06\/SAN-SEVERINO-LUCANO_foto-15-Panorama-San-Severino_LIB_COMUNE.jpg 1299w\" sizes=\"auto, (max-width: 700px) 100vw, 700px\" \/><\/a><p id=\"caption-attachment-2713\" class=\"wp-caption-text\">foto presa da internet<\/p><\/div>\n<p style=\"text-align: center\"><strong style=\"font-weight: bold\">RIFLESSIONI POST-VOTO A SAN SEVERINO LUCANO<\/strong><\/p>\n<p style=\"text-align: center\">(Testo del 27 maggio apparso su Facebook, riveduto e corretto)<\/p>\n<p>1. Dalle elezioni comunali del 26 maggio esce un paese spaccato letteralmente in due (445 voti Lista Primavera, 597 Lista n. 2 \u201cInsieme per San Severino Lucano) . L\u2019atmosfera di \u00a0divisione si percepisce, \u00e8 nell\u2019aria. Si pu\u00f2 dire che la parte pi\u00f9 progressista e dinamica di San Severino, la vera e propria &#8220;societ\u00e0 civile sanseverinese&#8221; abbia appoggiato la Lista n.1 Primavera: una composizione sociale che comprende giovani, studenti o laureati, esponenti del mondo delle associazioni, lavoratori, professionisti, operatori turistici, esponenti della cultura. Nonostante anche i suoi limiti, tale gruppo era riuscito a convogliare ci\u00f2 che restava delle risorse umane pi\u00f9 dinamiche di San Severino. Una lista quindi \u201cgiovane\u201d non solo anagraficamente ma anche per contenuti e aspirazioni. La lista n. 2 \u201cInsieme per San Severino Lucano\u201d, erede della scorsa amministrazione, \u00e8 stata evidentemente espressione (si usa solo terminologia sociologica senza intento offensivo), dalla parte conservatrice e immobilista della popolazione, quella parte abituata al solito andazzo che non riesce a vedere, per questo o quel motivo, altre prospettive o orizzonti. In questo quadro desolante che caratterizza un po\u2019 tutto il Sud tornano tristemente attuali le analisi del sociologo Banfield sul familismo amorale: trascurabile diventa il concetto del bene comune, mortificate sono le iniziative dal basso, mentre prioritario \u00e8 l\u2019interesse del singolo e soprattutto della sua famiglia (vedi mia recensione a questo link: <a href=\"http:\/\/appuntidelceapollino.blogspot.com\/2013\/07\/un-sociologo-nel-pollino-lucano-degli.html\">http:\/\/appuntidelceapollino.blogspot.com\/2013\/07\/un-sociologo-nel-pollino-lucano-degli.html<\/a> ).<\/p>\n<p>2. La Lista Primavera era nata dal bisogno di contrapporre ad un&#8217;amministrazione ormai autoreferenziale, distante, disabituata al confronto critico, lontana dai bisogni dei cittadini, un&#8217;alternativa che partisse dal basso, un programma costruito insieme, in un&#8217;ottica di democrazia partecipata in cui predominante fosse il valore dell&#8217; &#8220;ascolto&#8221;. Era nata sotto l\u2019impulso di un forte entusiasmo, solidariet\u00e0 collettiva e voglia di fare. Se la lista La Primavera avesse vinto, non si sarebbero fatti miracoli (non se ne possono fare, vista la situazione dei piccoli comuni), ma si sarebbero potute sprigionare delle energie positive per San Severino Lucano; quella \u201csociet\u00e0 civile\u201d che covava sotto questa aggregazione avrebbe potuto fare da catalizzatore di proposte, suggerimenti, laboratori di idee. Si pu\u00f2 prevedere (previsioni, non giudizi di valore) che tali aspirazioni verranno mortificate per vari fattori dall\u2019amministrazione comunale che \u00e8 uscita dalla lista numero 2. Con ci\u00f2 nessuno vuol negare anche i meriti per ci\u00f2 che \u00e8 stato fatto di buono nelle amministrazioni passate, ma un\u2019amministrazione si giudica per la politica dell\u2019ultima legislatura, con riguardo al presente. Un\u2019accusa fatta alla Lista Primavera era quella di essere sponsorizzata da esponenti di centrodestra: possono piacere o non piacere gli interventi di saluto ai comizi di ospiti istituzionali come Cupparo e Leone, ma l\u2019intento della Lista Primavera, lista civica e apartitica, era mostrare l\u2019affidabilit\u00e0 di un gruppo di \u201cvagnuni\u201d (ovvero giovani) che avrebbe potuto relazionarsi, una volta saliti al potere, con le istituzioni regionali. Questa \u00e8 la realpolitik se si vuole vincere e amministrare in un piccolo paesino e non solo creare liste di pura testimonianza. Sono convinto che la lista non si sarebbe fatta strumentalizzare e avrebbe dato corso all\u2019attuazione del programma in piena autonomia.<\/p>\n<p>3. Nello scontro elettorale abbiamo avuto la chiara incarnazione di due tipi di leader: il leader democratico, che con autorevolezza guida il gruppo ascoltando suggerimenti e pareri di candidati consiglieri, cittadini, esponenti della societ\u00e0 civile e il leader autocratico, che \u00e8 un po\u2019 il dominus assoluto, dove i consiglieri sono semplici pedine da manovrare per i propri scopi elettorali, mentre i cittadini, in una concezione passiva,\u00a0 diventano\u00a0 meri bacini di voti o insiemi clientelari. L&#8217;arma che di solito usa il leader autocratico navigato va dalle promesse elettorali alle provocazioni, fino al rinfacciare questa o quella cosa, magari portata a termine 20 anni fa. In questa prospettiva la cosa pubblica \u00e8 quasi trattata alla stregua della propriet\u00e0 feudale. San Severino Lucano avrebbe avuto un estremo bisogno, in questa fase storica, proprio per i fermenti che La Primavera aveva suscitato, di un sindaco modellato sul tipo ideale del leader democratico, ben incarnato dalla figura di Francesco Ciminelli, giovane candidato della Lista Primavera che aveva i requisiti &#8220;naturali&#8221; per rappresentare un nuovo corso.<\/p>\n<p>4. Con paesi cos\u00ec piccoli e spopolati la dimensione politico-ideologica va a scemare, mentre \u00e8 determinante quella personalistica. Non contano pi\u00f9 le liste ma le persone, si vota la persona nei panni del singolo consigliere, magari per simpatia, parentela o &#8220;piaceri&#8221; ricevuti. La personificazione della politica in contesti di paese \u00e8 una realt\u00e0 con cui bisogna fare i conti. Scompare quasi il ruolo dei partiti, che in passato pure aveva una qualche rilevanza. Un esempio di questo aspetto \u00e8 l&#8217;assoluta non intersecabilit\u00e0 dei dati delle Europee con quelli delle comunali. In questo contesto il disagio socioeconomico dell\u2019area favorisce queste situazioni: pi\u00f9 si \u00e8 nel bisogno o meno attrezzati culturalmente e meno si \u00e8 liberi di fare valutazioni appropriate, e cos\u00ec pi\u00f9 si \u00e8 facilmente influenzabili. Del resto \u00e8 questa la legge dell&#8217;egemonia, sia in senso positivo che negativo: ad egemonizzare in base a questa o quella prospettiva sono sempre partiti, associazioni o personaggi e personalit\u00e0 influenti. Anche le dinamiche elettorali dei piccoli paesi ci consegnano quindi il quadro di una democrazia con grossi deficit, una democrazia solo formale (elettoralistica cio\u00e8) e non autenticamente sostanziale, se teniamo fermo il presupposto della partecipazione della comunit\u00e0 alla vita politica, dove sono i cittadini a decidere sul proprio futuro.<\/p>\n<p>5. L\u2019attuale compito dell\u2019aggregazione sociale uscita dalla lista n. 1 La Primavera dovrebbe essere intanto un\u2019opposizione politica decisa\u00a0 e basata sui fatti. Inoltre \u00e8 necessario convogliare la numerosa schiera di sostenitori e supporter in un movimento sociale che faccia politica dal basso, anche con intento propositivo, ma sempre spingendo sull\u2019iniziativa autonoma e indipendente dalle politiche amministrative comunali. I consiglieri di opposizione dovrebbero diventare i referenti politici di tale movimento.<\/p>\n<p><strong>Saverio De Marco<\/strong> (cittadino di San Severino Lucano)<\/p>\n","protected":false},"excerpt":{"rendered":"<p>&nbsp; RIFLESSIONI POST-VOTO A SAN SEVERINO LUCANO (Testo del 27 maggio apparso su Facebook, riveduto e corretto) 1. Dalle elezioni comunali del 26 maggio esce un paese spaccato letteralmente in due (445 voti Lista Primavera, 597 Lista n. 2 \u201cInsieme&hellip; <\/p>\n","protected":false},"author":12,"featured_media":0,"comment_status":"closed","ping_status":"closed","sticky":false,"template":"","format":"standard","meta":{"footnotes":""},"categories":[8],"tags":[],"class_list":["post-2712","post","type-post","status-publish","format-standard","hentry","category-pol"],"_links":{"self":[{"href":"http:\/\/www.sanseverinolucano.com\/index.php?rest_route=\/wp\/v2\/posts\/2712","targetHints":{"allow":["GET"]}}],"collection":[{"href":"http:\/\/www.sanseverinolucano.com\/index.php?rest_route=\/wp\/v2\/posts"}],"about":[{"href":"http:\/\/www.sanseverinolucano.com\/index.php?rest_route=\/wp\/v2\/types\/post"}],"author":[{"embeddable":true,"href":"http:\/\/www.sanseverinolucano.com\/index.php?rest_route=\/wp\/v2\/users\/12"}],"replies":[{"embeddable":true,"href":"http:\/\/www.sanseverinolucano.com\/index.php?rest_route=%2Fwp%2Fv2%2Fcomments&post=2712"}],"version-history":[{"count":5,"href":"http:\/\/www.sanseverinolucano.com\/index.php?rest_route=\/wp\/v2\/posts\/2712\/revisions"}],"predecessor-version":[{"id":2718,"href":"http:\/\/www.sanseverinolucano.com\/index.php?rest_route=\/wp\/v2\/posts\/2712\/revisions\/2718"}],"wp:attachment":[{"href":"http:\/\/www.sanseverinolucano.com\/index.php?rest_route=%2Fwp%2Fv2%2Fmedia&parent=2712"}],"wp:term":[{"taxonomy":"category","embeddable":true,"href":"http:\/\/www.sanseverinolucano.com\/index.php?rest_route=%2Fwp%2Fv2%2Fcategories&post=2712"},{"taxonomy":"post_tag","embeddable":true,"href":"http:\/\/www.sanseverinolucano.com\/index.php?rest_route=%2Fwp%2Fv2%2Ftags&post=2712"}],"curies":[{"name":"wp","href":"https:\/\/api.w.org\/{rel}","templated":true}]}}