{"id":2720,"date":"2019-07-02T18:37:56","date_gmt":"2019-07-02T16:37:56","guid":{"rendered":"http:\/\/www.sanseverinolucano.com\/?p=2720"},"modified":"2019-07-02T18:37:56","modified_gmt":"2019-07-02T16:37:56","slug":"nostra-signora-della-sea-watch","status":"publish","type":"post","link":"http:\/\/www.sanseverinolucano.com\/?p=2720","title":{"rendered":"Nostra Signora della Sea Watch"},"content":{"rendered":"<p>Ho mal digerito da sempre il paragone tra i migranti in mare e le deportazioni ad opera dei nazisti, ma poi ho accettato il termine improprio &#8220;shoah&#8221; del mare con la stessa rassegnazione con cui si accettano le doppie punte, la cellulite o un parente deficiente. Ma vedere Carola, la capitana Nemo paragonata ad Antigone disobbediente proprio no, non lo posso accettare. Quindi, mi appello alle elette schiere della sinistra: PRIMUM VIVERE, DEINDE PHILOSOPHARI.<br \/>\nLasciate stare Sofocle.<br \/>\nLa vostra eroina di oggi avrebbe potuto accettare di far sbarcare i migranti in Tunisia, porto sicuro a poche miglia dall\u2019area di recupero. Avrebbe anche potuto evitare il braccio di ferro con l\u2019Italia facendo rotta verso l\u2019Olanda, Paese che le ha dato la bandiera da sventolare sulla nave. Eppure il capitano Carola Rackete non ha fatto nulla di tutto questo. Pensate a questo, anzich\u00e8 sciorinare il suo curriculum (che pare sia tutto da verificare) e tesserne le lodi.<br \/>\nOra sar\u00e0 la Magistratura a definire le responsabilit\u00e0 penali di Carola Rackete, accusata di tentato naufragio e resistenza a nave da guerra, ma al di l\u00e0 del giudizio penale, dal quale si spera che la Capitana non esca come una paladina, resta la pericolosa confusione politica che questa storia ha creato. Mentre sembrava incastrato in una situazione senza uscita, Salvini ha trionfato su tutta la linea. Non cos\u00ec si pu\u00f2 dire della passerella del Partito Democratico, che ogni giorno \u00e8 a caccia di nuovi eroi da idolatrare.<br \/>\nE\u2019 stato un atto condotto con coscienza e volont\u00e0 l\u2019urto tra la nave Sea Watch 3 e la motovedetta della Finanza avvenuto durante l&#8217;approdo a Lampedusa della nave, con 40 migranti a bordo, deciso dal capitano Carola, sprezzante del divieto delle autorit\u00e0 italiane. Una decisione per la quale il comandante \u00e8 ora indagata ad Agrigento, con l&#8217;accusa di rifiuto di obbedienza a nave da guerra, resistenza o violenza contro nave da guerra e navigazione in zone vietate. \u201cLa Sea Watch aveva gi\u00e0 ricevuto assistenza medica ed era in continuo contatto con le autorit\u00e0 marittime e militari per ogni tipo di assistenza, per cui non versava in stato di necessit\u00e0&#8221;, ha detto il procuratore al termine dell&#8217;interrogatorio di convalida dell&#8217;arresto.<\/p>\n<p>Ma in risposta alla decisione della procura di Agrigento di mettere sotto sequestro l&#8217;imbarcazione, dopo che la comandante Carola Rackete ha fatto sbarcare con la forza i migranti recuperati al largo delle coste libiche, i vertici dell&#8217;ong tedesca lanciano una nuova sfida allo Stato italiano: vogliono infatti mettere in mare un altro natante &#8220;per la ricerca e il soccorso di migranti in difficolt\u00e0 nel Mediterraneo&#8221;. Al Viminale l&#8217;input \u00e8 di mantenere la linea dura. &#8220;Open Arms \u00e8 una nave spagnola e se cercher\u00e0 di entrare nelle acque italiane avr\u00e0 lo stesso trattamento della Sea Watch&#8221;, ha messo in chiaro Salvini. Per questo \u00e8 al vaglio anche un pacchetto di emendamenti al decreto Sicurezza bis per fare in modo che le navi che provocano il nostro Paese restino in dotazione allo Stato italiano. &#8220;Se entri nelle nostre acque violando la legge &#8211; ha proseguito &#8211; perdi definitivamente l&#8217;imbarcazione, senza attenuanti e multe che incidono ben poco&#8221;.<br \/>\nState tranquilli, Carolina non spezzer\u00e0 le reni a Salvini, al massimo contribuir\u00e0 a fargli prendere qualche &#8220;fascista&#8221; in pi\u00f9 e una valanga di consensi.<br \/>\nIl pugno duro deve continuare, affinch\u00e8 questo sia l&#8217;ultimo attacco al governo italiano. La guerra \u00e8 appena cominciata.<\/p>\n<p>Beatrice Ciminelli<\/p>\n","protected":false},"excerpt":{"rendered":"<p>Ho mal digerito da sempre il paragone tra i migranti in mare e le deportazioni ad opera dei nazisti, ma poi ho accettato il termine improprio &#8220;shoah&#8221; del mare con la stessa rassegnazione con cui si accettano le doppie punte,&hellip; <\/p>\n","protected":false},"author":17,"featured_media":0,"comment_status":"closed","ping_status":"closed","sticky":false,"template":"","format":"standard","meta":{"footnotes":""},"categories":[1],"tags":[],"class_list":["post-2720","post","type-post","status-publish","format-standard","hentry","category-gen"],"_links":{"self":[{"href":"http:\/\/www.sanseverinolucano.com\/index.php?rest_route=\/wp\/v2\/posts\/2720","targetHints":{"allow":["GET"]}}],"collection":[{"href":"http:\/\/www.sanseverinolucano.com\/index.php?rest_route=\/wp\/v2\/posts"}],"about":[{"href":"http:\/\/www.sanseverinolucano.com\/index.php?rest_route=\/wp\/v2\/types\/post"}],"author":[{"embeddable":true,"href":"http:\/\/www.sanseverinolucano.com\/index.php?rest_route=\/wp\/v2\/users\/17"}],"replies":[{"embeddable":true,"href":"http:\/\/www.sanseverinolucano.com\/index.php?rest_route=%2Fwp%2Fv2%2Fcomments&post=2720"}],"version-history":[{"count":2,"href":"http:\/\/www.sanseverinolucano.com\/index.php?rest_route=\/wp\/v2\/posts\/2720\/revisions"}],"predecessor-version":[{"id":2723,"href":"http:\/\/www.sanseverinolucano.com\/index.php?rest_route=\/wp\/v2\/posts\/2720\/revisions\/2723"}],"wp:attachment":[{"href":"http:\/\/www.sanseverinolucano.com\/index.php?rest_route=%2Fwp%2Fv2%2Fmedia&parent=2720"}],"wp:term":[{"taxonomy":"category","embeddable":true,"href":"http:\/\/www.sanseverinolucano.com\/index.php?rest_route=%2Fwp%2Fv2%2Fcategories&post=2720"},{"taxonomy":"post_tag","embeddable":true,"href":"http:\/\/www.sanseverinolucano.com\/index.php?rest_route=%2Fwp%2Fv2%2Ftags&post=2720"}],"curies":[{"name":"wp","href":"https:\/\/api.w.org\/{rel}","templated":true}]}}