{"id":2738,"date":"2019-07-11T10:00:49","date_gmt":"2019-07-11T08:00:49","guid":{"rendered":"http:\/\/www.sanseverinolucano.com\/?p=2738"},"modified":"2019-07-12T01:27:25","modified_gmt":"2019-07-11T23:27:25","slug":"gemellaggio-san-severino-e-amendolara","status":"publish","type":"post","link":"http:\/\/www.sanseverinolucano.com\/?p=2738","title":{"rendered":"Gemellaggio San Severino e Amendolara"},"content":{"rendered":"<p><strong>Mercoled\u00ec 10 luglio<\/strong>, al <em>Palafrido<\/em> in localit\u00e0 Mezzana Frido nel comune di San Severino Lucano, si \u00e8 tenuto il gemellaggio istituzionale tra i comuni di San Severino Lucano e Amendolara, comune della provincia di Cosenza. A firmare i due Sindaci, Fiore e Ciminelli; presenti anche altri rappresentanti delle due amministrazioni.<\/p>\n<p><a href=\"http:\/\/www.sanseverinolucano.com\/wp-content\/uploads\/2019\/07\/locandina.jpg\"><img loading=\"lazy\" decoding=\"async\" class=\"alignleft size-full wp-image-2739\" src=\"http:\/\/www.sanseverinolucano.com\/wp-content\/uploads\/2019\/07\/locandina.jpg\" alt=\"locandina\" width=\"686\" height=\"960\" srcset=\"http:\/\/www.sanseverinolucano.com\/wp-content\/uploads\/2019\/07\/locandina.jpg 686w, http:\/\/www.sanseverinolucano.com\/wp-content\/uploads\/2019\/07\/locandina-214x300.jpg 214w\" sizes=\"auto, (max-width: 686px) 100vw, 686px\" \/><\/a><\/p>\n<p>&nbsp;<\/p>\n<p><a href=\"http:\/\/www.sanseverinolucano.com\/wp-content\/uploads\/2019\/07\/gemellaggio.jpg\"><img loading=\"lazy\" decoding=\"async\" class=\"alignleft wp-image-2740 \" src=\"http:\/\/www.sanseverinolucano.com\/wp-content\/uploads\/2019\/07\/gemellaggio.jpg\" alt=\"gemellaggio\" width=\"601\" height=\"841\" srcset=\"http:\/\/www.sanseverinolucano.com\/wp-content\/uploads\/2019\/07\/gemellaggio.jpg 572w, http:\/\/www.sanseverinolucano.com\/wp-content\/uploads\/2019\/07\/gemellaggio-214x300.jpg 214w\" sizes=\"auto, (max-width: 601px) 100vw, 601px\" \/><\/a><\/p>\n<p>&nbsp;<\/p>\n","protected":false},"excerpt":{"rendered":"<p>Mercoled\u00ec 10 luglio, al Palafrido in localit\u00e0 Mezzana Frido nel comune di San Severino Lucano, si \u00e8 tenuto il gemellaggio istituzionale tra i comuni di San Severino Lucano e Amendolara, comune della provincia di Cosenza. A firmare i due Sindaci,&hellip; <\/p>\n","protected":false},"author":2,"featured_media":0,"comment_status":"closed","ping_status":"closed","sticky":false,"template":"","format":"standard","meta":{"footnotes":""},"categories":[1],"tags":[123,122,124,14],"class_list":["post-2738","post","type-post","status-publish","format-standard","hentry","category-gen","tag-amendolara","tag-gemellaggio","tag-palafrido","tag-san-severino-lucano"],"_links":{"self":[{"href":"http:\/\/www.sanseverinolucano.com\/index.php?rest_route=\/wp\/v2\/posts\/2738","targetHints":{"allow":["GET"]}}],"collection":[{"href":"http:\/\/www.sanseverinolucano.com\/index.php?rest_route=\/wp\/v2\/posts"}],"about":[{"href":"http:\/\/www.sanseverinolucano.com\/index.php?rest_route=\/wp\/v2\/types\/post"}],"author":[{"embeddable":true,"href":"http:\/\/www.sanseverinolucano.com\/index.php?rest_route=\/wp\/v2\/users\/2"}],"replies":[{"embeddable":true,"href":"http:\/\/www.sanseverinolucano.com\/index.php?rest_route=%2Fwp%2Fv2%2Fcomments&post=2738"}],"version-history":[{"count":2,"href":"http:\/\/www.sanseverinolucano.com\/index.php?rest_route=\/wp\/v2\/posts\/2738\/revisions"}],"predecessor-version":[{"id":2742,"href":"http:\/\/www.sanseverinolucano.com\/index.php?rest_route=\/wp\/v2\/posts\/2738\/revisions\/2742"}],"wp:attachment":[{"href":"http:\/\/www.sanseverinolucano.com\/index.php?rest_route=%2Fwp%2Fv2%2Fmedia&parent=2738"}],"wp:term":[{"taxonomy":"category","embeddable":true,"href":"http:\/\/www.sanseverinolucano.com\/index.php?rest_route=%2Fwp%2Fv2%2Fcategories&post=2738"},{"taxonomy":"post_tag","embeddable":true,"href":"http:\/\/www.sanseverinolucano.com\/index.php?rest_route=%2Fwp%2Fv2%2Ftags&post=2738"}],"curies":[{"name":"wp","href":"https:\/\/api.w.org\/{rel}","templated":true}]}}