{"id":2779,"date":"2019-07-28T19:49:09","date_gmt":"2019-07-28T17:49:09","guid":{"rendered":"http:\/\/www.sanseverinolucano.com\/?p=2779"},"modified":"2019-07-28T21:59:26","modified_gmt":"2019-07-28T19:59:26","slug":"alla-pollino-marathon-2019","status":"publish","type":"post","link":"http:\/\/www.sanseverinolucano.com\/?p=2779","title":{"rendered":"Alla Pollino Marathon 2019"},"content":{"rendered":"<p><span style=\"color: #1d2129\">Stamane si \u00e8 svolta a Terranova di Pollino la gara di mountain bike Pollino Marathon 2019. Ho partecipato al percorso escursionistico (non agonistico) di 30 km, anche questo con salite abbastanza dure. I percorsi agonistici, pi\u00f9 impegnativi, son stati la Marathon (percorso lungo) di Km 65 e Granfondo (percorso medio) Km 46. Al di l\u00e0 degli aspetti pi\u00f9 tecnici della competizione che ha visto la partecipazione di circa 400 ciclisti con relative scuole e associazioni di t<\/span><span class=\"text_exposed_show\" style=\"color: #1d2129\">utto il Sud italia, va menzionata la valenza naturalistica dei percorsi, quasi tutti ricadenti su piste forestali e sterrati con fondo naturale di media e bassa montagna. Nel percorso di 30 km si sono attraversate zone rurali come quelle di Destra delle Donne, con belle masserie, pascoli e boschetti, per poi incontrare le faggete di Lago Duglia e la foresta di faggio e abete bianco prima di Acquatremola. Ci si \u00e8 poi diretti, sempre attraversando la faggeta, a Tre Confini, La Catusa e al geosito di Timpa Pietrasasso, incontrando i pascoli aridi e brulli. Non conoscevo la bella pista che, attraverso ripidi tornanti in discesa, conduce da Pietrasasso a Terranova del Pollino. Tali eventi sportivi sono anche l&#8217;occasione per promuovere il turismo nelle zone di media e bassa montagna, valorizzando piste forestali e carrarecce&#8230; Si creer\u00e0 anche un incentivo ad evitare l&#8217;autolesionistica e inutile tendenza ad asfaltarle, incrementando il cicloturismo come occasione di scoperta di certe aree del Parco e la diffusione delle attivit\u00e0 sportive all&#8217;aria aperta, come appunto la mountain bike. L&#8217;organizzazione \u00e8 stata impeccabile, hanno collaborato volontari e Protezione Civile lucana, e decisivo \u00e8 stato il ruolo di amici di San Severino Lucano presenti ai vertici dell&#8217;organizzazione, che da anni promuovono questo evento. La manifestazione, che si svolge da quasi vent&#8217;anni, ha visto le prime edizioni proprio a San Severino Lucano, in cui nacque questa gara di mountain bike. Complimenti quindi a tutti gli organizzatori da un biker del\u00a0<\/span>Gruppo Lupi!<\/p>\n<p>Saverio &#8220;Indio&#8221; De Marco<\/p>\n<p>(Presidente Gruppo Lupi San Severino Lucano, Guida Escursionistica)<\/p>\n<p><img loading=\"lazy\" decoding=\"async\" class=\"alignnone size-medium wp-image-2781\" src=\"http:\/\/www.sanseverinolucano.com\/wp-content\/uploads\/2019\/07\/67402260_2188352291389717_1228345811838959616_n-300x225.jpg\" alt=\"67402260_2188352291389717_1228345811838959616_n\" width=\"300\" height=\"225\" srcset=\"http:\/\/www.sanseverinolucano.com\/wp-content\/uploads\/2019\/07\/67402260_2188352291389717_1228345811838959616_n-300x225.jpg 300w, http:\/\/www.sanseverinolucano.com\/wp-content\/uploads\/2019\/07\/67402260_2188352291389717_1228345811838959616_n.jpg 960w\" sizes=\"auto, (max-width: 300px) 100vw, 300px\" \/><\/p>\n<p><img loading=\"lazy\" decoding=\"async\" class=\"alignnone size-medium wp-image-2788\" src=\"http:\/\/www.sanseverinolucano.com\/wp-content\/uploads\/2019\/07\/DSC04567-300x200.jpg\" alt=\"DSC04567\" width=\"300\" height=\"200\" srcset=\"http:\/\/www.sanseverinolucano.com\/wp-content\/uploads\/2019\/07\/DSC04567-300x200.jpg 300w, http:\/\/www.sanseverinolucano.com\/wp-content\/uploads\/2019\/07\/DSC04567-1024x682.jpg 1024w\" sizes=\"auto, (max-width: 300px) 100vw, 300px\" \/><\/p>\n<p><img loading=\"lazy\" decoding=\"async\" class=\"alignnone size-medium wp-image-2783\" src=\"http:\/\/www.sanseverinolucano.com\/wp-content\/uploads\/2019\/07\/67614116_2188268934731386_2811005294358822912_n-300x225.jpg\" alt=\"67614116_2188268934731386_2811005294358822912_n\" width=\"300\" height=\"225\" srcset=\"http:\/\/www.sanseverinolucano.com\/wp-content\/uploads\/2019\/07\/67614116_2188268934731386_2811005294358822912_n-300x225.jpg 300w, http:\/\/www.sanseverinolucano.com\/wp-content\/uploads\/2019\/07\/67614116_2188268934731386_2811005294358822912_n.jpg 960w\" sizes=\"auto, (max-width: 300px) 100vw, 300px\" \/><\/p>\n<p><img loading=\"lazy\" decoding=\"async\" class=\"alignnone size-medium wp-image-2789 alignleft\" src=\"http:\/\/www.sanseverinolucano.com\/wp-content\/uploads\/2019\/07\/DSC04568-300x200.jpg\" alt=\"DSC04568\" width=\"300\" height=\"200\" srcset=\"http:\/\/www.sanseverinolucano.com\/wp-content\/uploads\/2019\/07\/DSC04568-300x200.jpg 300w, http:\/\/www.sanseverinolucano.com\/wp-content\/uploads\/2019\/07\/DSC04568-1024x682.jpg 1024w\" sizes=\"auto, (max-width: 300px) 100vw, 300px\" \/><\/p>\n<p style=\"text-align: left\">\u00a0\u00a0\u00a0<a href=\"http:\/\/www.sanseverinolucano.com\/wp-content\/uploads\/2019\/07\/DSC04570.jpg\"><img loading=\"lazy\" decoding=\"async\" class=\"alignnone size-medium wp-image-2790\" src=\"http:\/\/www.sanseverinolucano.com\/wp-content\/uploads\/2019\/07\/DSC04570-300x200.jpg\" alt=\"DSC04570\" width=\"300\" height=\"200\" srcset=\"http:\/\/www.sanseverinolucano.com\/wp-content\/uploads\/2019\/07\/DSC04570-300x200.jpg 300w, http:\/\/www.sanseverinolucano.com\/wp-content\/uploads\/2019\/07\/DSC04570-1024x682.jpg 1024w\" sizes=\"auto, (max-width: 300px) 100vw, 300px\" \/><\/a><\/p>\n<p><img loading=\"lazy\" decoding=\"async\" class=\"alignnone size-medium wp-image-2782\" src=\"http:\/\/www.sanseverinolucano.com\/wp-content\/uploads\/2019\/07\/67469431_2188269214731358_6797174221416955904_n-300x225.jpg\" alt=\"67469431_2188269214731358_6797174221416955904_n\" width=\"300\" height=\"225\" srcset=\"http:\/\/www.sanseverinolucano.com\/wp-content\/uploads\/2019\/07\/67469431_2188269214731358_6797174221416955904_n-300x225.jpg 300w, http:\/\/www.sanseverinolucano.com\/wp-content\/uploads\/2019\/07\/67469431_2188269214731358_6797174221416955904_n.jpg 960w\" sizes=\"auto, (max-width: 300px) 100vw, 300px\" \/><\/p>\n<p><img loading=\"lazy\" decoding=\"async\" class=\"alignnone size-medium wp-image-2791\" src=\"http:\/\/www.sanseverinolucano.com\/wp-content\/uploads\/2019\/07\/DSC04571-300x200.jpg\" alt=\"DSC04571\" width=\"300\" height=\"200\" srcset=\"http:\/\/www.sanseverinolucano.com\/wp-content\/uploads\/2019\/07\/DSC04571-300x200.jpg 300w, http:\/\/www.sanseverinolucano.com\/wp-content\/uploads\/2019\/07\/DSC04571-1024x682.jpg 1024w\" sizes=\"auto, (max-width: 300px) 100vw, 300px\" \/><\/p>\n<p><img loading=\"lazy\" decoding=\"async\" class=\"alignnone size-medium wp-image-2787\" src=\"http:\/\/www.sanseverinolucano.com\/wp-content\/uploads\/2019\/07\/Fontana-di-Acquatremola-300x199.jpg\" alt=\"Fontana di Acquatremola\" width=\"300\" height=\"199\" srcset=\"http:\/\/www.sanseverinolucano.com\/wp-content\/uploads\/2019\/07\/Fontana-di-Acquatremola-300x199.jpg 300w, http:\/\/www.sanseverinolucano.com\/wp-content\/uploads\/2019\/07\/Fontana-di-Acquatremola-1024x680.jpg 1024w\" sizes=\"auto, (max-width: 300px) 100vw, 300px\" \/><\/p>\n<p><img loading=\"lazy\" decoding=\"async\" class=\"alignnone size-medium wp-image-2785\" src=\"http:\/\/www.sanseverinolucano.com\/wp-content\/uploads\/2019\/07\/DSC04500-300x199.jpg\" alt=\"DSC04500\" width=\"300\" height=\"199\" srcset=\"http:\/\/www.sanseverinolucano.com\/wp-content\/uploads\/2019\/07\/DSC04500-300x199.jpg 300w, http:\/\/www.sanseverinolucano.com\/wp-content\/uploads\/2019\/07\/DSC04500-1024x682.jpg 1024w, http:\/\/www.sanseverinolucano.com\/wp-content\/uploads\/2019\/07\/DSC04500.jpg 2000w\" sizes=\"auto, (max-width: 300px) 100vw, 300px\" \/><\/p>\n<p><img loading=\"lazy\" decoding=\"async\" class=\"alignnone size-medium wp-image-2780\" src=\"http:\/\/www.sanseverinolucano.com\/wp-content\/uploads\/2019\/07\/086-300x199.jpg\" alt=\"086\" width=\"300\" height=\"199\" srcset=\"http:\/\/www.sanseverinolucano.com\/wp-content\/uploads\/2019\/07\/086-300x199.jpg 300w, http:\/\/www.sanseverinolucano.com\/wp-content\/uploads\/2019\/07\/086-1024x680.jpg 1024w, http:\/\/www.sanseverinolucano.com\/wp-content\/uploads\/2019\/07\/086.jpg 1500w\" sizes=\"auto, (max-width: 300px) 100vw, 300px\" \/><\/p>\n","protected":false},"excerpt":{"rendered":"<p>Stamane si \u00e8 svolta a Terranova di Pollino la gara di mountain bike Pollino Marathon 2019. Ho partecipato al percorso escursionistico (non agonistico) di 30 km, anche questo con salite abbastanza dure. I percorsi agonistici, pi\u00f9 impegnativi, son stati la&hellip; <\/p>\n","protected":false},"author":12,"featured_media":0,"comment_status":"closed","ping_status":"closed","sticky":false,"template":"","format":"standard","meta":{"footnotes":""},"categories":[6,7],"tags":[],"class_list":["post-2779","post","type-post","status-publish","format-standard","hentry","category-amb","category-spo"],"_links":{"self":[{"href":"http:\/\/www.sanseverinolucano.com\/index.php?rest_route=\/wp\/v2\/posts\/2779","targetHints":{"allow":["GET"]}}],"collection":[{"href":"http:\/\/www.sanseverinolucano.com\/index.php?rest_route=\/wp\/v2\/posts"}],"about":[{"href":"http:\/\/www.sanseverinolucano.com\/index.php?rest_route=\/wp\/v2\/types\/post"}],"author":[{"embeddable":true,"href":"http:\/\/www.sanseverinolucano.com\/index.php?rest_route=\/wp\/v2\/users\/12"}],"replies":[{"embeddable":true,"href":"http:\/\/www.sanseverinolucano.com\/index.php?rest_route=%2Fwp%2Fv2%2Fcomments&post=2779"}],"version-history":[{"count":5,"href":"http:\/\/www.sanseverinolucano.com\/index.php?rest_route=\/wp\/v2\/posts\/2779\/revisions"}],"predecessor-version":[{"id":2796,"href":"http:\/\/www.sanseverinolucano.com\/index.php?rest_route=\/wp\/v2\/posts\/2779\/revisions\/2796"}],"wp:attachment":[{"href":"http:\/\/www.sanseverinolucano.com\/index.php?rest_route=%2Fwp%2Fv2%2Fmedia&parent=2779"}],"wp:term":[{"taxonomy":"category","embeddable":true,"href":"http:\/\/www.sanseverinolucano.com\/index.php?rest_route=%2Fwp%2Fv2%2Fcategories&post=2779"},{"taxonomy":"post_tag","embeddable":true,"href":"http:\/\/www.sanseverinolucano.com\/index.php?rest_route=%2Fwp%2Fv2%2Ftags&post=2779"}],"curies":[{"name":"wp","href":"https:\/\/api.w.org\/{rel}","templated":true}]}}