{"id":2863,"date":"2019-09-01T18:58:08","date_gmt":"2019-09-01T16:58:08","guid":{"rendered":"http:\/\/www.sanseverinolucano.com\/?p=2863"},"modified":"2019-09-01T22:44:23","modified_gmt":"2019-09-01T20:44:23","slug":"chiamiamo-le-cose-con-il-loro-nome-facciamo-le-cose-con-il-loro-senso-a-proposito-del-festival-dei-briganti","status":"publish","type":"post","link":"http:\/\/www.sanseverinolucano.com\/?p=2863","title":{"rendered":"Chiamiamo le cose con il loro nome, facciamo le cose con il loro senso! (a proposito del Festival dei briganti)"},"content":{"rendered":"<p>(<strong>di Elisabetta Ciminelli<\/strong>)<\/p>\n<p style=\"text-align: center\"><span style=\"color: #1d2129\">\u00a0<\/span><\/p>\n<p><a href=\"http:\/\/www.sanseverinolucano.com\/wp-content\/uploads\/2019\/09\/brigantiIMAGE_FILE_134156.jpg\"><img loading=\"lazy\" decoding=\"async\" class=\"alignnone size-medium wp-image-2864 aligncenter\" src=\"http:\/\/www.sanseverinolucano.com\/wp-content\/uploads\/2019\/09\/brigantiIMAGE_FILE_134156-300x187.jpg\" alt=\"brigantiIMAGE_FILE_134156\" width=\"300\" height=\"187\" srcset=\"http:\/\/www.sanseverinolucano.com\/wp-content\/uploads\/2019\/09\/brigantiIMAGE_FILE_134156-300x187.jpg 300w, http:\/\/www.sanseverinolucano.com\/wp-content\/uploads\/2019\/09\/brigantiIMAGE_FILE_134156.jpg 680w\" sizes=\"auto, (max-width: 300px) 100vw, 300px\" \/><\/a><br style=\"color: #1d2129\" \/><span style=\"color: #1d2129\">Che il valore della parola si sia smarrito e che il senso che si d\u00e0 a ci\u00f2 che si fa non sia pi\u00f9 frutto di un\u2019analisi ponderata, sono ormai dati di fatto. Per chi come me ci tiene ancora non resta che cercare di puntualizzare.<\/span><br style=\"color: #1d2129\" \/><span style=\"color: #1d2129\"><strong>1. POLEMICA STERILE(ma nemmeno troppo) SULL\u2019UTILIZZO DEI TERMINI<\/strong>: Il 31.08.19 \u00e8 andato in \u201cscena\u201d il \u201cFestival dei Briganti del Pollino\u201d. Ora mi chiedo che senso diamo al termine \u201cFestival\u201d in questo paese? Piuttosto chiamiamo la manifestazione \u201cPROIEZIONE\u201d, perch\u00e9 di questo si tratta!!! Non scomodiamo un termine comunemente usato per manifestazioni volte a sviscerare uno o pi\u00f9 temi prevedendo diversi contenitori artistico-culturali.<\/span><br style=\"color: #1d2129\" \/><span style=\"color: #1d2129\"><strong>2. POLEMICA SUL SENSO DELLA MANIFESTAZIONE E RICHIESTA DISPERATA DI RISPOSTE<\/strong>:<\/span><br style=\"color: #1d2129\" \/><span style=\"color: #1d2129\">Come ogni anno, da ormai 7 anni la Pro Loco del Pollino organizza un festival chiamato \u201c<em><strong>La terra dei Briganti<\/strong><\/em>\u201d. Per il primo anno ho abbandonato questo festival con non poco dispiacere, anche se questo dispiacere \u00e8 durato davvero poche settimane e precisamente fino al 27\/08\/19, quando sono venuta a conoscenza della \u201ccontromanifestazione\u201d organizzata dal comune e della relativa Determina Dirigenziale (DSG 00296 2019 del 27\/08\/2019). Sulla questione ho un bel po&#8217; di quesiti quindi dovr\u00f2 divagare un po&#8217;.<\/span><br style=\"color: #1d2129\" \/><span style=\"color: #1d2129\">&#8211; Che valore hanno i cittadini, e in particolar modo i volontari della Pro Loco del Pollino, per un\u2019amministrazione che, pur di poter gestire giri di soldi difficilmente giustificabili altrimenti, dimentica il valore sociale, ma anche economico, di gente che VOLONTARIAMENTE presta il suo tempo al servizio del paese?<\/span><br style=\"color: #1d2129\" \/><span style=\"color: #1d2129\">&#8211; Che senso ha un appuntamento intitolato ai Briganti, slegato totalmente dal Festival organizzato dalla Pro Loco?<\/span><br style=\"color: #1d2129\" \/><span style=\"color: #1d2129\">&#8211; Che senso ha la proiezione di un film che pu\u00f2 essere accostato al tema solo se inserito in un cartellone pi\u00f9 ampio e non se presentato come unico appuntamento trainante.<\/span><br style=\"color: #1d2129\" \/><span style=\"color: #1d2129\">&#8211; Che senso ha non inserire questo appuntamento nel Festival organizzato dalla Pro Loco arricchendo il loro cartellone di temi e espressioni artistiche?<\/span><br style=\"color: #1d2129\" \/><span style=\"color: #1d2129\">&#8211; Che senso ha pagare <strong>1500 \u20ac<\/strong> alla Fabrique Entertainment srl per i diritti di un film gi\u00e0 ben pagato dal comune?<\/span><br style=\"color: #1d2129\" \/><span style=\"color: #1d2129\">&#8211; Che Senso ha riproporre una mostra fotografica di Giuseppina Schifino gi\u00e0 proposta al pubblico nel 2015 alla modica cifra di <strong>902 \u20ac<\/strong>? Quanti scambi di favori!!!<\/span><br style=\"color: #1d2129\" \/><span style=\"color: #1d2129\">&#8211; Che senso ha per tutti voi il tema del brigantaggio? Non vi sto chiedendo da che parte state , vi sto chiedendo che valore date a quel periodo storico!<\/span><br style=\"color: #1d2129\" \/><span style=\"color: #1d2129\">&#8211; Che senso ha impegnare 4.402,28 per un NON Festival, quanto si poteva puntare su di un Festival gi\u00e0 avviato, forte di una forza lavoro, di impegno, e conoscenze che garantivano un&#8217;altra risonanza al tema e al paese? Un Festival che poteva crescere e che poteva, a differenza di questa pagliacciata, diventare un appuntamento. (vedi Aliano, Colobraro, Valsinni, ecc). Poteva crescere non perch\u00e9 la Pro Loco sa fare meglio, o tantomeno perch\u00e9 ha pi\u00f9 risorse del comune, ma solo perch\u00e9 lavora per un unico obiettivo: LA PROMOZIONE TERRITORIALE, a differenza della nostra amministrazione che lavora per due soli obiettivi: LA PROMOZIONE PERSONALE e gli interessi e giri economici.<\/span><br style=\"color: #1d2129\" \/><span style=\"color: #1d2129\"><strong>DOMANDA NON MOLTO RETORICA AGLI AMICI DELLA PRO LOCO<\/strong>:\u00a0<\/span><br style=\"color: #1d2129\" \/><span style=\"color: #1d2129\">&#8211; Vorrei chiedere ad una parte della Pro Loco, quella impegnata sue due fronti, quello dell\u2019adorazione del sindaco e quello del lavoro per la comunit\u00e0: cosa ne pensate di questa manifestazione? Pensate ancora di contare qualcosa per una politica che considera le persone soltanto in quanto portatori di voti, informazioni e stese di tappeti rossi?<\/span><br style=\"color: #1d2129\" \/><span style=\"color: #1d2129\">&#8211; Vorrei chiedere ad un\u2019altra parte della Pro Loco, quella impegnata su un unico fronte, quello del lavoro per la comunit\u00e0: come fate a sottostare ancora a queste dinamiche? Come fate a sopportare da pi\u00f9 anni i tentativi di boicottaggio dell\u2019amministrazione al Festival? Questa pagliacciata del 31 agosto ne \u00e8 un esempio ma non dimenticate le pagliacciate e la delibera dell\u2019anno scorso per la manifestazione.<\/span><\/p>\n<p><strong>Elisabetta Ciminelli<\/strong><\/p>\n<p>PS (ndr): vengono inoltre stanziati <strong>1500 \u20ac<\/strong> a BASILICATA TODAY di Matera (Associazione dove figurano i soliti noti che orbitano in queste manifestazioni, tipo quella fatta a fine luglio al Palafrido per &#8220;Organizzazione, Promozione e Comunicazione evento): forse un post su facebook e su un sito. E <strong>500 \u20ac<\/strong> a Ginnari Giuseppe per assistenza tecnica (proiezione video).<span style=\"text-decoration: underline\"> In pratica solo le foto avevano un minimo di attinenza col &#8220;Festival&#8221;, il resto NO.<\/span><\/p>\n<p><span style=\"color: #008000\"><strong><a href=\"http:\/\/www.sanseverinolucano.com\/wp-content\/uploads\/2019\/09\/DET-DIR-296-2019.pdf\"><span style=\"color: #008000\">DET DIRIG. 296-2019<\/span><\/a><\/strong><\/span><\/p>\n","protected":false},"excerpt":{"rendered":"<p>(di Elisabetta Ciminelli) \u00a0 Che il valore della parola si sia smarrito e che il senso che si d\u00e0 a ci\u00f2 che si fa non sia pi\u00f9 frutto di un\u2019analisi ponderata, sono ormai dati di fatto. Per chi come me&hellip; <\/p>\n","protected":false},"author":12,"featured_media":0,"comment_status":"closed","ping_status":"closed","sticky":false,"template":"","format":"standard","meta":{"footnotes":""},"categories":[9,8],"tags":[],"class_list":["post-2863","post","type-post","status-publish","format-standard","hentry","category-eve","category-pol"],"_links":{"self":[{"href":"http:\/\/www.sanseverinolucano.com\/index.php?rest_route=\/wp\/v2\/posts\/2863","targetHints":{"allow":["GET"]}}],"collection":[{"href":"http:\/\/www.sanseverinolucano.com\/index.php?rest_route=\/wp\/v2\/posts"}],"about":[{"href":"http:\/\/www.sanseverinolucano.com\/index.php?rest_route=\/wp\/v2\/types\/post"}],"author":[{"embeddable":true,"href":"http:\/\/www.sanseverinolucano.com\/index.php?rest_route=\/wp\/v2\/users\/12"}],"replies":[{"embeddable":true,"href":"http:\/\/www.sanseverinolucano.com\/index.php?rest_route=%2Fwp%2Fv2%2Fcomments&post=2863"}],"version-history":[{"count":6,"href":"http:\/\/www.sanseverinolucano.com\/index.php?rest_route=\/wp\/v2\/posts\/2863\/revisions"}],"predecessor-version":[{"id":2872,"href":"http:\/\/www.sanseverinolucano.com\/index.php?rest_route=\/wp\/v2\/posts\/2863\/revisions\/2872"}],"wp:attachment":[{"href":"http:\/\/www.sanseverinolucano.com\/index.php?rest_route=%2Fwp%2Fv2%2Fmedia&parent=2863"}],"wp:term":[{"taxonomy":"category","embeddable":true,"href":"http:\/\/www.sanseverinolucano.com\/index.php?rest_route=%2Fwp%2Fv2%2Fcategories&post=2863"},{"taxonomy":"post_tag","embeddable":true,"href":"http:\/\/www.sanseverinolucano.com\/index.php?rest_route=%2Fwp%2Fv2%2Ftags&post=2863"}],"curies":[{"name":"wp","href":"https:\/\/api.w.org\/{rel}","templated":true}]}}