{"id":3003,"date":"2019-12-24T21:05:02","date_gmt":"2019-12-24T20:05:02","guid":{"rendered":"http:\/\/www.sanseverinolucano.com\/?p=3003"},"modified":"2019-12-24T21:14:13","modified_gmt":"2019-12-24T20:14:13","slug":"gruppo-lupi-allinaugurazione-dellinfopoint-di-episcopia-il-racconto-della-scoperta-delleremo-di-san-sabaperta","status":"publish","type":"post","link":"http:\/\/www.sanseverinolucano.com\/?p=3003","title":{"rendered":"Gruppo Lupi all&#8217;inaugurazione dell&#8217;Infopoint di  Episcopia: il racconto della scoperta dell&#8217;Eremo di San Saba"},"content":{"rendered":"<p><strong>Ad Episcopia inaugurazione dell&#8217;Infopoint e proiezione del video sulla scoperta dei resti dell&#8217;Eremo di San Saba<\/strong><\/p>\n<p style=\"text-align: center\"><a href=\"http:\/\/www.sanseverinolucano.com\/wp-content\/uploads\/2019\/12\/4ea3bead-61e6-401a-9b77-12a7121bc55c.jpg\"><img loading=\"lazy\" decoding=\"async\" class=\"alignnone wp-image-3004 size-large\" src=\"http:\/\/www.sanseverinolucano.com\/wp-content\/uploads\/2019\/12\/4ea3bead-61e6-401a-9b77-12a7121bc55c-1024x768.jpg\" alt=\"4ea3bead-61e6-401a-9b77-12a7121bc55c\" width=\"700\" height=\"525\" srcset=\"http:\/\/www.sanseverinolucano.com\/wp-content\/uploads\/2019\/12\/4ea3bead-61e6-401a-9b77-12a7121bc55c-1024x768.jpg 1024w, http:\/\/www.sanseverinolucano.com\/wp-content\/uploads\/2019\/12\/4ea3bead-61e6-401a-9b77-12a7121bc55c-300x225.jpg 300w, http:\/\/www.sanseverinolucano.com\/wp-content\/uploads\/2019\/12\/4ea3bead-61e6-401a-9b77-12a7121bc55c.jpg 1600w\" sizes=\"auto, (max-width: 700px) 100vw, 700px\" \/><\/a><\/p>\n<p>Si \u00e8 tenuta ieri 23 dicembre l&#8217;iniziativa di inaugurazione e presentazione della nuova sala dell&#8217;Infopoint ad Episcopia, nel corso della quale io e Maurizio Lofiego siamo stati invitati ad intervenire in merito alla recente scoperta dei resti dell&#8217;Eremo di San Saba, nella veste sia di guide escursionistiche che di rappresentanti del Gruppo Lupi San Severino Lucano ( e con il simpatico appellativo di &#8220;esploratori&#8221; riportato nella locandina). E&#8217; stato proiettato per l&#8217;occasione il video che abbiamo realizzato durante l&#8217;escursione, per informare la cittadinanza sulla rilevanza storico-culturale di questa scoperta (almeno a livello locale), che conferma la veridicit\u00e0 delle testimonianze storiche relative all&#8217;Eremo riportate su alcuni documenti antichi. Un ritrovamento fatto quasi per caso durante una breve escursione, nemmeno programmata, il primo di Dicembre che ha avuto luogo grazie alla collaborazione e allo scambio di opinioni avute su Facebook con\u00a0<a class=\"profileLink\" style=\"color: #385898\" title=\"Alberto Maria Viceconte\" href=\"https:\/\/www.facebook.com\/albertomariaviceconte?fref=gs&amp;__tn__=%2CdK-R-R-R-R&amp;eid=ARB92NISdZN6z-DIpDXoZslLTTt07oAUkLyXJmn0npU2wPgR88hAwgXnICIlbMe43f6eQb3KbHQ3gGvl&amp;dti=1491523587803426&amp;hc_location=group\" rel=\"dialog\">Alberto Maria Viceconte<\/a>, appassionato di storica locale e consigliere comunale, con delega a turismo e spettacolo. Non sapevamo infatti, all&#8217;inizio, che sul &#8220;dorso d&#8217;elefante&#8221; che avevamo fotografato aggirandoci tra i conglomerati del Sinni, vi fosse stato un eremo frequentato a partire da pi\u00f9 di mille anni fa, prima da San Saba il Giovane, dal Beato Giovanni da Caramola e poi dal monaco Pietro Cafaro di Episcopia. Un sito che sar\u00e0 ovviamente sottoposto a vincolo archeologico. Ringraziamo Alberto anche qui pubblicamente, (assieme al sindaco Vecchione e a tutta l&#8217;amministrazione comunale di Episcopia, ai presenti), per averci subito messi al corrente delle sue conoscenze, per averci &#8220;accolti&#8221; e invitati all&#8217;evento, per avere parlato di &#8220;valorizzazione&#8221; di quelle figure come le guide e le associazioni che &#8220;esplorano&#8221; e battono il territorio del Pollino (un riconoscimento che non sempre \u00e8 scontato purtroppo). Una scoperta che \u00e8 la dimostrazione di come la sinergia e la collaborazione tra diverse figure professionali e della societ\u00e0 civile (come guide escursionistiche, studiosi di storia locale, archeologi, ornitologi, geologi ecc.) non pu\u00f2 che essere feconda per la conoscenza e la divulgazione ambientale del nostro territorio. I diversi paesi del Parco sono legati da tradizioni e storia comuni, il Pollino dalla Calabria alla Valle del Sinni \u00e8 parte della nostra identit\u00e0, siamo cio\u00e8 &#8220;pollinesiani&#8221; come dico sempre scherzosamente (ma non troppo&#8230;!). Con l&#8217;occasione sono state illustrate ai presenti le peculiarit\u00e0 naturalistiche &#8211; geologiche, faunistiche, floristiche di questa parte della Valle del Sinni ricadente nei comuni di Fardella, Episcopia, Chiaromonte, un po&#8217; &#8220;snobbata&#8221; ma invece meritevole di attenzione, da conservare e tutelare, promuovendo anche un turismo rispettoso dell&#8217;ambiente naturale e dei beni culturali. Un&#8217;area, quella della Valle del Sinni in generale, importantissima dal punto di vista archeologico, come anche il ritrovamento delle strutture di quest&#8217;Eremo dimostra. Un ultimo appunto che \u00e8 stato fatto, riguarda la &#8220;sacralit\u00e0&#8221; del sito, percepibile anche da un non credente, che ci fa riflettere sulla spiritualit\u00e0 di questi antichi monaci , che ricercavano nella comunione con i luoghi impervi del Pollino la via per la meditazione e l&#8217;elevazione interiore&#8230; Concludo dicendo che il lavoro di ricerca non finisce qui, perch\u00e9 nella Valle del Sinni ci sono sicuramente molte altre avventure che ci aspettano&#8230;<\/p>\n<p><strong>Saverio De Marco<\/strong><\/p>\n<p>(Presidente Gruppo Lupi San Severino Lucano)<\/p>\n<p style=\"color: #1d2129\">foto fornite da Alberto Maria Viceconte<\/p>\n<p><a href=\"http:\/\/www.sanseverinolucano.com\/wp-content\/uploads\/2019\/12\/ec6bcb37-4454-4a86-b3b6-c1cbad822ad9.jpg\"><img loading=\"lazy\" decoding=\"async\" class=\"alignnone wp-image-3008 size-large\" src=\"http:\/\/www.sanseverinolucano.com\/wp-content\/uploads\/2019\/12\/ec6bcb37-4454-4a86-b3b6-c1cbad822ad9-1024x576.jpg\" alt=\"ec6bcb37-4454-4a86-b3b6-c1cbad822ad9\" width=\"700\" height=\"393\" srcset=\"http:\/\/www.sanseverinolucano.com\/wp-content\/uploads\/2019\/12\/ec6bcb37-4454-4a86-b3b6-c1cbad822ad9-1024x576.jpg 1024w, http:\/\/www.sanseverinolucano.com\/wp-content\/uploads\/2019\/12\/ec6bcb37-4454-4a86-b3b6-c1cbad822ad9-300x168.jpg 300w, http:\/\/www.sanseverinolucano.com\/wp-content\/uploads\/2019\/12\/ec6bcb37-4454-4a86-b3b6-c1cbad822ad9.jpg 1600w\" sizes=\"auto, (max-width: 700px) 100vw, 700px\" \/><\/a><\/p>\n<p><a href=\"http:\/\/www.sanseverinolucano.com\/wp-content\/uploads\/2019\/12\/48289b09-0da6-4e95-a263-8a5f731696b0.jpg\"><img loading=\"lazy\" decoding=\"async\" class=\"alignnone wp-image-3006 size-large\" src=\"http:\/\/www.sanseverinolucano.com\/wp-content\/uploads\/2019\/12\/48289b09-0da6-4e95-a263-8a5f731696b0-1024x574.jpg\" alt=\"48289b09-0da6-4e95-a263-8a5f731696b0\" width=\"700\" height=\"392\" srcset=\"http:\/\/www.sanseverinolucano.com\/wp-content\/uploads\/2019\/12\/48289b09-0da6-4e95-a263-8a5f731696b0-1024x574.jpg 1024w, http:\/\/www.sanseverinolucano.com\/wp-content\/uploads\/2019\/12\/48289b09-0da6-4e95-a263-8a5f731696b0-300x168.jpg 300w, http:\/\/www.sanseverinolucano.com\/wp-content\/uploads\/2019\/12\/48289b09-0da6-4e95-a263-8a5f731696b0.jpg 1600w\" sizes=\"auto, (max-width: 700px) 100vw, 700px\" \/><\/a><\/p>\n<p><a href=\"http:\/\/www.sanseverinolucano.com\/wp-content\/uploads\/2019\/12\/cd3e4917-a6b3-40d9-b1a3-9a0d45c9bf4b.jpg\"><img loading=\"lazy\" decoding=\"async\" class=\"alignnone wp-image-3007 size-large\" src=\"http:\/\/www.sanseverinolucano.com\/wp-content\/uploads\/2019\/12\/cd3e4917-a6b3-40d9-b1a3-9a0d45c9bf4b-1024x768.jpg\" alt=\"cd3e4917-a6b3-40d9-b1a3-9a0d45c9bf4b\" width=\"700\" height=\"525\" srcset=\"http:\/\/www.sanseverinolucano.com\/wp-content\/uploads\/2019\/12\/cd3e4917-a6b3-40d9-b1a3-9a0d45c9bf4b-1024x768.jpg 1024w, http:\/\/www.sanseverinolucano.com\/wp-content\/uploads\/2019\/12\/cd3e4917-a6b3-40d9-b1a3-9a0d45c9bf4b-300x225.jpg 300w, http:\/\/www.sanseverinolucano.com\/wp-content\/uploads\/2019\/12\/cd3e4917-a6b3-40d9-b1a3-9a0d45c9bf4b.jpg 1600w\" sizes=\"auto, (max-width: 700px) 100vw, 700px\" \/><\/a><\/p>\n<p><a href=\"http:\/\/www.sanseverinolucano.com\/wp-content\/uploads\/2019\/12\/142ae7f3-9142-4ca1-8355-85bdfd328280.jpg\"><img loading=\"lazy\" decoding=\"async\" class=\"alignnone wp-image-3005 size-full\" src=\"http:\/\/www.sanseverinolucano.com\/wp-content\/uploads\/2019\/12\/142ae7f3-9142-4ca1-8355-85bdfd328280.jpg\" alt=\"142ae7f3-9142-4ca1-8355-85bdfd328280\" width=\"724\" height=\"1024\" srcset=\"http:\/\/www.sanseverinolucano.com\/wp-content\/uploads\/2019\/12\/142ae7f3-9142-4ca1-8355-85bdfd328280.jpg 724w, http:\/\/www.sanseverinolucano.com\/wp-content\/uploads\/2019\/12\/142ae7f3-9142-4ca1-8355-85bdfd328280-212x300.jpg 212w\" sizes=\"auto, (max-width: 724px) 100vw, 724px\" \/><\/a><\/p>\n","protected":false},"excerpt":{"rendered":"<p>Ad Episcopia inaugurazione dell&#8217;Infopoint e proiezione del video sulla scoperta dei resti dell&#8217;Eremo di San Saba Si \u00e8 tenuta ieri 23 dicembre l&#8217;iniziativa di inaugurazione e presentazione della nuova sala dell&#8217;Infopoint ad Episcopia, nel corso della quale io e Maurizio&hellip; <\/p>\n","protected":false},"author":12,"featured_media":0,"comment_status":"closed","ping_status":"closed","sticky":false,"template":"","format":"standard","meta":{"footnotes":""},"categories":[6,4,9],"tags":[],"class_list":["post-3003","post","type-post","status-publish","format-standard","hentry","category-amb","category-cult","category-eve"],"_links":{"self":[{"href":"http:\/\/www.sanseverinolucano.com\/index.php?rest_route=\/wp\/v2\/posts\/3003","targetHints":{"allow":["GET"]}}],"collection":[{"href":"http:\/\/www.sanseverinolucano.com\/index.php?rest_route=\/wp\/v2\/posts"}],"about":[{"href":"http:\/\/www.sanseverinolucano.com\/index.php?rest_route=\/wp\/v2\/types\/post"}],"author":[{"embeddable":true,"href":"http:\/\/www.sanseverinolucano.com\/index.php?rest_route=\/wp\/v2\/users\/12"}],"replies":[{"embeddable":true,"href":"http:\/\/www.sanseverinolucano.com\/index.php?rest_route=%2Fwp%2Fv2%2Fcomments&post=3003"}],"version-history":[{"count":3,"href":"http:\/\/www.sanseverinolucano.com\/index.php?rest_route=\/wp\/v2\/posts\/3003\/revisions"}],"predecessor-version":[{"id":3011,"href":"http:\/\/www.sanseverinolucano.com\/index.php?rest_route=\/wp\/v2\/posts\/3003\/revisions\/3011"}],"wp:attachment":[{"href":"http:\/\/www.sanseverinolucano.com\/index.php?rest_route=%2Fwp%2Fv2%2Fmedia&parent=3003"}],"wp:term":[{"taxonomy":"category","embeddable":true,"href":"http:\/\/www.sanseverinolucano.com\/index.php?rest_route=%2Fwp%2Fv2%2Fcategories&post=3003"},{"taxonomy":"post_tag","embeddable":true,"href":"http:\/\/www.sanseverinolucano.com\/index.php?rest_route=%2Fwp%2Fv2%2Ftags&post=3003"}],"curies":[{"name":"wp","href":"https:\/\/api.w.org\/{rel}","templated":true}]}}