{"id":3053,"date":"2020-01-21T13:44:43","date_gmt":"2020-01-21T12:44:43","guid":{"rendered":"http:\/\/www.sanseverinolucano.com\/?p=3053"},"modified":"2020-01-21T14:00:35","modified_gmt":"2020-01-21T13:00:35","slug":"storie-di-banditi-e-partigiani-nella-resistenza-romana-il-gobbo-del-quarticciolo-illustrato","status":"publish","type":"post","link":"http:\/\/www.sanseverinolucano.com\/?p=3053","title":{"rendered":"Storie di partigiani e banditi nella Resistenza romana: &#8220;Il Gobbo del Quarticciolo\u201d illustrato"},"content":{"rendered":"<p>&nbsp;<\/p>\n<p>E&#8217; uscito nelle librerie il 16 gennaio \u201cIl Gobbo del Quarticciolo. Una storia di Resistenza, dal fascismo alla guerra fredda\u201d \u00a0di<strong>\u00a0<a href=\"https:\/\/www.facebook.com\/massimo.recchioni.5?__tn__=K-R&amp;eid=ARDux7SM27VRGkslaRAnSupZxxlKMDYtHhMbvdJBtIslf9m2ef3xuRCJehR6CnorrE45C9uGN9i8HWr4&amp;fref=mentions&amp;__xts__%5B0%5D=68.ARCDW8Jwbg8vop5O7pfb4ikH98kSdxo1Y2a4zgY7WLN0eyNpXbkENe84_cBcwRM_pog94Oj7teVoGtcdDViDSTK2ZGxI7WvAdtWfe-0p53GBxXTxjxRgn8LtfJkWc1cqALnPJZO1nLoBTa_wvORu4LvIQdsvCqk4k7nRg1hkFbTIf7HS2eG-H4tQE0KfmscRMCkHziYXwQhXvOYx\">Massimo Recchioni<\/a><\/strong>\u00a0e\u00a0<strong><a href=\"https:\/\/www.facebook.com\/polselli.p?__tn__=K-R&amp;eid=ARDUgFL6ZTitbu4PaJ9JxAAwWO-ZUUmNB5gaFt5YWAKPiyva7DUP-NnjNbLxquuWp5tFBJp-IzRLZ5-x&amp;fref=mentions&amp;__xts__%5B0%5D=68.ARCDW8Jwbg8vop5O7pfb4ikH98kSdxo1Y2a4zgY7WLN0eyNpXbkENe84_cBcwRM_pog94Oj7teVoGtcdDViDSTK2ZGxI7WvAdtWfe-0p53GBxXTxjxRgn8LtfJkWc1cqALnPJZO1nLoBTa_wvORu4LvIQdsvCqk4k7nRg1hkFbTIf7HS2eG-H4tQE0KfmscRMCkHziYXwQhXvOYx\">Paola Polselli<\/a>.<\/strong> Con la prefazione di <strong>Alessandra Kersevan<\/strong>, le illustrazioni di\u00a0<strong><a href=\"https:\/\/www.facebook.com\/profile.php?id=100006449017601&amp;__tn__=K-R&amp;eid=ARAg6dXTixTDCxnVYcLT6C6CPYINoGj8tvw_aMSE0Vhdi-IQ_Tc4gLE62Tlj-hWkpjfBTUtd0qUFmZXF&amp;fref=mentions&amp;__xts__%5B0%5D=68.ARCDW8Jwbg8vop5O7pfb4ikH98kSdxo1Y2a4zgY7WLN0eyNpXbkENe84_cBcwRM_pog94Oj7teVoGtcdDViDSTK2ZGxI7WvAdtWfe-0p53GBxXTxjxRgn8LtfJkWc1cqALnPJZO1nLoBTa_wvORu4LvIQdsvCqk4k7nRg1hkFbTIf7HS2eG-H4tQE0KfmscRMCkHziYXwQhXvOYx\">Saverio \u201cIndio\u201d De Marco<\/a><\/strong>\u00a0(<strong><a href=\"https:\/\/www.facebook.com\/www.milieuedizioni.it\/?__tn__=K-R&amp;eid=ARAn44Y6ZNCAnq1yHjGuvPrAUoPCMKUTqcTMpVn6lOLSyTQDJnDT_m0ldhK8MSp3v_9atMMEorl_6hfz&amp;fref=mentions&amp;__xts__%5B0%5D=68.ARCDW8Jwbg8vop5O7pfb4ikH98kSdxo1Y2a4zgY7WLN0eyNpXbkENe84_cBcwRM_pog94Oj7teVoGtcdDViDSTK2ZGxI7WvAdtWfe-0p53GBxXTxjxRgn8LtfJkWc1cqALnPJZO1nLoBTa_wvORu4LvIQdsvCqk4k7nRg1hkFbTIf7HS2eG-H4tQE0KfmscRMCkHziYXwQhXvOYx\">Milieu Edizioni<\/a><\/strong>\u00a02020).<\/p>\n<p>Sono lieto di aver collaborato come illustratore a questo interessante libro sulla storia del Gobbo del Quarticciolo, un partigiano\/bandito adolescente, di origine calabrese, che fu attivo nella Resistenza romana al nazifascismo. Una delle tante &#8220;storie senza storia&#8221; (che non fanno parte cio\u00e8 della storiografia ufficiale) delle classi subalterne, raccontata dagli autori attenendosi ai documenti e senza nessuna retorica. Il racconto di una figura contraddittoria e affascinante\u00a0allo stesso tempo. Come si potr\u00e0 leggere dalla prefazione di Alessandra Kersevan: <em>\u201cNella storia del giovane protagonista di questo libro emerge l\u2019antifascismo ribelle di una giovent\u00f9 emarginata, non solo povera ma depauperata, travolta nell\u2019esistenza da decisioni prese da un potere fascista che sembrava irraggiungibile e che improvvisamente era caduto, dimostrando tutta la propria miseria morale. Forse questi giovani di borgata non avevano compreso del tutto ci\u00f2 che stava avvenendo, e certi loro comportamenti potevano essere censurabili, ma senza il loro apporto la Resistenza romana avrebbe avuto molta meno forza e capacit\u00e0 di affrontare i nazifascisti\u201d. <\/em><\/p>\n<p>Disegnando per hobby e ad &#8220;intermittenza&#8221;, rimettermi a disegnare dopo tanti anni non \u00e8 stato semplice. Il lavoro di illustrazione \u00e8 consistito nella realizzazione di 10 tavole in bianco e nero. Fondamentale \u00e8 stata la ricerca iconografica per riprodurre fedelmente armi, divise, personaggi e situazioni di quel periodo storico. Del Gobbo del Quarticciolo esistono poche foto e anche a bassa definizione, per cui ho dovuto in qualche modo &#8220;reinventare&#8221; il personaggio. Per altre tavole mi sono ispirato a film come \u201cLe Quattro giornate di Napoli\u201d , \u201cVa e vedi\u201d del regista russo Klimov e \u201cIl Gobbo del Quarticciolo\u201d \u00a0di Lizzani, che a dir la verit\u00e0 non ha molta attinenza con il personaggio storico. Come riferimento ideale ho avuto i libri illustrati per ragazzi della mia infanzia e la tradizione del fumetto bonelliano di cui sono appassionato. \u00a0E\u2019 in programma una presentazione anche in Basilicata, prevista nel corso del 2020. Un ringraziamento va all&#8217;amico di vecchia data Gianni Parella e a Massimo Recchioni, compagni che si dedicano da anni all&#8217;approfondimento della storia sociale e politica dell&#8217;Italia contemporanea.\u00a0 La prima presentazione del libro \u00e8 prevista per il 15 febbraio a Roma, alla Biblioteca del Quarticciolo.<\/p>\n<p><strong>Saverio De Marco<\/strong><\/p>\n<p><a href=\"http:\/\/www.sanseverinolucano.com\/wp-content\/uploads\/2020\/01\/83826508_10220936537111373_7034349642716282880_n.jpg\"><img loading=\"lazy\" decoding=\"async\" class=\"alignnone wp-image-3054 size-full\" src=\"http:\/\/www.sanseverinolucano.com\/wp-content\/uploads\/2020\/01\/83826508_10220936537111373_7034349642716282880_n.jpg\" alt=\"83826508_10220936537111373_7034349642716282880_n\" width=\"720\" height=\"960\" srcset=\"http:\/\/www.sanseverinolucano.com\/wp-content\/uploads\/2020\/01\/83826508_10220936537111373_7034349642716282880_n.jpg 720w, http:\/\/www.sanseverinolucano.com\/wp-content\/uploads\/2020\/01\/83826508_10220936537111373_7034349642716282880_n-225x300.jpg 225w\" sizes=\"auto, (max-width: 720px) 100vw, 720px\" \/><\/a><\/p>\n","protected":false},"excerpt":{"rendered":"<p>&nbsp; E&#8217; uscito nelle librerie il 16 gennaio \u201cIl Gobbo del Quarticciolo. Una storia di Resistenza, dal fascismo alla guerra fredda\u201d \u00a0di\u00a0Massimo Recchioni\u00a0e\u00a0Paola Polselli. Con la prefazione di Alessandra Kersevan, le illustrazioni di\u00a0Saverio \u201cIndio\u201d De Marco\u00a0(Milieu Edizioni\u00a02020). Sono lieto di&hellip; <\/p>\n","protected":false},"author":12,"featured_media":0,"comment_status":"closed","ping_status":"closed","sticky":false,"template":"","format":"standard","meta":{"footnotes":""},"categories":[4,9],"tags":[],"class_list":["post-3053","post","type-post","status-publish","format-standard","hentry","category-cult","category-eve"],"_links":{"self":[{"href":"http:\/\/www.sanseverinolucano.com\/index.php?rest_route=\/wp\/v2\/posts\/3053","targetHints":{"allow":["GET"]}}],"collection":[{"href":"http:\/\/www.sanseverinolucano.com\/index.php?rest_route=\/wp\/v2\/posts"}],"about":[{"href":"http:\/\/www.sanseverinolucano.com\/index.php?rest_route=\/wp\/v2\/types\/post"}],"author":[{"embeddable":true,"href":"http:\/\/www.sanseverinolucano.com\/index.php?rest_route=\/wp\/v2\/users\/12"}],"replies":[{"embeddable":true,"href":"http:\/\/www.sanseverinolucano.com\/index.php?rest_route=%2Fwp%2Fv2%2Fcomments&post=3053"}],"version-history":[{"count":4,"href":"http:\/\/www.sanseverinolucano.com\/index.php?rest_route=\/wp\/v2\/posts\/3053\/revisions"}],"predecessor-version":[{"id":3058,"href":"http:\/\/www.sanseverinolucano.com\/index.php?rest_route=\/wp\/v2\/posts\/3053\/revisions\/3058"}],"wp:attachment":[{"href":"http:\/\/www.sanseverinolucano.com\/index.php?rest_route=%2Fwp%2Fv2%2Fmedia&parent=3053"}],"wp:term":[{"taxonomy":"category","embeddable":true,"href":"http:\/\/www.sanseverinolucano.com\/index.php?rest_route=%2Fwp%2Fv2%2Fcategories&post=3053"},{"taxonomy":"post_tag","embeddable":true,"href":"http:\/\/www.sanseverinolucano.com\/index.php?rest_route=%2Fwp%2Fv2%2Ftags&post=3053"}],"curies":[{"name":"wp","href":"https:\/\/api.w.org\/{rel}","templated":true}]}}