{"id":3060,"date":"2020-02-02T00:14:41","date_gmt":"2020-02-01T23:14:41","guid":{"rendered":"http:\/\/www.sanseverinolucano.com\/?p=3060"},"modified":"2020-02-02T00:14:41","modified_gmt":"2020-02-01T23:14:41","slug":"gruppo-consiliare-la-primavera-su-vicenda-ciclo-rifiuti","status":"publish","type":"post","link":"http:\/\/www.sanseverinolucano.com\/?p=3060","title":{"rendered":"Gruppo consiliare &#8216;La Primavera&#8217; su vicenda ciclo rifiuti"},"content":{"rendered":"<p><span style=\"color: #000000;\">Pronti alla <strong>mobilitazione<\/strong> gli <strong>operatori ecologici<\/strong> di San Severino Lucano supportati dal gruppo\u00a0 consiliare di minoranza \u2018<em><strong>La Primavera<\/strong><\/em>\u2019 e da grosse fette della societ\u00e0 civile a causa della condotta antisindacale portata avanti dall\u2019amministrazione per quanto concerne la nuova gestione del servizio di nettezza urbana e raccolta differenziata.<\/span><br style=\"color: #000000;\" \/><span style=\"color: #000000;\">Con DETERMINA DSG N. 00340\/2019 del 26 settembre 2019, il comune di San Severino Lucano dava inizio alla contrattazione per gara per quanto concerne l\u2019affidamento del servizio di raccolta differenziata nonch\u00e9 della gestione di una \u2018fantomatica\u2019 Isola Ecologica.<\/span><br style=\"color: #000000;\" \/><span style=\"color: #000000;\">Il comune di San Severino Lucano con regolare bando, anche se giudicato carente a parere dei consiglieri di minoranza per gli aspetti riguardanti l\u2019assenza di un obiettivo programmatico per il triennio in questione, ha assegnato il servizio della raccolta differenziata a una ditta esterna. Fin qui tutto regolare o quasi, ci spiegano i consiglieri Mastropierro Vincenzo, Ciminelli Francesco e Ciminelli Giuseppe. Gli stessi ci fanno notare come dal giorno in cui la ditta esterna si \u00e8 aggiudicata la gara (in via provvisoria il 12 novembre 2019) fino al 27 di gennaio del corrente anno, non si sia mossa foglia.<\/span><br style=\"color: #000000;\" \/><span style=\"color: #000000;\">Come da copione il 27 gennaio 2020 il <strong>sindaco<\/strong> in persona, dott. Francesco Fiore convocava gli operatori comunali che per anni hanno svolto il servizio per il comune al fine di dar loro comunicazione dell\u2019immediato spostamento e inquadramento presso la ditta appaltatrice. A giudizio dell\u2019opposizione un gravissimo abuso d\u2019ufficio accompagnata da un\u2019evidente condotta antisindacale. Per i lavoratori dovrebbe trattarsi di un \u2018prestito\u2019 che avverrebbe con un contratto di somministrazione. Tutto regolare, se non fosse che viene chiesto loro di firmare alla cieca e in bianco documenti solo 4 giorni prima dell\u2019immediata esecutivit\u00e0 del provvedimento e ovviamente senza poter avere alcun tipo di contraddittorio sindacale.<\/span><br style=\"color: #000000;\" \/><span style=\"color: #000000;\">Non \u00e8 la prima volta, ci spiegano i giovani consiglieri de \u2018La Primavera\u2019, che l\u2019amministrazione mostra i muscoli nelle questioni con i suoi dipendenti e collaboratori, nonch\u00e9 con l\u2019intera cittadinanza. Gli stessi ci fanno notare come il bando sia debole in molti aspetti a partire dalla mancata previsione di obiettivi concreti in termini di percentuali di differenziata da raggiungere nel triennio. Altro punto debole riguarda la mancata previsione di penalit\u00e0 e premialit\u00e0 per come i cittadini effettueranno la raccolta. In sintesi ognuno pu\u00f2 arbitrariamente scegliere di differenziare o meno. Un po\u2019 come \u00e8 stato per tutti questi anni.<\/span><br style=\"color: #000000;\" \/><span style=\"color: #000000;\">E chi penser\u00e0 poi al verde pubblico e alla rimozione della neve e del ghiaccio nel periodo invernale? Tutte mansioni finora portate avanti in modo esemplare dai quattro addetti. Nell\u2019assegnazione \u00e8 previsto che suddetti servizi debbano essere svolti con i mezzi comunali dalla ditta senza alcun compenso aggiuntivo. La riflessione della minoranza \u00e8 la seguente. Potr\u00e0 mai la ditta appaltatrice rientrare nel budget previsto dal servizio di raccolta se fosse costretta per diversi giorni a caricare pi\u00f9 ore di lavoro per questi servizi aggiuntivi. Che tutela hanno i lavoratori su eventuali ore di straordinario (e ce ne saranno considerato che il comune di San Severino Lucano ha strade carrabili anche in quota)? Chi paga? Chi \u00e8 responsabile della manutenzione dei mezzi? Ancora una volta a perdere sono i lavoratori e il contribuente, soprattutto se si tiene conto dei risultati disastrosi degli scorsi anni.<\/span><br style=\"color: #000000;\" \/><span style=\"color: #000000;\">Il gruppo Consiliare \u2018La Primavera\u2019 esprime solidariet\u00e0 ai lavoratori e in linea con la lettera della Segreteria Regionale CISL di Basilicata a firma del Segretario Regionale dott. Giovanni Sarli, <strong>chiede la sospensione immediata di ogni provvedimento a riguardo<\/strong>. Chiede altres\u00ec che la questione venga ridiscussa in sede di Consiglio Comunale in presenza delle forze sindacali e dei lavoratori.<\/span><br style=\"color: #000000;\" \/><br style=\"color: #000000;\" \/><span style=\"color: #000000;\">Gruppo Consiliare \u2018La Primavera\u2019<\/span><br style=\"color: #000000;\" \/><span style=\"color: #000000;\">Francesco CIMINELLI<\/span><br style=\"color: #000000;\" \/><span style=\"color: #000000;\">Giuseppe CIMINELLI<\/span><br style=\"color: #000000;\" \/><span style=\"color: #000000;\">Vincenzo MASTROPIERRO<\/span><\/p>\n","protected":false},"excerpt":{"rendered":"<p>Pronti alla mobilitazione gli operatori ecologici di San Severino Lucano supportati dal gruppo\u00a0 consiliare di minoranza \u2018La Primavera\u2019 e da grosse fette della societ\u00e0 civile a causa della condotta antisindacale portata avanti dall\u2019amministrazione per quanto concerne la nuova gestione del&hellip; <\/p>\n","protected":false},"author":2,"featured_media":3061,"comment_status":"closed","ping_status":"closed","sticky":false,"template":"","format":"standard","meta":{"footnotes":""},"categories":[8],"tags":[],"class_list":["post-3060","post","type-post","status-publish","format-standard","has-post-thumbnail","hentry","category-pol"],"_links":{"self":[{"href":"http:\/\/www.sanseverinolucano.com\/index.php?rest_route=\/wp\/v2\/posts\/3060","targetHints":{"allow":["GET"]}}],"collection":[{"href":"http:\/\/www.sanseverinolucano.com\/index.php?rest_route=\/wp\/v2\/posts"}],"about":[{"href":"http:\/\/www.sanseverinolucano.com\/index.php?rest_route=\/wp\/v2\/types\/post"}],"author":[{"embeddable":true,"href":"http:\/\/www.sanseverinolucano.com\/index.php?rest_route=\/wp\/v2\/users\/2"}],"replies":[{"embeddable":true,"href":"http:\/\/www.sanseverinolucano.com\/index.php?rest_route=%2Fwp%2Fv2%2Fcomments&post=3060"}],"version-history":[{"count":2,"href":"http:\/\/www.sanseverinolucano.com\/index.php?rest_route=\/wp\/v2\/posts\/3060\/revisions"}],"predecessor-version":[{"id":3063,"href":"http:\/\/www.sanseverinolucano.com\/index.php?rest_route=\/wp\/v2\/posts\/3060\/revisions\/3063"}],"wp:featuredmedia":[{"embeddable":true,"href":"http:\/\/www.sanseverinolucano.com\/index.php?rest_route=\/wp\/v2\/media\/3061"}],"wp:attachment":[{"href":"http:\/\/www.sanseverinolucano.com\/index.php?rest_route=%2Fwp%2Fv2%2Fmedia&parent=3060"}],"wp:term":[{"taxonomy":"category","embeddable":true,"href":"http:\/\/www.sanseverinolucano.com\/index.php?rest_route=%2Fwp%2Fv2%2Fcategories&post=3060"},{"taxonomy":"post_tag","embeddable":true,"href":"http:\/\/www.sanseverinolucano.com\/index.php?rest_route=%2Fwp%2Fv2%2Ftags&post=3060"}],"curies":[{"name":"wp","href":"https:\/\/api.w.org\/{rel}","templated":true}]}}