{"id":3579,"date":"2021-07-24T14:43:45","date_gmt":"2021-07-24T12:43:45","guid":{"rendered":"http:\/\/www.sanseverinolucano.com\/?p=3579"},"modified":"2021-07-24T14:43:45","modified_gmt":"2021-07-24T12:43:45","slug":"domenica-25-luglio-2021-alle-1800-il-cardinale-gualtiero-bassetti-a-san-severino-lucano","status":"publish","type":"post","link":"http:\/\/www.sanseverinolucano.com\/?p=3579","title":{"rendered":"Domenica 25 luglio 2021 alle 18,00, il cardinale Gualtiero Bassetti a San Severino Lucano"},"content":{"rendered":"<p>Domenica 25 luglio 2021 alle 18,00, il cardinale Gualtiero Bassetti, arcivescovo di Perugia-Citt\u00e0 della Pieve e presidente della Conferenza episcopale italiana, celebrer\u00e0 la Messa nella cittadina del Pollino, con lui concelebrer\u00e0 il vescovo di Tursi-Lagonegro monsignor Vincenzo Carmine Orofino che si \u00e8 prodigato per la presenza del cardinale a San Severino Lucano. Mons. Bassetti in questi giorni \u00e8 a Maratea per la Festa di Avvenire. Il parroco don Antonio Lo Gatto, ringrazia il vescovo Orofino che si \u00e8 prodigato per questa importante presenza e afferma \u201cla venuta del cardinale \u00e8 motivo di gioia e di festa per tutta la comunit\u00e0 parrocchiale e diocesana. La sua presenza ci dice la bellezza di appartenere alla chiesa come madre e maestra di tutti gli uomini a cominciare dalle periferie come dice papa Francesco\u201d .<\/p>\n<p>Il cardinale arriva al termine del campo scuola vocazionale che ha visto a San Severino Lucano la presenza di seminaristi e ragazzi che stanno facendo il cammino di discernimento che insieme alle loro famiglie avranno un momento di confronto con il presidente della CEI.<\/p>\n","protected":false},"excerpt":{"rendered":"<p>Domenica 25 luglio 2021 alle 18,00, il cardinale Gualtiero Bassetti, arcivescovo di Perugia-Citt\u00e0 della Pieve e presidente della Conferenza episcopale italiana, celebrer\u00e0 la Messa nella cittadina del Pollino, con lui concelebrer\u00e0 il vescovo di Tursi-Lagonegro monsignor Vincenzo Carmine Orofino che&hellip; <\/p>\n","protected":false},"author":1,"featured_media":0,"comment_status":"closed","ping_status":"closed","sticky":false,"template":"","format":"standard","meta":{"footnotes":""},"categories":[4,1],"tags":[],"class_list":["post-3579","post","type-post","status-publish","format-standard","hentry","category-cult","category-gen"],"_links":{"self":[{"href":"http:\/\/www.sanseverinolucano.com\/index.php?rest_route=\/wp\/v2\/posts\/3579","targetHints":{"allow":["GET"]}}],"collection":[{"href":"http:\/\/www.sanseverinolucano.com\/index.php?rest_route=\/wp\/v2\/posts"}],"about":[{"href":"http:\/\/www.sanseverinolucano.com\/index.php?rest_route=\/wp\/v2\/types\/post"}],"author":[{"embeddable":true,"href":"http:\/\/www.sanseverinolucano.com\/index.php?rest_route=\/wp\/v2\/users\/1"}],"replies":[{"embeddable":true,"href":"http:\/\/www.sanseverinolucano.com\/index.php?rest_route=%2Fwp%2Fv2%2Fcomments&post=3579"}],"version-history":[{"count":1,"href":"http:\/\/www.sanseverinolucano.com\/index.php?rest_route=\/wp\/v2\/posts\/3579\/revisions"}],"predecessor-version":[{"id":3580,"href":"http:\/\/www.sanseverinolucano.com\/index.php?rest_route=\/wp\/v2\/posts\/3579\/revisions\/3580"}],"wp:attachment":[{"href":"http:\/\/www.sanseverinolucano.com\/index.php?rest_route=%2Fwp%2Fv2%2Fmedia&parent=3579"}],"wp:term":[{"taxonomy":"category","embeddable":true,"href":"http:\/\/www.sanseverinolucano.com\/index.php?rest_route=%2Fwp%2Fv2%2Fcategories&post=3579"},{"taxonomy":"post_tag","embeddable":true,"href":"http:\/\/www.sanseverinolucano.com\/index.php?rest_route=%2Fwp%2Fv2%2Ftags&post=3579"}],"curies":[{"name":"wp","href":"https:\/\/api.w.org\/{rel}","templated":true}]}}