{"id":3620,"date":"2022-03-27T12:24:58","date_gmt":"2022-03-27T10:24:58","guid":{"rendered":"http:\/\/www.sanseverinolucano.com\/?p=3620"},"modified":"2022-03-27T12:24:58","modified_gmt":"2022-03-27T10:24:58","slug":"scomparsa-della-professoressa-franca-mele-il-commosso-ricordo-del-prof-vincenzo-ciminelli","status":"publish","type":"post","link":"http:\/\/www.sanseverinolucano.com\/?p=3620","title":{"rendered":"Scomparsa della professoressa Franca Mele. IL commosso ricordo del Prof. Vincenzo Ciminelli"},"content":{"rendered":"<p style=\"text-align: justify;\"><a href=\"http:\/\/www.sanseverinolucano.com\/wp-content\/uploads\/2022\/03\/foto-franca-mele.jpeg\" target=\"_blank\"><img loading=\"lazy\" decoding=\"async\" class=\"wp-image-3621 alignleft\" src=\"http:\/\/www.sanseverinolucano.com\/wp-content\/uploads\/2022\/03\/foto-franca-mele.jpeg\" alt=\"foto franca mele\" width=\"142\" height=\"117\" srcset=\"http:\/\/www.sanseverinolucano.com\/wp-content\/uploads\/2022\/03\/foto-franca-mele.jpeg 569w, http:\/\/www.sanseverinolucano.com\/wp-content\/uploads\/2022\/03\/foto-franca-mele-300x246.jpeg 300w\" sizes=\"auto, (max-width: 142px) 100vw, 142px\" \/><\/a>Se n&#8217;\u00e8 andata <em>\u201ca Frances \u201c<\/em>.<br \/>\nCos\u00ec la chiamavano tante generazioni di alunni cui ha impartito non solo l&#8217;interesse per le lingue straniere ma soprattutto l&#8217;educazione, la formazione, la cultura, non quella sterile che talvolta appare nelle scuole, ma l\u2019attaccamento al dovere, all\u2019 impegno, ad un percorso che ha permesso loro di guardare con fiducia alla vita e a mettere in pratica i suoi insegnamenti.<br \/>\nTutti gli alunni le hanno tributato omaggi e riconoscenza per quello che ha profuso nella sua carriera di insegnante e che anch&#8217;io, come preside, ho potuto constatare ed ammirare.<br \/>\nAlcuni hanno scritto <em>Merci mademoiselle<\/em>.<br \/>\nNessuno di noi avrebbe immaginato che questo giorno sarebbe arrivato cos\u00ec all&#8217;improvviso e che saremmo stati qui a ricordare la bella persona che era, il suo coraggio, la sua determinazione, il suo entusiasmo, la sua forza e, perch\u00e9 no, anche la sua allegria, che personalmente ho potuto sperimentare In tante occasioni.<br \/>\nTutti ricorderemo il suo sorriso, le sue parole rassicuranti, il suo incitamento, il suo sprone a far sempre meglio e il piacere che provava quando i suoi alunni raggiungevano i risultati pi\u00f9 lusinghieri.<br \/>\nMa i ricordi, che sono l&#8217;arma pi\u00f9 potente, nessuno potr\u00e0 cancellarli. Mi riferisco in particolare ai suoi allievi e sopravviveranno nel tempo e anche se non potremo pi\u00f9 rivederci, ci tufferemo nel tuo ricordo e lo rivivremo insieme!<br \/>\nMancherai a tutti, grandi e piccoli, agli amici di sempre.<br \/>\nCi mancher\u00e0 soprattutto la tua sincerit\u00e0, il tuo modo di vedere la vita, la tua seriet\u00e0, che all&#8217;occorrenza diventava simpatia, la tua moralit\u00e0, la tua vera amicizia; ricorderemo il tuo sorriso, le tue parole piene di incoraggiamento, pensando che questo saluto improvviso sar\u00e0 solo un arrivederci.<br \/>\nOggi non ci sono parole giuste o sufficienti per ricordare la nostra cara Franca Mele e la sua significativa missione didattica; ci rimane soltanto l&#8217;amarezza di aver perduto un&#8217;amica vera e preziosa.<br \/>\nCi rimarr\u00e0 solo il conforto di aver lasciato un ricordo vivo e indelebile nelle persone che l&#8217;hanno conosciuta ed amata. Sei per tutti noi una grande perdita, difficile da accettare, un grande vuoto difficile da colmare, ma ti ricorderemo sempre con ammirazione ed edificante esempio.<br \/>\n&#8220;adieu mademoiselle Fran\u00e7oise\u201d<\/p>\n<p>Vincenzo Ciminelli<\/p>\n","protected":false},"excerpt":{"rendered":"<p>Se n&#8217;\u00e8 andata \u201ca Frances \u201c. Cos\u00ec la chiamavano tante generazioni di alunni cui ha impartito non solo l&#8217;interesse per le lingue straniere ma soprattutto l&#8217;educazione, la formazione, la cultura, non quella sterile che talvolta appare nelle scuole, ma l\u2019attaccamento&hellip; <\/p>\n","protected":false},"author":1,"featured_media":0,"comment_status":"closed","ping_status":"closed","sticky":false,"template":"","format":"standard","meta":{"footnotes":""},"categories":[4],"tags":[],"class_list":["post-3620","post","type-post","status-publish","format-standard","hentry","category-cult"],"_links":{"self":[{"href":"http:\/\/www.sanseverinolucano.com\/index.php?rest_route=\/wp\/v2\/posts\/3620","targetHints":{"allow":["GET"]}}],"collection":[{"href":"http:\/\/www.sanseverinolucano.com\/index.php?rest_route=\/wp\/v2\/posts"}],"about":[{"href":"http:\/\/www.sanseverinolucano.com\/index.php?rest_route=\/wp\/v2\/types\/post"}],"author":[{"embeddable":true,"href":"http:\/\/www.sanseverinolucano.com\/index.php?rest_route=\/wp\/v2\/users\/1"}],"replies":[{"embeddable":true,"href":"http:\/\/www.sanseverinolucano.com\/index.php?rest_route=%2Fwp%2Fv2%2Fcomments&post=3620"}],"version-history":[{"count":1,"href":"http:\/\/www.sanseverinolucano.com\/index.php?rest_route=\/wp\/v2\/posts\/3620\/revisions"}],"predecessor-version":[{"id":3622,"href":"http:\/\/www.sanseverinolucano.com\/index.php?rest_route=\/wp\/v2\/posts\/3620\/revisions\/3622"}],"wp:attachment":[{"href":"http:\/\/www.sanseverinolucano.com\/index.php?rest_route=%2Fwp%2Fv2%2Fmedia&parent=3620"}],"wp:term":[{"taxonomy":"category","embeddable":true,"href":"http:\/\/www.sanseverinolucano.com\/index.php?rest_route=%2Fwp%2Fv2%2Fcategories&post=3620"},{"taxonomy":"post_tag","embeddable":true,"href":"http:\/\/www.sanseverinolucano.com\/index.php?rest_route=%2Fwp%2Fv2%2Ftags&post=3620"}],"curies":[{"name":"wp","href":"https:\/\/api.w.org\/{rel}","templated":true}]}}