{"id":3761,"date":"2023-06-22T16:21:24","date_gmt":"2023-06-22T14:21:24","guid":{"rendered":"https:\/\/www.sanseverinolucano.com\/?p=3761"},"modified":"2023-06-22T16:21:27","modified_gmt":"2023-06-22T14:21:27","slug":"%f0%9d%90%84%f0%9d%90%9c%f0%9d%90%9c%f0%9d%90%a8-%f0%9d%90%a2%f0%9d%90%a5-%f0%9d%90%a9%f0%9d%90%ab%f0%9d%90%a8%f0%9d%90%a0%f0%9d%90%ab%f0%9d%90%9a%f0%9d%90%a6%f0%9d%90%a6%f0%9d%90%9a-%f0%9d%90%9d","status":"publish","type":"post","link":"http:\/\/www.sanseverinolucano.com\/?p=3761","title":{"rendered":"\ud835\udc04\ud835\udc1c\ud835\udc1c\ud835\udc28 \ud835\udc22\ud835\udc25 \ud835\udc29\ud835\udc2b\ud835\udc28\ud835\udc20\ud835\udc2b\ud835\udc1a\ud835\udc26\ud835\udc26\ud835\udc1a \ud835\udc1d\ud835\udc1e\ud835\udc25\ud835\udc25\ud835\udc1a \ud835\udc05\ud835\udc1e\ud835\udc2c\ud835\udc2d\ud835\udc1a \ud835\udc2c\ud835\udc2e\ud835\udc25 \ud835\udc0c\ud835\udc28\ud835\udc27\ud835\udc2d\ud835\udc1e \ud835\udfd0\ud835\udfce\ud835\udfd0\ud835\udfd1"},"content":{"rendered":"\n<p>~~\ud835\udc04\ud835\udc1c\ud835\udc1c\ud835\udc28 \ud835\udc22\ud835\udc25 \ud835\udc29\ud835\udc2b\ud835\udc28\ud835\udc20\ud835\udc2b\ud835\udc1a\ud835\udc26\ud835\udc26\ud835\udc1a \ud835\udc1d\ud835\udc1e\ud835\udc25\ud835\udc25\ud835\udc1a \ud835\udc05\ud835\udc1e\ud835\udc2c\ud835\udc2d\ud835\udc1a \ud835\udc2c\ud835\udc2e\ud835\udc25 \ud835\udc0c\ud835\udc28\ud835\udc27\ud835\udc2d\ud835\udc1e \ud835\udfd0\ud835\udfce\ud835\udfd0\ud835\udfd1 ~~<\/p>\n\n\n\n<p>Dopo il momento di grazia vissuto a Roma con Papa Francesco, il \ud835\udfec\ud835\udfed <a><\/a>\ud835\uddf9\ud835\ude02\ud835\uddf4\ud835\uddf9\ud835\uddf6\ud835\uddfc sar\u00e0 presente al Santuario S.E. il Card. Gambetti, vicario di Sua Santit\u00e0 per la Citt\u00e0 del Vaticano.<\/p>\n\n\n\n<p>In locandina i dettagli del programma festivo.<\/p>\n\n\n\n<figure class=\"wp-block-image size-full\"><a href=\"https:\/\/www.sanseverinolucano.com\/wp-content\/uploads\/2023\/06\/355705208_10226766549923207_563876476013197488_n.jpg\" target=\"_blank\" rel=\"noreferrer noopener\"><img loading=\"lazy\" decoding=\"async\" width=\"417\" height=\"590\" src=\"http:\/\/www.sanseverinolucano.com\/wp-content\/uploads\/2023\/06\/355705208_10226766549923207_563876476013197488_n.jpg\" alt=\"\" class=\"wp-image-3762\" srcset=\"http:\/\/www.sanseverinolucano.com\/wp-content\/uploads\/2023\/06\/355705208_10226766549923207_563876476013197488_n.jpg 417w, http:\/\/www.sanseverinolucano.com\/wp-content\/uploads\/2023\/06\/355705208_10226766549923207_563876476013197488_n-212x300.jpg 212w\" sizes=\"auto, (max-width: 417px) 100vw, 417px\" \/><\/a><\/figure>\n","protected":false},"excerpt":{"rendered":"<p>~~\ud835\udc04\ud835\udc1c\ud835\udc1c\ud835\udc28 \ud835\udc22\ud835\udc25 \ud835\udc29\ud835\udc2b\ud835\udc28\ud835\udc20\ud835\udc2b\ud835\udc1a\ud835\udc26\ud835\udc26\ud835\udc1a \ud835\udc1d\ud835\udc1e\ud835\udc25\ud835\udc25\ud835\udc1a \ud835\udc05\ud835\udc1e\ud835\udc2c\ud835\udc2d\ud835\udc1a \ud835\udc2c\ud835\udc2e\ud835\udc25 \ud835\udc0c\ud835\udc28\ud835\udc27\ud835\udc2d\ud835\udc1e \ud835\udfd0\ud835\udfce\ud835\udfd0\ud835\udfd1 ~~ Dopo il momento di grazia vissuto a Roma con Papa Francesco, il \ud835\udfec\ud835\udfed \ud835\uddf9\ud835\ude02\ud835\uddf4\ud835\uddf9\ud835\uddf6\ud835\uddfc sar\u00e0 presente al Santuario S.E. il Card. Gambetti, vicario di Sua Santit\u00e0 per la Citt\u00e0 del Vaticano.&hellip; <\/p>\n","protected":false},"author":1,"featured_media":0,"comment_status":"closed","ping_status":"closed","sticky":false,"template":"","format":"standard","meta":{"footnotes":""},"categories":[1],"tags":[],"class_list":["post-3761","post","type-post","status-publish","format-standard","hentry","category-gen"],"_links":{"self":[{"href":"http:\/\/www.sanseverinolucano.com\/index.php?rest_route=\/wp\/v2\/posts\/3761","targetHints":{"allow":["GET"]}}],"collection":[{"href":"http:\/\/www.sanseverinolucano.com\/index.php?rest_route=\/wp\/v2\/posts"}],"about":[{"href":"http:\/\/www.sanseverinolucano.com\/index.php?rest_route=\/wp\/v2\/types\/post"}],"author":[{"embeddable":true,"href":"http:\/\/www.sanseverinolucano.com\/index.php?rest_route=\/wp\/v2\/users\/1"}],"replies":[{"embeddable":true,"href":"http:\/\/www.sanseverinolucano.com\/index.php?rest_route=%2Fwp%2Fv2%2Fcomments&post=3761"}],"version-history":[{"count":1,"href":"http:\/\/www.sanseverinolucano.com\/index.php?rest_route=\/wp\/v2\/posts\/3761\/revisions"}],"predecessor-version":[{"id":3763,"href":"http:\/\/www.sanseverinolucano.com\/index.php?rest_route=\/wp\/v2\/posts\/3761\/revisions\/3763"}],"wp:attachment":[{"href":"http:\/\/www.sanseverinolucano.com\/index.php?rest_route=%2Fwp%2Fv2%2Fmedia&parent=3761"}],"wp:term":[{"taxonomy":"category","embeddable":true,"href":"http:\/\/www.sanseverinolucano.com\/index.php?rest_route=%2Fwp%2Fv2%2Fcategories&post=3761"},{"taxonomy":"post_tag","embeddable":true,"href":"http:\/\/www.sanseverinolucano.com\/index.php?rest_route=%2Fwp%2Fv2%2Ftags&post=3761"}],"curies":[{"name":"wp","href":"https:\/\/api.w.org\/{rel}","templated":true}]}}