{"id":3966,"date":"2024-05-18T12:40:07","date_gmt":"2024-05-18T10:40:07","guid":{"rendered":"https:\/\/www.sanseverinolucano.com\/?p=3966"},"modified":"2024-05-18T12:40:08","modified_gmt":"2024-05-18T10:40:08","slug":"18-05-2024-lista-la-primavera-lettera-aperta-alla-cittadinanza-di-san-severino-lucano","status":"publish","type":"post","link":"http:\/\/www.sanseverinolucano.com\/?p=3966","title":{"rendered":"18\/05\/2024 Lista La Primavera: lettera aperta alla cittadinanza di San Severino Lucano"},"content":{"rendered":"\n<div class=\"wp-block-media-text is-stacked-on-mobile is-vertically-aligned-top\" style=\"grid-template-columns:32% auto\"><figure class=\"wp-block-media-text__media\"><img loading=\"lazy\" decoding=\"async\" width=\"376\" height=\"376\" src=\"https:\/\/www.sanseverinolucano.com\/wp-content\/uploads\/2024\/05\/laprimavera1579_n.jpg\" alt=\"\" class=\"wp-image-3967 size-full\" srcset=\"http:\/\/www.sanseverinolucano.com\/wp-content\/uploads\/2024\/05\/laprimavera1579_n.jpg 376w, http:\/\/www.sanseverinolucano.com\/wp-content\/uploads\/2024\/05\/laprimavera1579_n-300x300.jpg 300w, http:\/\/www.sanseverinolucano.com\/wp-content\/uploads\/2024\/05\/laprimavera1579_n-150x150.jpg 150w, http:\/\/www.sanseverinolucano.com\/wp-content\/uploads\/2024\/05\/laprimavera1579_n-230x230.jpg 230w\" sizes=\"auto, (max-width: 376px) 100vw, 376px\" \/><\/figure><div class=\"wp-block-media-text__content\">\n<p>Cari concittadini,<br>mancano ormai poche settimane al voto e ci tenevo fortemente a ringraziare il gruppo &#8216;La Primavera&#8217; per avermi indicato come candidato a sindaco di San Severino Lucano e voi tutti per l&#8217;affetto e le prove di stima che ci state fornendo in questi primi giorni di campagna elettorale. Ho risposto con un si alla chiamata dei miei compagni di viaggio per diversi motivi. Il primo era dare continuit\u00e0 a quanto intrapreso cinque anni fa. Lo sguardo volge verso una nuova stagione politica per San Severino, scandita da una visione nuova di vivere la vita pubblica e il dibattito pubblico. Una visione che mette al centro il cittadino e ai margini le nostre ambizioni politiche e i nostri personalismi. Non ci si candida per vanit\u00e0 o per vana gloria, piuttosto per aiutare il paese a risollevarsi da anni critici. Rispettiamo profondamente il lavoro svolto dalle precedenti amministrazioni, non per questo possiamo asserire di condividerne metodo e sostanza. Vogliamo affermare il nostro essere differenti nelle piazze, in strada, casa per casa, parlando del nostro programma, dei nostri progetti, e perch\u00e9 no, dei sogni di chi ambisce a diventare amministratore della Cosa Pubblica. Lasciamo quindi da parte il chiacchiericcio stantio di chi mi addita e ci addita come candidati contro qualcuno o qualcosa. Le elezioni amministrative non rappresentano un referendum pro o contro di me, pro o contro il candidato sindaco della lista concorrente. Ci\u00f2 non porterebbe a nulla. Piuttosto urge ribadire che esse rappresentano un importantissimo momento di confronto che ci pu\u00f2 condurre a migliorare le sorti del nostro paese. Ci aspettiamo, e soprattutto ci impegniamo, affinch\u00e9 i toni restino quelli di un confronto leale seppur serrato. Chiediamo a chi ci sostiene di mantenere la medesima condotta poich\u00e9 non c&#8217;\u00e8 cosa pi\u00f9 importante che vincere il confronto per contenuti. Ancora pi\u00f9 importante sar\u00e0 farlo in un clima di pace sociale che sta a noi candidati promuovere e garantire. Detto ci\u00f2 vorremmo rassicurare tutti che quanto si va affermando nelle ultime ore rispetto alla nostra inverosimile volont\u00e0 di chiudere RSA, centri di accoglienza, uffici postali, postazione del 118, non corrispondono al vero. Nel nostro programma abbiamo messo nero su bianco l&#8217;esatto opposto. Il nostro impegno \u00e8 volto ad aggiungere valore e non a sottrarne. Siamo abituati a ci\u00f2 e non demordiamo, ma ci chiediamo come sia possibile mettere sulla nostra bocca parole che non ci appartengono, e soprattutto come si possa mettere in dubbio la buona fede di chi non ha mai amministrato prima d&#8217;ora. Molti servizi (purtroppo) sono stati soppressi proprio negli ultimi cinque anni di amministrazione. La scuola a Mezzana, lo sportello della Bcc, la presenza dell&#8217;ufficiale sanitario per citarne alcuni. Molto correttamente non abbiamo attaccato nessuno e non abbiamo strumentalizzato queste situazioni per farne oggetto di discussione politica. Pensiamo altres\u00ec che non si possa basare una campagna elettorale su promesse irrealizzabili da dispensare ai ceti pi\u00f9 deboli. L&#8217;aiuto che un amministratore pu\u00f2 fornire a questa platea di persone consiste nel creare condizioni di crescita strutturali e generalizzate, che possano fungere da veicolo di emancipazione individuale e collettiva. Lo spopolamento e l&#8217;abbandono dei nostri piccoli centri rappresentano purtroppo un gravissimo problema che \u00e8 gravato su chi ha amministrato e graver\u00e0 su chi amministrer\u00e0. Di una cosa siamo per\u00f2 convinti, ed \u00e8 il fatto che adottando nuove strategie a livello locale e di area, la tendenza si possa invertire. Solo un radicale cambiamento pu\u00f2 portarci a migliorare le nostre vite, e &#8216;La Primavera&#8217; vuole essere interprete di questo cambiamento. L&#8217;obiettivo sar\u00e0 quello di promuovere un dibattito pubblico aperto alle parti sociali instaurando un dialogo costante e proficuo tra l&#8217;amministrazione e la cittadinanza. \u00c8 per questa ragione, cari concittadini, che vi chiedo di sostenere il gruppo del quale faccio parte l&#8217;8 e il 9 giugno. Concludo facendo i migliori auguri ai candidati della lista &#8216;Per il sociale&#8217; e salutando con affetto i miei concittadini con l&#8217;augurio di inaugurare insieme una stagione di grande progresso.<\/p>\n\n\n\n<p>Dott. Giuseppe Ciminelli<br>e i candidati consiglieri de \u201cLa Primavera\u201d<\/p>\n<\/div><\/div>\n\n\n\n<p><\/p>\n\n\n\n<p><\/p>\n","protected":false},"excerpt":{"rendered":"<p>Cari concittadini,mancano ormai poche settimane al voto e ci tenevo fortemente a ringraziare il gruppo &#8216;La Primavera&#8217; per avermi indicato come candidato a sindaco di San Severino Lucano e voi tutti per l&#8217;affetto e le prove di stima che ci&hellip; <\/p>\n","protected":false},"author":5,"featured_media":0,"comment_status":"closed","ping_status":"closed","sticky":false,"template":"","format":"standard","meta":{"footnotes":""},"categories":[1],"tags":[],"class_list":["post-3966","post","type-post","status-publish","format-standard","hentry","category-gen"],"_links":{"self":[{"href":"http:\/\/www.sanseverinolucano.com\/index.php?rest_route=\/wp\/v2\/posts\/3966","targetHints":{"allow":["GET"]}}],"collection":[{"href":"http:\/\/www.sanseverinolucano.com\/index.php?rest_route=\/wp\/v2\/posts"}],"about":[{"href":"http:\/\/www.sanseverinolucano.com\/index.php?rest_route=\/wp\/v2\/types\/post"}],"author":[{"embeddable":true,"href":"http:\/\/www.sanseverinolucano.com\/index.php?rest_route=\/wp\/v2\/users\/5"}],"replies":[{"embeddable":true,"href":"http:\/\/www.sanseverinolucano.com\/index.php?rest_route=%2Fwp%2Fv2%2Fcomments&post=3966"}],"version-history":[{"count":1,"href":"http:\/\/www.sanseverinolucano.com\/index.php?rest_route=\/wp\/v2\/posts\/3966\/revisions"}],"predecessor-version":[{"id":3968,"href":"http:\/\/www.sanseverinolucano.com\/index.php?rest_route=\/wp\/v2\/posts\/3966\/revisions\/3968"}],"wp:attachment":[{"href":"http:\/\/www.sanseverinolucano.com\/index.php?rest_route=%2Fwp%2Fv2%2Fmedia&parent=3966"}],"wp:term":[{"taxonomy":"category","embeddable":true,"href":"http:\/\/www.sanseverinolucano.com\/index.php?rest_route=%2Fwp%2Fv2%2Fcategories&post=3966"},{"taxonomy":"post_tag","embeddable":true,"href":"http:\/\/www.sanseverinolucano.com\/index.php?rest_route=%2Fwp%2Fv2%2Ftags&post=3966"}],"curies":[{"name":"wp","href":"https:\/\/api.w.org\/{rel}","templated":true}]}}