{"id":532,"date":"2008-04-12T07:55:08","date_gmt":"2008-04-12T05:55:08","guid":{"rendered":"http:\/\/www.sanseverinolucano.com\/?p=532"},"modified":"2014-06-18T07:55:43","modified_gmt":"2014-06-18T05:55:43","slug":"il-pollino-a-firenze-dal-14-al-19-aprile-08","status":"publish","type":"post","link":"http:\/\/www.sanseverinolucano.com\/?p=532","title":{"rendered":"Il Pollino a Firenze dal 14 al 19 aprile &#8217;08"},"content":{"rendered":"<p><span style=\"color: #ffffff;\"><span style=\"color: #000000;\">l Parco Nazionale del Pollino parteciper\u00e0 attraverso CoPollino, la cooperativa dei produttori agroalimentari del Parco, alla \u201cSettimana dei prodotti agroalimentari calabresi\u201d negli ipermercati di Firenze dal 14 al 19 aprile.\u2028 L\u2019iniziativa s\u2019inserisce nell\u2019ambito del \u201cProtocollo di collaborazione\u201d sottoscritto dalle Regioni Toscana e Calabria ed \u00e8 promossa dal Dipartimento alle attivit\u00e0 produttive della Regione Calabria. \u201cLa settimana dei prodotti agroalimentari calabresi\u201d si svolger\u00e0 dal 14 al 19 aprile 2008 in quattro strutture della grande distribuzione toscana: Unicoop Firenze, Carrefour, Esselunga, Ipermercato I Gigli.\u2028Il 24 aprile, sempre a Firenze, presso Palazzo Vecchio, si terr\u00e0 una degustazione di prodotti tipici del Parco alla quale parteciper\u00e0 pure il gruppo folkloristico \u201cMiromagnum\u201d di Mormanno (CS) che interverr\u00e0 anche alla \u201cMostra internazionale dell\u2019Artigianato\u201d la cui inaugurazione \u00e8 fissata per il 25 aprile. CoPollino, presieduto da Giuseppe Suanno, con sede a Rotonda (PZ) riunisce quattro associazioni di filiera: la filiera dei prodotti da forno, dei prodotti\u2028ortofrutticoli, dei formaggi, dei salumi. \u201cLa presenza del Parco del Pollino, attraverso CoPollino \u2013 dichiara l\u2019Ente Parco \u2013 ha una grande valenza oltre che per i consumatori, che potranno acquistare i prodotti tipici dell\u2019area calabro-lucana, anche per gli operatori commerciali con i quali saranno concordate nuove azioni di promozione e di distribuzione del paniere delle tipicit\u00e0 del Pollino\u201d. Il Parco, sempre a proposito di \u201csapori\u201d parteciper\u00e0 anche ad un\u2019altra importante iniziativa dal 24 aprile al 1\u00b0 maggio prossimi in provincia di Pisa, a Pontasserchio ad \u201cAgrifiera 2008\u201d dove anche l\u00ec, CoPollino porter\u00e0 in tavola i sapori del Parco pi\u00f9 grande d\u2019Italia.<\/span> <\/span><\/p>\n","protected":false},"excerpt":{"rendered":"<p>l Parco Nazionale del Pollino parteciper\u00e0 attraverso CoPollino, la cooperativa dei produttori agroalimentari del Parco, alla \u201cSettimana dei prodotti agroalimentari calabresi\u201d negli ipermercati di Firenze dal 14 al 19 aprile.\u2028 L\u2019iniziativa s\u2019inserisce nell\u2019ambito del \u201cProtocollo di collaborazione\u201d sottoscritto dalle Regioni&hellip; <\/p>\n","protected":false},"author":1,"featured_media":0,"comment_status":"open","ping_status":"open","sticky":false,"template":"","format":"standard","meta":{"footnotes":""},"categories":[4,9],"tags":[],"class_list":["post-532","post","type-post","status-publish","format-standard","hentry","category-cult","category-eve"],"_links":{"self":[{"href":"http:\/\/www.sanseverinolucano.com\/index.php?rest_route=\/wp\/v2\/posts\/532","targetHints":{"allow":["GET"]}}],"collection":[{"href":"http:\/\/www.sanseverinolucano.com\/index.php?rest_route=\/wp\/v2\/posts"}],"about":[{"href":"http:\/\/www.sanseverinolucano.com\/index.php?rest_route=\/wp\/v2\/types\/post"}],"author":[{"embeddable":true,"href":"http:\/\/www.sanseverinolucano.com\/index.php?rest_route=\/wp\/v2\/users\/1"}],"replies":[{"embeddable":true,"href":"http:\/\/www.sanseverinolucano.com\/index.php?rest_route=%2Fwp%2Fv2%2Fcomments&post=532"}],"version-history":[{"count":1,"href":"http:\/\/www.sanseverinolucano.com\/index.php?rest_route=\/wp\/v2\/posts\/532\/revisions"}],"predecessor-version":[{"id":533,"href":"http:\/\/www.sanseverinolucano.com\/index.php?rest_route=\/wp\/v2\/posts\/532\/revisions\/533"}],"wp:attachment":[{"href":"http:\/\/www.sanseverinolucano.com\/index.php?rest_route=%2Fwp%2Fv2%2Fmedia&parent=532"}],"wp:term":[{"taxonomy":"category","embeddable":true,"href":"http:\/\/www.sanseverinolucano.com\/index.php?rest_route=%2Fwp%2Fv2%2Fcategories&post=532"},{"taxonomy":"post_tag","embeddable":true,"href":"http:\/\/www.sanseverinolucano.com\/index.php?rest_route=%2Fwp%2Fv2%2Ftags&post=532"}],"curies":[{"name":"wp","href":"https:\/\/api.w.org\/{rel}","templated":true}]}}