{"id":564,"date":"2008-09-05T08:18:31","date_gmt":"2008-09-05T06:18:31","guid":{"rendered":"http:\/\/www.sanseverinolucano.com\/?p=564"},"modified":"2014-06-18T08:19:42","modified_gmt":"2014-06-18T06:19:42","slug":"un-weekend-con-aquiloni-in-alta-quota-a-san-severino-lucano-per-il-primo-raduno-di-aquilonisti-il-6-e-7-settembre","status":"publish","type":"post","link":"http:\/\/www.sanseverinolucano.com\/?p=564","title":{"rendered":"UN weekend con \u201caquiloni in alta quota\u201d a San Severino Lucano, per il primo raduno di aquilonisti, il 6 e 7 settembre"},"content":{"rendered":"<div class=\"giustificato\">\n<div style=\"text-align: justify;\">Il cielo di San Severino Lucano si riempir\u00e0 di colori nel primo weekend di settembre grazie ad \u201cAquiloni in alta quota\u201d il primo raduno degli aquilonisti che si terr\u00e0 a San Severino Lucano domani (sabato 6 settembre) e domenica 7. Alla manifestazione ideata dalla Pro Loco guidata da Antonio Provenzano, con l\u2019intento di creare un momento d\u2019incontro tra gli appassionati dell\u2019aquilonismo, una nuova occasione di animazione territoriale e di divertimento, partecipano tra gli altri aquilonisti di Bari, Taranto e Napoli. Sabato esperti e dilettanti, appassionati vecchi e in erba si ritroveranno nella cittadina del Pollino alle ore 15,00, per un laboratorio di costruzione di aquiloni. L\u2019officina di fabbricazione di aquiloni tra le altre cose intende avvicinare i ragazzi ad un hobby ecologico, creativo e fantasioso, che consente un sano rapporto con l&#8217;ambiente. Tale attivit\u00e0 offre validi spunti didattici ed educativi: la scelta del modello, la decorazione, e la realizzazione, implicano il passaggio dal progetto al manufatto finito, la costruzione unisce fantasia e manualit\u00e0 ,la fase del volo, infine, consente la verifica di quanto si \u00e8 appreso e la condivisione della propria realizzazione. Naturalmente quello degli aquiloni \u00e8 un poetico mondo di forme e colori ma senza il rispetto di precise regole costruttive, essi non volano. E dalla didattica alla verifica. Domenica, a Cozzo della Principessa, una splendida terrazza che si affaccia sulle vette della catena del Pollino a 1350 metri di altezza, dalle 10,00 si faranno volare aquiloni di ogni colore e dimensione. Al volo si abbiner\u00e0 un vero e proprio pic nic sui prati durante la quale sar\u00e0 possibile degustare i prodotti tipici di San Severino Lucano e del Pollino. \u201cVogliamo creare un momento di aggregazione, ha detto il presidente Provenzano, svago e divertimento per le famiglie del posto e i turisti a contatto con la natura, attraverso una manifestazione altamente eco-compatibile e in un\u2019area lontana da rumori, dal traffico e soprattutto di una bellezza mozzafiato\u201d<\/div>\n<p>L\u2019addetto Stampa Antonietta Zaccara<\/p>\n<\/div>\n<p>&nbsp;<\/p>\n","protected":false},"excerpt":{"rendered":"<p>Il cielo di San Severino Lucano si riempir\u00e0 di colori nel primo weekend di settembre grazie ad \u201cAquiloni in alta quota\u201d il primo raduno degli aquilonisti che si terr\u00e0 a San Severino Lucano domani (sabato 6 settembre) e domenica 7.&hellip; <\/p>\n","protected":false},"author":1,"featured_media":0,"comment_status":"open","ping_status":"open","sticky":false,"template":"","format":"standard","meta":{"footnotes":""},"categories":[1],"tags":[],"class_list":["post-564","post","type-post","status-publish","format-standard","hentry","category-gen"],"_links":{"self":[{"href":"http:\/\/www.sanseverinolucano.com\/index.php?rest_route=\/wp\/v2\/posts\/564","targetHints":{"allow":["GET"]}}],"collection":[{"href":"http:\/\/www.sanseverinolucano.com\/index.php?rest_route=\/wp\/v2\/posts"}],"about":[{"href":"http:\/\/www.sanseverinolucano.com\/index.php?rest_route=\/wp\/v2\/types\/post"}],"author":[{"embeddable":true,"href":"http:\/\/www.sanseverinolucano.com\/index.php?rest_route=\/wp\/v2\/users\/1"}],"replies":[{"embeddable":true,"href":"http:\/\/www.sanseverinolucano.com\/index.php?rest_route=%2Fwp%2Fv2%2Fcomments&post=564"}],"version-history":[{"count":2,"href":"http:\/\/www.sanseverinolucano.com\/index.php?rest_route=\/wp\/v2\/posts\/564\/revisions"}],"predecessor-version":[{"id":566,"href":"http:\/\/www.sanseverinolucano.com\/index.php?rest_route=\/wp\/v2\/posts\/564\/revisions\/566"}],"wp:attachment":[{"href":"http:\/\/www.sanseverinolucano.com\/index.php?rest_route=%2Fwp%2Fv2%2Fmedia&parent=564"}],"wp:term":[{"taxonomy":"category","embeddable":true,"href":"http:\/\/www.sanseverinolucano.com\/index.php?rest_route=%2Fwp%2Fv2%2Fcategories&post=564"},{"taxonomy":"post_tag","embeddable":true,"href":"http:\/\/www.sanseverinolucano.com\/index.php?rest_route=%2Fwp%2Fv2%2Ftags&post=564"}],"curies":[{"name":"wp","href":"https:\/\/api.w.org\/{rel}","templated":true}]}}