{"id":588,"date":"2009-03-26T08:34:28","date_gmt":"2009-03-26T07:34:28","guid":{"rendered":"http:\/\/www.sanseverinolucano.com\/?p=588"},"modified":"2014-06-18T08:35:03","modified_gmt":"2014-06-18T06:35:03","slug":"a-san-severino-lucano-il-primo-weekend-di-aprile-la-dodicesima-edizione-della-coppa-delle-nevi","status":"publish","type":"post","link":"http:\/\/www.sanseverinolucano.com\/?p=588","title":{"rendered":"A San Severino Lucano il primo weekend di aprile la dodicesima edizione della \u201cCoppa delle Nevi\u201d"},"content":{"rendered":"<div class=\"sopra\"><\/div>\n<div style=\"text-align: justify;\">A San Severino Lucano il primo weekend di aprile la dodicesima edizione della \u201cCoppa delle Nevi\u201d gara nazionale di regolarit\u00e0 auto storiche valida per il campionato italiano<\/p>\n<p>Si lavora a San Severino Lucano per la dodicesima edizione della \u201cCoppa delle Nevi\u201d gara nazionale di regolarit\u00e0 auto storiche valida per il campionato italiano in programma il primo weekend di aprile (sabato 4 e domenica 5) Essa sar\u00e0\u00a0 la terza prova del Campionato Italiano di Regolarit\u00e0 Autostoriche C.S.A.I.<br \/>\nLa novit\u00e0 dell\u2019anno \u00e8 che a seguito della Regolarit\u00e0 classica valida per il Campionato Italiano si svolger\u00e0 la regolarit\u00e0 Turistica aperta a tutti coloro che vogliono avvicinarsi a questo tipo di attivit\u00e0 sportiva.<br \/>\nLe due giornate inizieranno con le verifiche tecniche il sabato mattina a San Severino Lucano, da dove, in tarda mattinata si partir\u00e0 alla volta di Mormanno, Rotonda, per salire poi al rifugio Fasanelli\u00a0 a 1600 msl. dove \u00e8 prevista una sosta per il pranzo e la partenza per il ritorno a\u00a0 San Severino per l\u2019arrivo della prima tappa, dopo il passaggio da Pedarrete, Colle Ruggio, Visitone a quota 1600, 1800, 1900 msl.<br \/>\nLa domenica un doppio giro nel cuore del Parco Nazionale del Pollino con arrivo a Bosco Magnano,dopo avere percorso un totale di 180 Km ed affrontato 34 P.C., 9 C.O. 6 C.T., dove \u00e8 previsto il pranzo finale e la premiazione.<br \/>\nLa Gara per la sua tipologia, gara di regolarit\u00e0 a tempi imposti, d\u00e0 la possibilit\u00e0 a tutti i partecipanti di ammirare i panorami e la natura in cui si trovano immersi per due giornate di Sport\u00a0 e di Turismo, oltre alla possibilit\u00e0, durante le soste, di visitare luoghi, che ormai tagliati fuori dai grandi flussi di traffico rischierebbero di essere dimenticati del tutto.<br \/>\n\u201cPrincipale obiettivo di questa amministrazione, dice il sindaco Francesco Fiore \u00e8 lo sviluppo del Settore Turismo attraverso la promozione del territorio e le sue peculiarit\u00e0 ambientali culturali artistiche e paesaggistiche, la Coppa delle Nevi rientra\u00a0 a pieno titolo nelle iniziative destinate a tale fine, i partecipanti alla manifestazione, le loro famiglie e accompagnatori, infatti, aderendo alla gara avranno la possibilit\u00e0 di scoprire i vari \u201cvolti\u201d del nostro territorio e del suo sorprendente patrimonio. L\u2019occasione rappresenta, inoltre, un momento di animazione per le nostre comunit\u00e0, la vitalit\u00e0 del territorio \u00e8 un elemento fondante attraverso il quale si pu\u00f2 migliorare la qualit\u00e0 della vita della nostra popolazione e il senso di appartenenza all\u2019ambiente in cui vive\u201d<br \/>\nLa manifestazione \u00e8 stata accolta con grande simpatia fin dalla sua prima edizione ed \u00e8 stata definita, da pi\u00f9 parti, il \u201cPiccolo Montecarlo del Sud\u201d.<br \/>\nLa bellezza della gara \u00e8 dovuta alle belle strade percorse, con alternanza di panorami montani che catturano l\u2019attenzione dei partecipanti.<br \/>\nDurante la manifestazione sar\u00e0 allestita una sagra dei prodotti DOC del Parco del Pollino .<\/p><\/div>\n","protected":false},"excerpt":{"rendered":"<p>A San Severino Lucano il primo weekend di aprile la dodicesima edizione della \u201cCoppa delle Nevi\u201d gara nazionale di regolarit\u00e0 auto storiche valida per il campionato italiano Si lavora a San Severino Lucano per la dodicesima edizione della \u201cCoppa delle&hellip; <\/p>\n","protected":false},"author":1,"featured_media":0,"comment_status":"open","ping_status":"open","sticky":false,"template":"","format":"standard","meta":{"footnotes":""},"categories":[1],"tags":[],"class_list":["post-588","post","type-post","status-publish","format-standard","hentry","category-gen"],"_links":{"self":[{"href":"http:\/\/www.sanseverinolucano.com\/index.php?rest_route=\/wp\/v2\/posts\/588","targetHints":{"allow":["GET"]}}],"collection":[{"href":"http:\/\/www.sanseverinolucano.com\/index.php?rest_route=\/wp\/v2\/posts"}],"about":[{"href":"http:\/\/www.sanseverinolucano.com\/index.php?rest_route=\/wp\/v2\/types\/post"}],"author":[{"embeddable":true,"href":"http:\/\/www.sanseverinolucano.com\/index.php?rest_route=\/wp\/v2\/users\/1"}],"replies":[{"embeddable":true,"href":"http:\/\/www.sanseverinolucano.com\/index.php?rest_route=%2Fwp%2Fv2%2Fcomments&post=588"}],"version-history":[{"count":1,"href":"http:\/\/www.sanseverinolucano.com\/index.php?rest_route=\/wp\/v2\/posts\/588\/revisions"}],"predecessor-version":[{"id":589,"href":"http:\/\/www.sanseverinolucano.com\/index.php?rest_route=\/wp\/v2\/posts\/588\/revisions\/589"}],"wp:attachment":[{"href":"http:\/\/www.sanseverinolucano.com\/index.php?rest_route=%2Fwp%2Fv2%2Fmedia&parent=588"}],"wp:term":[{"taxonomy":"category","embeddable":true,"href":"http:\/\/www.sanseverinolucano.com\/index.php?rest_route=%2Fwp%2Fv2%2Fcategories&post=588"},{"taxonomy":"post_tag","embeddable":true,"href":"http:\/\/www.sanseverinolucano.com\/index.php?rest_route=%2Fwp%2Fv2%2Ftags&post=588"}],"curies":[{"name":"wp","href":"https:\/\/api.w.org\/{rel}","templated":true}]}}