{"id":605,"date":"2009-05-22T11:33:20","date_gmt":"2009-05-22T09:33:20","guid":{"rendered":"http:\/\/www.sanseverinolucano.com\/?p=605"},"modified":"2014-06-18T11:33:57","modified_gmt":"2014-06-18T09:33:57","slug":"mons-nole-in-visita-pastorale-a-san-severino-lucano","status":"publish","type":"post","link":"http:\/\/www.sanseverinolucano.com\/?p=605","title":{"rendered":"Mons. Nol\u00e8 in visita pastorale a San Severino Lucano"},"content":{"rendered":"<div class=\"sopra\"><\/div>\n<div style=\"text-align: justify;\">Una settimana ricca di appuntamenti a San Severino Lucano dove da mercoled\u00ec scorso (20 maggio) \u00e8 in corso la visita pastorale di Monsignor Francesco Nol\u00e8, vescovo della diocesi di Tursi Lagonegro. Domani mattina (sabato 23 maggio), tra le altre cose, sar\u00e0 consegnato alla famiglia di Antonio Ciancio un attestato di benemerenza e domenica pomeriggio (24 maggio) sar\u00e0 presentato il libro \u201cIL VIOLINISTA\u201d di Angelica Lo Duca. Dicevamo \u00e8 a San Severino Lucano Mons. Nol\u00e8, il presule dopo essere stato accolto in Piazza dalla comunit\u00e0 e dal parroco don Nicola Modarelli, dal sindaco Franco Fiore, e da don Camillo Perrone, ha iniziato la sua Visita durante la quale alle celebrazioni officiate in paese e nelle aree rurali sta alternando incontri con gli Operatori Pastorali, le scuole, gli ammalati, il consiglio comunale, le istituzioni Civili e Militari, le associazioni ecclesiali, e quotidiani incontri personali con la gente di San Severino Lucano. Domani sera (23 maggio) la scuola catechistica allieter\u00e0 la serata del vescovo con un Recital al salone parrocchiale, la visita si concluder\u00e0 domenica con il conferimento del Sacramento della Cresima. Ma per i sanseverinesi gli impegni del fine settimana non sono solo quelli messi in programma dalle parrocchie. Domani mattina \u00e8 prevista una seduta del consiglio comunale durante la quale sar\u00e0 conferito un attestato di benemerenza ai familiari di Antonio Ciancio (nato a San Severino il 17\/08\/1932 e deceduto a Castrovillari il 19\/11\/2006), l\u2019iniziativa vuol essere un segnale tangibile di riconoscenza verso un cittadino che ha avuto un particolare legame con la sua comunit\u00e0 di origine, legame che lo ha portato a fare una serie di indagini e ricerche storiche per individuare lo stemma originale del comune. Domenica pomeriggio alle ore 17,00 al centro visite sar\u00e0 presentato il libro di Angelica Lo Duca \u201cil violinista\u201d l\u2019autrice, classe 1983, si \u00e8 laureata in Ingegneria Informatica presso l\u2019Universit\u00e0 di Pisa nel 2007 dove attualmente \u00e8 studentessa di dottorato di ricerca in Ingegneria dell\u2019informazione elettronica, informatica e telecomunicazioni. Il Violinista \u00e8 la sua prima opera. Alla presentazione oltre all\u2019autrice, parteciperanno il sindaco Fiore, il presidente della Pro Loco Antonio Provenzano, il giornalista Rai Luigi Di Lauro e la dottoressa Gabriella Conte.<\/div>\n","protected":false},"excerpt":{"rendered":"<p>Una settimana ricca di appuntamenti a San Severino Lucano dove da mercoled\u00ec scorso (20 maggio) \u00e8 in corso la visita pastorale di Monsignor Francesco Nol\u00e8, vescovo della diocesi di Tursi Lagonegro. Domani mattina (sabato 23 maggio), tra le altre cose,&hellip; <\/p>\n","protected":false},"author":1,"featured_media":0,"comment_status":"open","ping_status":"open","sticky":false,"template":"","format":"standard","meta":{"footnotes":""},"categories":[1],"tags":[],"class_list":["post-605","post","type-post","status-publish","format-standard","hentry","category-gen"],"_links":{"self":[{"href":"http:\/\/www.sanseverinolucano.com\/index.php?rest_route=\/wp\/v2\/posts\/605","targetHints":{"allow":["GET"]}}],"collection":[{"href":"http:\/\/www.sanseverinolucano.com\/index.php?rest_route=\/wp\/v2\/posts"}],"about":[{"href":"http:\/\/www.sanseverinolucano.com\/index.php?rest_route=\/wp\/v2\/types\/post"}],"author":[{"embeddable":true,"href":"http:\/\/www.sanseverinolucano.com\/index.php?rest_route=\/wp\/v2\/users\/1"}],"replies":[{"embeddable":true,"href":"http:\/\/www.sanseverinolucano.com\/index.php?rest_route=%2Fwp%2Fv2%2Fcomments&post=605"}],"version-history":[{"count":1,"href":"http:\/\/www.sanseverinolucano.com\/index.php?rest_route=\/wp\/v2\/posts\/605\/revisions"}],"predecessor-version":[{"id":606,"href":"http:\/\/www.sanseverinolucano.com\/index.php?rest_route=\/wp\/v2\/posts\/605\/revisions\/606"}],"wp:attachment":[{"href":"http:\/\/www.sanseverinolucano.com\/index.php?rest_route=%2Fwp%2Fv2%2Fmedia&parent=605"}],"wp:term":[{"taxonomy":"category","embeddable":true,"href":"http:\/\/www.sanseverinolucano.com\/index.php?rest_route=%2Fwp%2Fv2%2Fcategories&post=605"},{"taxonomy":"post_tag","embeddable":true,"href":"http:\/\/www.sanseverinolucano.com\/index.php?rest_route=%2Fwp%2Fv2%2Ftags&post=605"}],"curies":[{"name":"wp","href":"https:\/\/api.w.org\/{rel}","templated":true}]}}