{"id":678,"date":"2009-07-30T15:30:15","date_gmt":"2009-07-30T13:30:15","guid":{"rendered":"http:\/\/www.sanseverinolucano.com\/?p=678"},"modified":"2014-06-19T15:31:06","modified_gmt":"2014-06-19T13:31:06","slug":"2023-agosto-2009-pollino-sky-festival-san-severino-lucano","status":"publish","type":"post","link":"http:\/\/www.sanseverinolucano.com\/?p=678","title":{"rendered":"20\/23 agosto 2009 &#8211; Pollino Sky Festival &#8211; San Severino Lucano"},"content":{"rendered":"<div class=\"sopra\"><\/div>\n<div class=\"giustificato\">\n<div style=\"text-align: justify;\">A San Severino Lucano (PZ), promosso dal Centro Ricerche Astronomiche &#8220;I. Newton&#8221; di Lecce e ideato dal socio Ferdinando De Micco, ha l&#8217;obiettivo di avvicinare alle bellezze dell&#8217;Universo e coinvolgere emotivamente il grande pubblico in attivit\u00e0 senso &#8211; percettive.<\/div>\n<div style=\"text-align: center; font-weight: bold;\">20\/23 agosto 2009<br \/>\n&#8211; Pollino Sky Festival &#8211;<br \/>\nSan Severino Lucano (Pz)<br \/>\nLocalit\u00e0 Cresta Madonna di Pollino, (quota mt. 1536 s.l.m.)<\/div>\n<p><br style=\"font-weight: bold;\" \/><\/p>\n<div style=\"text-align: justify;\">\u00a0L\u2019evento, promosso dal Centro Ricerche Astronomiche \u201cI. Newton\u201d di Lecce e ideato dal socio Ferdinando De Micco, ha l\u2019obiettivo di avvicinare alle bellezze dell\u2019Universo e coinvolgere emotivamente il grande pubblico in attivit\u00e0, senso \u2013 percettive. Questa nuova edizione del Pollino Sky Festival, dopo la precedente esperienza pilota dello scorso anno,si svolger\u00e0 in localit\u00e0 Madonna cresta del Pollino, posta a quota a quota 1536 m.s.l. e vedr\u00e0 la partecipazione di un gruppo di non vedenti, provenienti da ogni parte d\u2019Italia,e che saranno coinvolti in attivit\u00e0 di radioascolto del Sole grazie all\u2019utilizzo di apposita strumentazione gestita da Michele Maliardi, appassionato radio astronomo.. I radioascolti saranno alternati da brani musicali eseguiti da un quintetto d\u2019archi tratti dal repertorio classico, per onorare la figura del musicista Gregorio Strozzi, nato a San Severino Lucano nel 1615. La realizzazione di tale iniziativa si \u00e8 resa possibile, grazie alla collaborazione del Comune di San Severino Lucano e della locale Pro Loco.La collaborazione ventennale che lega l\u2019amministrazione del Comune di San Severino Lucano al C.R.A. di Lecce, ha creato a livello nazionale una di quelle poche esperienze che coniugano la fruizione delle bellezze naturalistiche del Parco Nazionale del Pollino alla offerta di servizi scientifici-culturali e di accoglienza.<\/p>\n<div style=\"text-align: center;\">\u00a0<span style=\"font-weight: bold;\">PROGRAMMA <\/span><\/div>\n<p>Giovedi 20 agosto:<\/p>\n<p>ore 09\/12 arrivo dei partecipanti e fruizione dei servizi di accoglienza.<br \/>\nore 17,00 incontro pubblico: Anno Internazionale dell\u2019Astronomia e Parco Naz. Del Pollino, attivit\u00e0 svolte e proposte future.<br \/>\nore 22,00 osservazioni per astrofili e per il pubblico, in localit\u00e0 differenti, (Cresta Madonna del Pollino e campo sportivo).<\/p>\n<p>Venerdi 21 agosto<\/p>\n<p>ore 5,00 &#8211; PARTENZA per aa serra Dolcedorme, che con i suoi 2.267 m d\u2019altitudine, costituisce la cima pi\u00f9 elevata del massiccio del Pollino, cuore dell&#8217;omonimo Parco Nazionale e dove saranno svolte osservazione astronomiche amatoriali del Sole, nella regione dell\u2019infrarosso utilizzando un ricevitore IR sperimentale. La durata dell\u2019escursione per la Serra Dolcedorme \u00e8 prevista in circa 12 ore(circa 9 ore il tragitto di andata e ritorno).<br \/>\nore 22,00 osservazioni per astrofili, in localit\u00e0 Madonna cresta del Pollino e\/o campo sportivo).<\/p>\n<p>Sabato 22 agosto<br \/>\nore 15,00 in localit\u00e0 cresta Madonna del Pollino, attivit\u00e0 di radioascolto del Sole, grazie all\u2019utilizzo di apposita strumentazione (antenna HORN a 42GHz collegata ad un ricevitore e ad un modulatore di tono)gestita da Michele Mallardi.. I radioascolti saranno alternati da brani musicali eseguiti da un quintetto d\u2019archi tratti dal repertorio classico, per onorare la figura del musicista Gregorio Strozzi,<br \/>\nore 22,00 osservazioni per astrofili, in localit\u00e0 Madonna cresta del Pollino e\/o campo sportivo).<\/p>\n<p>Domenica 23 agosto ore 10,00 Saluti e conclusioni<\/p><\/div>\n<\/div>\n<p>&nbsp;<\/p>\n","protected":false},"excerpt":{"rendered":"<p>A San Severino Lucano (PZ), promosso dal Centro Ricerche Astronomiche &#8220;I. Newton&#8221; di Lecce e ideato dal socio Ferdinando De Micco, ha l&#8217;obiettivo di avvicinare alle bellezze dell&#8217;Universo e coinvolgere emotivamente il grande pubblico in attivit\u00e0 senso &#8211; percettive. 20\/23&hellip; <\/p>\n","protected":false},"author":1,"featured_media":0,"comment_status":"open","ping_status":"open","sticky":false,"template":"","format":"standard","meta":{"footnotes":""},"categories":[1],"tags":[],"class_list":["post-678","post","type-post","status-publish","format-standard","hentry","category-gen"],"_links":{"self":[{"href":"http:\/\/www.sanseverinolucano.com\/index.php?rest_route=\/wp\/v2\/posts\/678","targetHints":{"allow":["GET"]}}],"collection":[{"href":"http:\/\/www.sanseverinolucano.com\/index.php?rest_route=\/wp\/v2\/posts"}],"about":[{"href":"http:\/\/www.sanseverinolucano.com\/index.php?rest_route=\/wp\/v2\/types\/post"}],"author":[{"embeddable":true,"href":"http:\/\/www.sanseverinolucano.com\/index.php?rest_route=\/wp\/v2\/users\/1"}],"replies":[{"embeddable":true,"href":"http:\/\/www.sanseverinolucano.com\/index.php?rest_route=%2Fwp%2Fv2%2Fcomments&post=678"}],"version-history":[{"count":1,"href":"http:\/\/www.sanseverinolucano.com\/index.php?rest_route=\/wp\/v2\/posts\/678\/revisions"}],"predecessor-version":[{"id":679,"href":"http:\/\/www.sanseverinolucano.com\/index.php?rest_route=\/wp\/v2\/posts\/678\/revisions\/679"}],"wp:attachment":[{"href":"http:\/\/www.sanseverinolucano.com\/index.php?rest_route=%2Fwp%2Fv2%2Fmedia&parent=678"}],"wp:term":[{"taxonomy":"category","embeddable":true,"href":"http:\/\/www.sanseverinolucano.com\/index.php?rest_route=%2Fwp%2Fv2%2Fcategories&post=678"},{"taxonomy":"post_tag","embeddable":true,"href":"http:\/\/www.sanseverinolucano.com\/index.php?rest_route=%2Fwp%2Fv2%2Ftags&post=678"}],"curies":[{"name":"wp","href":"https:\/\/api.w.org\/{rel}","templated":true}]}}