{"id":754,"date":"2010-08-26T14:19:43","date_gmt":"2010-08-26T12:19:43","guid":{"rendered":"http:\/\/www.sanseverinolucano.com\/?p=754"},"modified":"2014-06-20T14:20:10","modified_gmt":"2014-06-20T12:20:10","slug":"laboratorio-di-pittura-con-lartista-de-blasio-dal-26-al-29-agosto","status":"publish","type":"post","link":"http:\/\/www.sanseverinolucano.com\/?p=754","title":{"rendered":"LABORATORIO DI PITTURA CON L\u2019ARTISTA DE BLASIO DAL 26 AL 29 AGOSTO"},"content":{"rendered":"<div class=\"divider\"><\/div>\n<div class=\"sopra\"><\/div>\n<div class=\"giustificato\">\n<div style=\"text-align: justify;\">Si chiama \u201csegno, oggetto, memoria\u201dil laboratorio di pittura che inizier\u00e0 il 26<span style=\"font-size: small;\"><span style=\"font-family: Arial;\"> agosto a San Severino Lucano, curato dall\u2019artista Luigi Athos De Blasio. In quattro giorni (26-29 agosto) il gruppo di adulti, che, guidati dall\u2019artista si cimenteranno nella realizzazione di un\u2019opera d\u2019arte partendo da un oggetto legato alla memoria. La manifestazione \u00e8 organizzata dall\u2019Associazione culturale ArtePollino, nata nell\u2019ambito del progetto omonimo, promosso da Regione Basilicata in collaborazione con il Ministero per i Beni e le Attivit\u00e0 Culturali, il Ministero per lo Sviluppo Economico e la Fondazione La Biennale di Venezia, per divulgare il progetto ed avvicinare grandi e piccoli ai vari linguaggi dell\u2019arte contemporanea. L\u2019iniziativa rientra nel vasto cartellone di appuntamenti di animazione e promozione messo in campo dall\u2019amministrazione comunale di San Severino Lucano, guidata da Saverio De Stefano. Il laboratorio sar\u00e0 aperto tutti i pomeriggi dalle ore 15.00 alle 20.00, presso il comune di San Severino Lucano. L\u2019artista \u00e8 originario di Latronico (PZ), ma vive e lavora a Roma ormai da diversi anni; nelle sue opere \u00e8 possibile osservare come ogni oggetto in s\u00e9 muta di significato, tutto diventa barocco, carico e surreale, una volta passato attraverso la coscienza e l\u2019estetica dell\u2019artista. La sua \u00e8 una pittura mentale e ogni oggetto acquista solitudine nei suoi quadri perch\u00e9 non \u00e8 la realt\u00e0 ad interessarlo, ma la sua rappre<\/span><\/span>sentazione.<\/div>\n<\/div>\n<p>&nbsp;<\/p>\n","protected":false},"excerpt":{"rendered":"<p>Si chiama \u201csegno, oggetto, memoria\u201dil laboratorio di pittura che inizier\u00e0 il 26 agosto a San Severino Lucano, curato dall\u2019artista Luigi Athos De Blasio. In quattro giorni (26-29 agosto) il gruppo di adulti, che, guidati dall\u2019artista si cimenteranno nella realizzazione di&hellip; <\/p>\n","protected":false},"author":1,"featured_media":0,"comment_status":"open","ping_status":"open","sticky":false,"template":"","format":"standard","meta":{"footnotes":""},"categories":[1],"tags":[],"class_list":["post-754","post","type-post","status-publish","format-standard","hentry","category-gen"],"_links":{"self":[{"href":"http:\/\/www.sanseverinolucano.com\/index.php?rest_route=\/wp\/v2\/posts\/754","targetHints":{"allow":["GET"]}}],"collection":[{"href":"http:\/\/www.sanseverinolucano.com\/index.php?rest_route=\/wp\/v2\/posts"}],"about":[{"href":"http:\/\/www.sanseverinolucano.com\/index.php?rest_route=\/wp\/v2\/types\/post"}],"author":[{"embeddable":true,"href":"http:\/\/www.sanseverinolucano.com\/index.php?rest_route=\/wp\/v2\/users\/1"}],"replies":[{"embeddable":true,"href":"http:\/\/www.sanseverinolucano.com\/index.php?rest_route=%2Fwp%2Fv2%2Fcomments&post=754"}],"version-history":[{"count":1,"href":"http:\/\/www.sanseverinolucano.com\/index.php?rest_route=\/wp\/v2\/posts\/754\/revisions"}],"predecessor-version":[{"id":755,"href":"http:\/\/www.sanseverinolucano.com\/index.php?rest_route=\/wp\/v2\/posts\/754\/revisions\/755"}],"wp:attachment":[{"href":"http:\/\/www.sanseverinolucano.com\/index.php?rest_route=%2Fwp%2Fv2%2Fmedia&parent=754"}],"wp:term":[{"taxonomy":"category","embeddable":true,"href":"http:\/\/www.sanseverinolucano.com\/index.php?rest_route=%2Fwp%2Fv2%2Fcategories&post=754"},{"taxonomy":"post_tag","embeddable":true,"href":"http:\/\/www.sanseverinolucano.com\/index.php?rest_route=%2Fwp%2Fv2%2Ftags&post=754"}],"curies":[{"name":"wp","href":"https:\/\/api.w.org\/{rel}","templated":true}]}}